{"id":522,"date":"2012-07-11T17:13:29","date_gmt":"2012-07-11T17:13:29","guid":{"rendered":"http:\/\/www.eloriente.net\/home\/?p=522"},"modified":"2015-11-10T12:56:59","modified_gmt":"2015-11-10T18:56:59","slug":"mexico-presidente-pro-tempore-del-sistema-mesoamericano-de-salud-publica","status":"publish","type":"post","link":"http:\/\/www.eloriente.net\/home\/2012\/07\/11\/mexico-presidente-pro-tempore-del-sistema-mesoamericano-de-salud-publica\/","title":{"rendered":"M\u00e9xico, presidente pro-t\u00e9mpore del sistema mesoamericano de Salud"},"content":{"rendered":"<p><script async src=\"\/\/pagead2.googlesyndication.com\/pagead\/js\/adsbygoogle.js\"><\/script><br \/>\n<!-- BANNER ELORIENTE INCRUSTADO NOTAS --><br \/>\n<ins class=\"adsbygoogle\"\n     style=\"display:inline-block;width:300px;height:250px\"\n     data-ad-client=\"ca-pub-1136171134853753\"\n     data-ad-slot=\"7974633627\"><\/ins><br \/>\n<script>\n(adsbygoogle = window.adsbygoogle || []).push({});\n<\/script><\/p>\n<div>\n<p>eloriente.net\/ Secretar\u00eda de Salud<\/p>\n<p>9 de julio\/2012<\/p>\n<\/div>\n<ul>\n<li><strong><em>Reunidos en Tela, Honduras, aprobaron el Plan Mesoamericano de Seguridad Vial<\/em><\/strong><strong><em>\u00a0<\/em><\/strong><\/li>\n<\/ul>\n<p>Al reconocer la labor de Honduras como Presidente saliente del Sistema Mesoamericano, M\u00e9xico destac\u00f3 la importancia de contar con el Sistema como un foro de discusi\u00f3n de las pol\u00edticas de salud p\u00fablica en la regi\u00f3n para identificar cu\u00e1les son las prioridades y retos que enfrenta la misma; as\u00ed como contar con un proyecto de colaboraci\u00f3n regional a largo plazo.<\/p>\n<p>El Sistema Mesoamericano de Salud P\u00fablica, conformado por los ministerios de salud de Belice, Colombia, Costa Rica, El Salvador, Guatemala, Honduras, Nicaragua, Panam\u00e1, Rep\u00fablica Dominicana y M\u00e9xico, busca atender de manera conjunta los principales problemas de salud p\u00fablica de la regi\u00f3n, al mismo tiempo que se fortalece a los sistemas nacionales de salud.<\/p>\n<p>Algunos temas en los que se ha acordado trabajar son salud materna-infantil, vacunaci\u00f3n, dengue y malaria, seguridad vial, tabaquismo y enfermedades cr\u00f3nicas no transmisibles.<\/p>\n<p>Se destac\u00f3 la importancia de continuar avanzando en la consolidaci\u00f3n de este esfuerzo coordinado para mejorar la calidad de vida de la poblaci\u00f3n como elemento fundamental del desarrollo de Mesoam\u00e9rica.<\/p>\n<p>Al asistir a la reuni\u00f3n con la representaci\u00f3n del Secretario de Salud, Salom\u00f3n Chertorivski Woldenberg, el Titular de la Unidad Coordinadora de Vinculaci\u00f3n y Participaci\u00f3n Social, Miguel Lim\u00f3n Garc\u00eda, enfatiz\u00f3 que el Sistema Mesoamericano de Salud P\u00fablica se ha convertido en un mecanismo que refuerza los lazos de cooperaci\u00f3n regional y fortalece las capacidades de los pa\u00edses de la regi\u00f3n.<\/p>\n<p><script async src=\"\/\/pagead2.googlesyndication.com\/pagead\/js\/adsbygoogle.js\"><\/script><br \/>\n<!-- BANNER PEQUE\u00d1O PARA ENTRENOTAS EL ORIENTE --><br \/>\n<ins class=\"adsbygoogle\"\n     style=\"display:inline-block;width:468px;height:60px\"\n     data-ad-client=\"ca-pub-1136171134853753\"\n     data-ad-slot=\"4953536424\"><\/ins><br \/>\n<script>\n(adsbygoogle = window.adsbygoogle || []).push({});\n<\/script><\/p>\n<p>Durante la reuni\u00f3n se hizo menci\u00f3n de los logros obtenidos desde sus or\u00edgenes, en el marco del mecanismo de Tuxtla, que ha permitido que otras instancias se sumen a los proyectos emanados del sistema, como la Iniciativa Salud Mesoam\u00e9rica 2015 que busca atender las necesidades del 20% de la poblaci\u00f3n m\u00e1s pobre de la regi\u00f3n.<\/p>\n<p>El Sistema Mesoamericano de Salud P\u00fablica tambi\u00e9n permite a la regi\u00f3n atender temas nuevos de la agenda internacional de salud como la seguridad vial que ocasiona al a\u00f1o a nivel mundial 1.2 millones de muertes por accidentes constituy\u00e9ndose, para 2030, en la quinta causal de muerte.<\/p>\n<p>Con la firma de los representantes de las m\u00e1ximas autoridades de salud de la regi\u00f3n suscribieron el Programa Mesoamericano de Seguridad Vial se atiende el llamado del \u201cDecenio de Acci\u00f3n para la Seguridad Vial 2011-2020\u201d lanzado por las Naciones Unidas en 2009 que busca reducir las cifras previstas de fallecimientos por accidentes de tr\u00e1nsito en el mundo. Una vez que las autoridades regionales de transporte hayan firmado el Programa ser\u00e1 el primer documento generado por una regi\u00f3n para atender este importante problema de salud p\u00fablica.<\/p>\n<p>Foto: D. R.\u00a0<a href=\"http:\/\/www.flickr.com\/photos\/gusdrinks\/\">gusdrinks<\/a><\/p>\n<p><a href=\"http:\/\/www.eloriente.net\/home\/wp-content\/uploads\/2012\/07\/Seguridad-vial-flickr.jpg\"><img loading=\"lazy\" decoding=\"async\" class=\"size-full wp-image-580 alignleft\" title=\"Seguridad vial flickr\" src=\"http:\/\/www.eloriente.net\/home\/wp-content\/uploads\/2012\/07\/Seguridad-vial-flickr.jpg\" alt=\"\" width=\"500\" height=\"371\" srcset=\"http:\/\/www.eloriente.net\/home\/wp-content\/uploads\/2012\/07\/Seguridad-vial-flickr.jpg 500w, http:\/\/www.eloriente.net\/home\/wp-content\/uploads\/2012\/07\/Seguridad-vial-flickr-300x222.jpg 300w\" sizes=\"(max-width: 500px) 100vw, 500px\" \/><\/a><\/p>\n\n\t\t\t  <div \n\t\t\t  \tclass = \"fb-comments\" \n\t\t\t  \tdata-href = \"http:\/\/www.eloriente.net\/home\/2012\/07\/11\/mexico-presidente-pro-tempore-del-sistema-mesoamericano-de-salud-publica\/\"\n\t\t\t  \tdata-numposts = \"10\"\n\t\t\t\tdata-colorscheme = \"dark\"\n\t\t\t\tdata-order-by = \"social\"\n\t\t\t\tdata-mobile=true>\n\t\t\t  <\/div>\n\t\t  <style>\n\t\t\t.fb_iframe_widget_fluid_desktop iframe {\n\t\t\t    width: 100% !important;\n\t\t\t}\n\t\t  <\/style>\n\t\t  ","protected":false},"excerpt":{"rendered":"<p>eloriente.net\/ Secretar\u00eda de Salud 9 de julio\/2012 Reunidos en Tela, Honduras, aprobaron el Plan Mesoamericano de Seguridad Vial\u00a0 Al reconocer la labor de Honduras como Presidente saliente del Sistema Mesoamericano, M\u00e9xico destac\u00f3 la importancia de contar con el Sistema como un foro de discusi\u00f3n de las pol\u00edticas de salud p\u00fablica en la regi\u00f3n para identificar [&hellip;]<\/p>\n","protected":false},"author":1,"featured_media":580,"comment_status":"open","ping_status":"open","sticky":false,"template":"","format":"standard","meta":{"_jetpack_memberships_contains_paid_content":false,"footnotes":""},"categories":[32,10,30],"tags":[],"class_list":["post-522","post","type-post","status-publish","format-standard","has-post-thumbnail","hentry","category-entradas","category-lo-mas-reciente","category-salud"],"jetpack_featured_media_url":"http:\/\/www.eloriente.net\/home\/wp-content\/uploads\/2012\/07\/Seguridad-vial-flickr.jpg","jetpack_sharing_enabled":true,"_links":{"self":[{"href":"http:\/\/www.eloriente.net\/home\/wp-json\/wp\/v2\/posts\/522"}],"collection":[{"href":"http:\/\/www.eloriente.net\/home\/wp-json\/wp\/v2\/posts"}],"about":[{"href":"http:\/\/www.eloriente.net\/home\/wp-json\/wp\/v2\/types\/post"}],"author":[{"embeddable":true,"href":"http:\/\/www.eloriente.net\/home\/wp-json\/wp\/v2\/users\/1"}],"replies":[{"embeddable":true,"href":"http:\/\/www.eloriente.net\/home\/wp-json\/wp\/v2\/comments?post=522"}],"version-history":[{"count":5,"href":"http:\/\/www.eloriente.net\/home\/wp-json\/wp\/v2\/posts\/522\/revisions"}],"predecessor-version":[{"id":40374,"href":"http:\/\/www.eloriente.net\/home\/wp-json\/wp\/v2\/posts\/522\/revisions\/40374"}],"wp:featuredmedia":[{"embeddable":true,"href":"http:\/\/www.eloriente.net\/home\/wp-json\/wp\/v2\/media\/580"}],"wp:attachment":[{"href":"http:\/\/www.eloriente.net\/home\/wp-json\/wp\/v2\/media?parent=522"}],"wp:term":[{"taxonomy":"category","embeddable":true,"href":"http:\/\/www.eloriente.net\/home\/wp-json\/wp\/v2\/categories?post=522"},{"taxonomy":"post_tag","embeddable":true,"href":"http:\/\/www.eloriente.net\/home\/wp-json\/wp\/v2\/tags?post=522"}],"curies":[{"name":"wp","href":"https:\/\/api.w.org\/{rel}","templated":true}]}}