{"id":52289,"date":"2018-01-22T01:14:48","date_gmt":"2018-01-22T07:14:48","guid":{"rendered":"http:\/\/www.eloriente.net\/home\/?p=52289"},"modified":"2018-01-22T09:09:38","modified_gmt":"2018-01-22T15:09:38","slug":"la-cultura-bienes-culturales-reconstruir-respeto-juan-pablo-vasconcelos","status":"publish","type":"post","link":"http:\/\/www.eloriente.net\/home\/2018\/01\/22\/la-cultura-bienes-culturales-reconstruir-respeto-juan-pablo-vasconcelos\/","title":{"rendered":"ES LA CULTURA. Bienes culturales: reconstruir por respeto. Por Juan Pablo Vasconcelos"},"content":{"rendered":"<p><script src=\"\/\/pagead2.googlesyndication.com\/pagead\/js\/adsbygoogle.js\" async=\"\"><\/script><!-- BANNER ELORIENTE INCRUSTADO NOTAS --> <ins class=\"adsbygoogle\" style=\"display: inline-block; width: 300px; height: 250px;\" data-ad-client=\"ca-pub-1136171134853753\" data-ad-slot=\"7974633627\"><\/ins><script>\/\/ <![CDATA[\n(adsbygoogle = window.adsbygoogle || []).push({});\n\/\/ ]]><\/script><\/p>\n<p style=\"text-align: right;\"><em>Reconstrucci\u00f3n Patrimonio Cultural<\/em><\/p>\n<p style=\"text-align: right;\"><em>\u201cLos monumentos hist\u00f3ricos tienen un significado com\u00fan y, a veces, personal\u00edsimo.<\/em><\/p>\n<p style=\"text-align: right;\"><em>Por los terremotos de septiembre, se da\u00f1aron en M\u00e9xico 1,452.<\/em><\/p>\n<p style=\"text-align: right;\"><em>Pueden multiplicarse por miles, entonces, las historias personales intervenidas, da\u00f1adas, transformadas para siempre\u201d.<\/em><\/p>\n<p style=\"text-align: left;\"><strong>Bienes culturales: reconstruir por respeto<\/strong><\/p>\n<p>(www.eloriente.net, M\u00e9xico, a 22 de enero de 2018, por: Juan Pablo Vasconcelos @JPVmx).- \u00a0Deb\u00edamos esquivar los puestos de ropa tendidos a lo largo y ancho de la plaza. No es que estuviera bien la disposici\u00f3n de tantas vendedoras sentadas en el suelo y los estrechos e intrincados pasillos para llegar hasta la puerta de Catedral, pero daba la impresi\u00f3n \u2014por la ca\u00edda de la niebla, la oscuridad que va apoder\u00e1ndose de los rincones, las peque\u00f1as l\u00e1mparas como luci\u00e9rnagas alumbrando la mercanc\u00eda y las voces en lenguas y dialectos desconocidos para nosotros\u2014 de que est\u00e1bamos, en ese momento, cambiando de siglo.<\/p>\n<p>Era recrear alg\u00fan antiguo tianguis perdido en el tiempo. Se dispon\u00edan prendas hiladas con rudeza, rollos de m\u00faltiples mu\u00f1ecas esperando alg\u00fan entusiasmo infantil para animarse, los rostros de las vendedoras sin prisa, sin la ansiedad de los comerciantes de nuestro tiempo, m\u00e1s ocupados en competir que en vivir.<\/p>\n<p>All\u00ed, en San Crist\u00f3bal de las Casas, persiste una pol\u00e9mica grande por la ocupaci\u00f3n masiva de plazas y callejas por parte de vendedores ambulantes. Incluso, hace poco tiempo, decenas de personas firmaron una petici\u00f3n a las autoridades para actuar con prontitud, antes de que la ciudad perdiera \u201csu encanto\u201d, mezcla de pueblo de monta\u00f1a y centro de una cultura diversa, admirable, abrumadora.<\/p>\n<p>Sin embargo, las personas van ocupando los espacios que consideran necesarios para sobrevivir y todo lo ajeno (como las expectativas econ\u00f3micas y los gustos tur\u00edsticos) resulta discurso de otras clases. Al fin y al cabo, ellos participan poco de los beneficios y nadie se toma la molestia de explicarles, ni de hacerles sabedores de las supuestas ventajas del \u201cdesarrollo econ\u00f3mico\u201d.<\/p>\n<p>Esa tarde-noche, al fondo de la plaza, a pesar del fr\u00edo, unos j\u00f3venes descamisados bailaban danzas prehisp\u00e1nicas. Los plumajes hac\u00edan un contraste luminoso con el cielo oscuro. El incienso se ve\u00eda poco, pero se colaba por el cabello de las personas, dej\u00e1ndoles su rastro perfumado para siempre.<\/p>\n<p>En los tianguis prehisp\u00e1nicos, de hecho, adem\u00e1s de actos de trueque, tambi\u00e9n se efectuaban rituales y puniciones. Pascale Villegas recuerda en un art\u00edculo en la revista Estudios Mesoamericanos (Nueva \u00e9poca 8, enero-junio, 2010):<\/p>\n<p>\u201cLa iglesia, por su parte, no pas\u00f3 por alto la ventaja de tener reunidas a tantas personas; de modo que plant\u00f3 y estableci\u00f3 la catedral junto al mercado (como en Europa) y reemplaz\u00f3 las reliquias prehisp\u00e1nicas erguidas en el momoxtli del tianguis por un predicador\u201d.<\/p>\n<p>La catedral junto al mercado y no al rev\u00e9s.<\/p>\n<p>En este caso, la Catedral de San Crist\u00f3bal, como casi todos los monumentos hist\u00f3ricos religiosos de importancia en la ciudad, se encuentran cerrados, debido a la destrucci\u00f3n ocasionada por los terremotos del pasado septiembre. L\u00e1minas y letreros impiden el paso de visitantes y sorprende ver campanarios apunto de venirse abajo, grietas inocultables, una fragilidad estructural generalizada.<\/p>\n<h2><strong>Miles de inmuebles culturales afectados<\/strong><\/h2>\n<p>En todo el pa\u00eds, 1452 inmuebles de valor cultural se vieron afectados por los sismos. Oaxaca cuenta con mayor n\u00famero (284), pero fueron los inmuebles del estado de Morelos los que presentan el da\u00f1o m\u00e1s grave (48% de sus inmuebles tienen ese grado de afectaci\u00f3n). En todo el pa\u00eds, 28 zonas arqueol\u00f3gicas y 25 museos y centros culturales, necesitan de intervenci\u00f3n.<\/p>\n<p>Para nadie resultan ahora sorpresivos estos n\u00fameros. Cuando se los compart\u00ed a un querido amigo, me respondi\u00f3: \u201cdeja eso, antes estamos vivos\u201d. Pero luego, ya en el hilo de la conversaci\u00f3n, repasamos los inmuebles afectados en nuestra ciudad (Oaxaca) y nos percatamos de c\u00f3mo ciertas historias, propias o familiares, se resent\u00edan debido a las afectaciones del desastre. Barrios tradicionales de la ciudad, que durante d\u00e9cadas establecieron su actividad comunitaria alrededor de ciertos templos, por ejemplo, hoy vislumbran la destrucci\u00f3n de esos monumentos como una met\u00e1fora de su propia vida: \u201cSi el templo es tan fr\u00e1gil, c\u00f3mo no lo seremos nosotros\u201d.<\/p>\n<p>Las familias y vecinos han debido modificar en no pocos casos sus rutinas cotidianas, e incluso, suspender sus reuniones o convivencias para mejores tiempos. As\u00ed comienzan \u2014ustedes y yo lo sabemos\u2014 a generarse los distanciamientos, los grandes lapsos de tiempo sin conversar con amigos o conocidos, a destruirse las relaciones humanas.<\/p>\n<p>Entonces, el valor de estos inmuebles \u2014adem\u00e1s de su reconocimiento hist\u00f3rico, art\u00edstico o cultural\u2014 es simb\u00f3lico, pues durante generaciones han representado una referencia del lugar en que vivimos e incluso de las generaciones de las que descendemos.<\/p>\n<p>El Manual de referencia para la gesti\u00f3n de riesgos de desastres para el patrimonio mundial (UNESCO\/ICCROM\/ICOMOS\/UICM, 2014), a la pregunta: \u00bfC\u00f3mo puede un bien del patrimonio desempe\u00f1ar un papel m\u00e1s activo en la recuperaci\u00f3n y rehabilitaci\u00f3n despu\u00e9s de un desastre?, responde entre otras cosas: \u201creconociendo que el patrimonio cultural y natural es una fuente de identidad que puede contribuir a la recuperaci\u00f3n psicol\u00f3gica de la v\u00edctimas de los desastres\u201d.<\/p>\n<h2><strong>Reconstrucci\u00f3n patrimonio cultural por respeto<\/strong><\/h2>\n<p>Al salir de San Crist\u00f3bal, nos qued\u00f3 la sensaci\u00f3n de haber estado all\u00ed y, al mismo tiempo, haber visitado una ciudad distinta, inacabada, pendiente de reconstruir. Luego, al llegar a Oaxaca y transitar a un lado de muros apuntalados y barreras en ciertos monumentos, tambi\u00e9n nos dio la impresi\u00f3n de que una parte importante de la reconstrucci\u00f3n est\u00e1 quedando en el olvido: el respeto a la memoria y la identidad de la gente.<\/p>\n<p>Se entiende la urgencia de atender ciertas necesidades de subsistencia. Pero \u00bfqui\u00e9n dice que la identidad no es tambi\u00e9n una necesidad apremiante?<\/p>\n<figure id=\"attachment_52290\" aria-describedby=\"caption-attachment-52290\" style=\"width: 450px\" class=\"wp-caption alignnone\"><a href=\"http:\/\/www.eloriente.net\/home\/wp-content\/uploads\/2018\/01\/fachada-templo-de-la-merced-oaxaca-Imagen-cvc.cervantes.es-reconstruccio\u0301n-patrimonio-cultural.jpg\" rel=\"attachment wp-att-52290\"><img loading=\"lazy\" decoding=\"async\" class=\" wp-image-52290\" src=\"http:\/\/www.eloriente.net\/home\/wp-content\/uploads\/2018\/01\/fachada-templo-de-la-merced-oaxaca-Imagen-cvc.cervantes.es-reconstruccio\u0301n-patrimonio-cultural.jpg\" alt=\"Fachada Templo de la Merced en Oaxaca. Imagen: cvc.cervantes.es\" width=\"450\" height=\"675\" srcset=\"http:\/\/www.eloriente.net\/home\/wp-content\/uploads\/2018\/01\/fachada-templo-de-la-merced-oaxaca-Imagen-cvc.cervantes.es-reconstruccio\u0301n-patrimonio-cultural.jpg 533w, http:\/\/www.eloriente.net\/home\/wp-content\/uploads\/2018\/01\/fachada-templo-de-la-merced-oaxaca-Imagen-cvc.cervantes.es-reconstruccio\u0301n-patrimonio-cultural-200x300.jpg 200w\" sizes=\"(max-width: 450px) 100vw, 450px\" \/><\/a><figcaption id=\"caption-attachment-52290\" class=\"wp-caption-text\"><em>Fachada Templo de la Merced en Oaxaca. Imagen: cvc.cervantes.es<\/em><\/figcaption><\/figure>\n<p><script src=\"\/\/pagead2.googlesyndication.com\/pagead\/js\/adsbygoogle.js\" async=\"\"><\/script><br \/>\n <ins class=\"adsbygoogle\" style=\"display: block;\" data-ad-format=\"autorelaxed\" data-ad-client=\"ca-pub-1136171134853753\" data-ad-slot=\"4595267748\"><\/ins><br \/>\n<script>\/\/ <![CDATA[\n\u00a0\u00a0\u00a0\u00a0\u00a0(adsbygoogle\u00a0=\u00a0window.adsbygoogle\u00a0||\u00a0[]).push({});\n\/\/ ]]><\/script><\/p>\n\n\t\t\t  <div \n\t\t\t  \tclass = \"fb-comments\" \n\t\t\t  \tdata-href = \"http:\/\/www.eloriente.net\/home\/2018\/01\/22\/la-cultura-bienes-culturales-reconstruir-respeto-juan-pablo-vasconcelos\/\"\n\t\t\t  \tdata-numposts = \"10\"\n\t\t\t\tdata-colorscheme = \"dark\"\n\t\t\t\tdata-order-by = \"social\"\n\t\t\t\tdata-mobile=true>\n\t\t\t  <\/div>\n\t\t  <style>\n\t\t\t.fb_iframe_widget_fluid_desktop iframe {\n\t\t\t    width: 100% !important;\n\t\t\t}\n\t\t  <\/style>\n\t\t  ","protected":false},"excerpt":{"rendered":"<p>Reconstrucci\u00f3n Patrimonio Cultural \u201cLos monumentos hist\u00f3ricos tienen un significado com\u00fan y, a veces, personal\u00edsimo. Por los terremotos de septiembre, se da\u00f1aron en M\u00e9xico 1,452. Pueden multiplicarse por miles, entonces, las historias personales intervenidas, da\u00f1adas, transformadas para siempre\u201d. Bienes culturales: reconstruir por respeto (www.eloriente.net, M\u00e9xico, a 22 de enero de 2018, por: Juan Pablo Vasconcelos @JPVmx).- [&hellip;]<\/p>\n","protected":false},"author":13,"featured_media":52290,"comment_status":"open","ping_status":"open","sticky":false,"template":"","format":"standard","meta":{"_jetpack_memberships_contains_paid_content":false,"footnotes":""},"categories":[11,9,32,63,5297,54,23,464,19],"tags":[9024,3246,3747,9023],"class_list":["post-52289","post","type-post","status-publish","format-standard","has-post-thumbnail","hentry","category-colaboradores","category-editorial","category-entradas","category-estados","category-historia","category-juan-pablo-vasconcelos","category-municipios","category-oaxaca-estados","category-turismo-y-negocios","tag-danos-patrimonio-cultural","tag-patrimonio-cultural","tag-patrimonio-cultural-oaxaca","tag-reconstruccion-patrimonio-mundial"],"jetpack_featured_media_url":"http:\/\/www.eloriente.net\/home\/wp-content\/uploads\/2018\/01\/fachada-templo-de-la-merced-oaxaca-Imagen-cvc.cervantes.es-reconstruccio\u0301n-patrimonio-cultural.jpg","jetpack_sharing_enabled":true,"_links":{"self":[{"href":"http:\/\/www.eloriente.net\/home\/wp-json\/wp\/v2\/posts\/52289"}],"collection":[{"href":"http:\/\/www.eloriente.net\/home\/wp-json\/wp\/v2\/posts"}],"about":[{"href":"http:\/\/www.eloriente.net\/home\/wp-json\/wp\/v2\/types\/post"}],"author":[{"embeddable":true,"href":"http:\/\/www.eloriente.net\/home\/wp-json\/wp\/v2\/users\/13"}],"replies":[{"embeddable":true,"href":"http:\/\/www.eloriente.net\/home\/wp-json\/wp\/v2\/comments?post=52289"}],"version-history":[{"count":1,"href":"http:\/\/www.eloriente.net\/home\/wp-json\/wp\/v2\/posts\/52289\/revisions"}],"predecessor-version":[{"id":52291,"href":"http:\/\/www.eloriente.net\/home\/wp-json\/wp\/v2\/posts\/52289\/revisions\/52291"}],"wp:featuredmedia":[{"embeddable":true,"href":"http:\/\/www.eloriente.net\/home\/wp-json\/wp\/v2\/media\/52290"}],"wp:attachment":[{"href":"http:\/\/www.eloriente.net\/home\/wp-json\/wp\/v2\/media?parent=52289"}],"wp:term":[{"taxonomy":"category","embeddable":true,"href":"http:\/\/www.eloriente.net\/home\/wp-json\/wp\/v2\/categories?post=52289"},{"taxonomy":"post_tag","embeddable":true,"href":"http:\/\/www.eloriente.net\/home\/wp-json\/wp\/v2\/tags?post=52289"}],"curies":[{"name":"wp","href":"https:\/\/api.w.org\/{rel}","templated":true}]}}