{"id":52428,"date":"2018-02-01T10:54:39","date_gmt":"2018-02-01T16:54:39","guid":{"rendered":"http:\/\/www.eloriente.net\/home\/?p=52428"},"modified":"2019-09-28T13:46:55","modified_gmt":"2019-09-28T19:46:55","slug":"comunicacion-gobernar-estar-cerca-las-estrategias-proximidad-uso-las-redes-sociales-macri-vidal","status":"publish","type":"post","link":"http:\/\/www.eloriente.net\/home\/2018\/02\/01\/comunicacion-gobernar-estar-cerca-las-estrategias-proximidad-uso-las-redes-sociales-macri-vidal\/","title":{"rendered":"COMUNICACI\u00d3N: \u00abGobernar es estar cerca\u00bb, las estrategias de proximidad en el uso de las redes sociales de Macri  y Vidal"},"content":{"rendered":"<p><script src=\"\/\/pagead2.googlesyndication.com\/pagead\/js\/adsbygoogle.js\" async=\"\"><\/script><!-- BANNER ELORIENTE INCRUSTADO NOTAS --> <ins class=\"adsbygoogle\" style=\"display: inline-block; width: 300px; height: 250px;\" data-ad-client=\"ca-pub-1136171134853753\" data-ad-slot=\"7974633627\"><\/ins><script>\/\/ <![CDATA[ (adsbygoogle = window.adsbygoogle || []).push({}); \/\/ ]]><\/script><\/p>\n<p style=\"text-align: right;\"><em>Uso de las Redes Sociales<\/em><\/p>\n<p>eloriente.net\/Revista Mexicana de Opini\u00f3n P\u00fablica*<\/p>\n<p>1 de febrero de 2018<\/p>\n<h2><strong>\u201cGobernar es estar cerca\u201d.<\/strong><br \/>\n<strong>Las estrategias de proximidad en el uso de las redes<\/strong><br \/>\n<strong>sociales de Mauricio Macri y Mar\u00eda Eugenia Vidal.<\/strong><\/h2>\n<p>Roc\u00edo Annunziata<br \/>\nAndrea Fernanda Ariza<br \/>\nValeria Romina March<\/p>\n<p><strong>Resumen<\/strong><br \/>\nEste art\u00edculo se propone explorar las estrategias de proximidad en el uso de las redes sociales de Mauricio Macri (presidente argentino) y Mar\u00eda Eugenia Vidal (gobernadora de la provincia de Buenos Aires). La investigaci\u00f3n se basa en la elaboraci\u00f3n de un archivo de las publicaciones de ambos dirigentes en sus cuentas oficiales de Facebook, Twitter e Instagram y en un posterior an\u00e1lisis de contenido, el cual clasificamos en cuatro grandes categor\u00edas: ciudadano, \u00edntimo, institucional y pol\u00edtico, bajo la hip\u00f3tesis de que ambos dirigentes privilegian el que llamamos contenido \u201cde proximidad\u201d (\u00edntimo y ciudadano).<\/p>\n<p>Luego, mostramos las distintas formas en\u00a0las que el \u201cciudadano com\u00fan\u201d aparece en el discurso: narrando su historia, siendo visitado,\u00a0recibiendo un llamado telef\u00f3nico, siendo invitado a participar por medio de las propias redes\u00a0y siendo invitado a ver desde la perspectiva intimista de los dirigentes. Finalmente, concluimos\u00a0destacando la especificidad de las estrategias de proximidad de Macri y Vidal y se\u00f1alando los\u00a0desaf\u00edos pendientes para futuras investigaciones.<\/p>\n<p>&nbsp;<\/p>\n<p><iframe loading=\"lazy\" style=\"width: 550px; height: 381px;\" src=\"\/\/e.issuu.com\/embed.html#5422719\/57971217\" width=\"300\" height=\"150\" frameborder=\"0\" allowfullscreen=\"allowfullscreen\"><\/iframe><\/p>\n<p>Las Autoras:<\/p>\n<h2><strong>Roc\u00edo Annunziata <\/strong><\/h2>\n<p>Doctora en estudios pol\u00edticos por la \u00c9cole des Hautes \u00c9tudes en Sciences Sociales, Paris, y doctora en ciencias sociales por\u00a0la Universidad de Buenos Aires. Actualmente es investigadora del Consejo Nacional de Investigaciones Cient\u00edficas y T\u00e9cnicas\u00a0(CONICET), profesora de teor\u00eda pol\u00edtica contempor\u00e1nea, en la Universidad de Buenos Aires, y del doctorado en ciencia pol\u00edtica, en\u00a0la Universidad Nacional de San Mart\u00edn. Directora del proyecto de investigaci\u00f3n UBACYT \u201cDecisi\u00f3n, deliberaci\u00f3n y representaci\u00f3n\u00a0en las formas no electorales de participaci\u00f3n ciudadana\u201d, en la Universidad de Buenos Aires, Instituto de Investigaciones Gino\u00a0Germani, y directora de la colecci\u00f3n Pensamiento Pol\u00edtico Contempor\u00e1neo, Editorial Prometeo, Buenos Aires. rocio.annunziata@gmail.com.<\/p>\n<h2><strong>Andrea Fernanda Ariza<\/strong><\/h2>\n<p>Licenciada en sociolog\u00eda por la Universidad de Buenos Aires, maestranda de la maestr\u00eda en teor\u00eda pol\u00edtica y social de la\u00a0Universidad de Buenos Aires, y becaria doctoral UBACYT, Instituto de Investigaciones Gino Germani, Universidad de Buenos Aires.\u00a0Miembro del Proyecto UBACYT \u201cDecisi\u00f3n, deliberaci\u00f3n y representaci\u00f3n en las formas no electorales de participaci\u00f3n ciudadana\u201d\u00a0y miembro del Centro de Estudios en Ciudadan\u00eda, Estado y Asuntos Pol\u00edticos (CEAPUBA). andrea.ariza93@gmail.com.<\/p>\n<h2><strong>Valeria Romina March<\/strong><\/h2>\n<p>Licenciada en sociolog\u00eda por la Universidad de Buenos Aires. Miembro del Proyecto UBACYT \u201cDecisi\u00f3n, deliberaci\u00f3n y\u00a0representaci\u00f3n en las formas no electorales de participaci\u00f3n ciudadana\u201d, y miembro del Centro de Estudios en Ciudadan\u00eda,\u00a0Estado y Asuntos Pol\u00edticos (CEAP-UBA). valeria.r.march@gmail.com.<\/p>\n<figure id=\"attachment_52430\" aria-describedby=\"caption-attachment-52430\" style=\"width: 550px\" class=\"wp-caption alignnone\"><a href=\"http:\/\/www.eloriente.net\/home\/wp-content\/uploads\/2018\/02\/@mauriciomacri-5-de-enero-de-2018.jpg\" rel=\"attachment wp-att-52430\"><img loading=\"lazy\" decoding=\"async\" class=\" wp-image-52430\" src=\"http:\/\/www.eloriente.net\/home\/wp-content\/uploads\/2018\/02\/@mauriciomacri-5-de-enero-de-2018.jpg\" alt=\"@MauricioMacri 5 de enero de 2018\" width=\"550\" height=\"412\" srcset=\"http:\/\/www.eloriente.net\/home\/wp-content\/uploads\/2018\/02\/@mauriciomacri-5-de-enero-de-2018.jpg 960w, http:\/\/www.eloriente.net\/home\/wp-content\/uploads\/2018\/02\/@mauriciomacri-5-de-enero-de-2018-300x225.jpg 300w, http:\/\/www.eloriente.net\/home\/wp-content\/uploads\/2018\/02\/@mauriciomacri-5-de-enero-de-2018-768x576.jpg 768w\" sizes=\"(max-width: 550px) 100vw, 550px\" \/><\/a><figcaption id=\"caption-attachment-52430\" class=\"wp-caption-text\"><em>@MauricioMacri 5 de enero de 2018<\/em><\/figcaption><\/figure>\n<p>*Publicado originalmente en<\/p>\n<table class=\"listing\" width=\"100%\">\n<tbody>\n<tr valign=\"top\">\n<td>Revista Mexicana de Opini\u00f3n P\u00fablica; No 24 (2018): Enero- Junio http:\/\/revistas.unam.mx\/index.php\/rmop\/article\/view\/61520<\/td>\n<\/tr>\n<\/tbody>\n<\/table>\n<p><script src=\"\/\/pagead2.googlesyndication.com\/pagead\/js\/adsbygoogle.js\" async=\"\"><\/script><br \/>\n<ins class=\"adsbygoogle\" style=\"display: block;\" data-ad-format=\"autorelaxed\" data-ad-client=\"ca-pub-1136171134853753\" data-ad-slot=\"4595267748\"><\/ins><br \/>\n<script>\/\/ <![CDATA[ (adsbygoogle = window.adsbygoogle || []).push({}); \/\/ ]]><\/script><\/p>\n<p>&nbsp;<\/p>\n<p>&nbsp;<\/p>\n\n\t\t\t  <div \n\t\t\t  \tclass = \"fb-comments\" \n\t\t\t  \tdata-href = \"http:\/\/www.eloriente.net\/home\/2018\/02\/01\/comunicacion-gobernar-estar-cerca-las-estrategias-proximidad-uso-las-redes-sociales-macri-vidal\/\"\n\t\t\t  \tdata-numposts = \"10\"\n\t\t\t\tdata-colorscheme = \"dark\"\n\t\t\t\tdata-order-by = \"social\"\n\t\t\t\tdata-mobile=true>\n\t\t\t  <\/div>\n\t\t  <style>\n\t\t\t.fb_iframe_widget_fluid_desktop iframe {\n\t\t\t    width: 100% !important;\n\t\t\t}\n\t\t  <\/style>\n\t\t  ","protected":false},"excerpt":{"rendered":"<p>Uso de las Redes Sociales eloriente.net\/Revista Mexicana de Opini\u00f3n P\u00fablica* 1 de febrero de 2018 \u201cGobernar es estar cerca\u201d. Las estrategias de proximidad en el uso de las redes sociales de Mauricio Macri y Mar\u00eda Eugenia Vidal. Roc\u00edo Annunziata Andrea Fernanda Ariza Valeria Romina March Resumen Este art\u00edculo se propone explorar las estrategias de proximidad [&hellip;]<\/p>\n","protected":false},"author":1,"featured_media":52430,"comment_status":"open","ping_status":"open","sticky":false,"template":"","format":"standard","meta":{"_jetpack_memberships_contains_paid_content":false,"footnotes":""},"categories":[624,4300,32,13,10,24,31],"tags":[],"class_list":["post-52428","post","type-post","status-publish","format-standard","has-post-thumbnail","hentry","category-articulistas","category-comunicacion","category-entradas","category-especiales","category-lo-mas-reciente","category-mexico-y-el-mundo","category-principal"],"jetpack_featured_media_url":"http:\/\/www.eloriente.net\/home\/wp-content\/uploads\/2018\/02\/@mauriciomacri-5-de-enero-de-2018.jpg","jetpack_sharing_enabled":true,"_links":{"self":[{"href":"http:\/\/www.eloriente.net\/home\/wp-json\/wp\/v2\/posts\/52428"}],"collection":[{"href":"http:\/\/www.eloriente.net\/home\/wp-json\/wp\/v2\/posts"}],"about":[{"href":"http:\/\/www.eloriente.net\/home\/wp-json\/wp\/v2\/types\/post"}],"author":[{"embeddable":true,"href":"http:\/\/www.eloriente.net\/home\/wp-json\/wp\/v2\/users\/1"}],"replies":[{"embeddable":true,"href":"http:\/\/www.eloriente.net\/home\/wp-json\/wp\/v2\/comments?post=52428"}],"version-history":[{"count":2,"href":"http:\/\/www.eloriente.net\/home\/wp-json\/wp\/v2\/posts\/52428\/revisions"}],"predecessor-version":[{"id":58182,"href":"http:\/\/www.eloriente.net\/home\/wp-json\/wp\/v2\/posts\/52428\/revisions\/58182"}],"wp:featuredmedia":[{"embeddable":true,"href":"http:\/\/www.eloriente.net\/home\/wp-json\/wp\/v2\/media\/52430"}],"wp:attachment":[{"href":"http:\/\/www.eloriente.net\/home\/wp-json\/wp\/v2\/media?parent=52428"}],"wp:term":[{"taxonomy":"category","embeddable":true,"href":"http:\/\/www.eloriente.net\/home\/wp-json\/wp\/v2\/categories?post=52428"},{"taxonomy":"post_tag","embeddable":true,"href":"http:\/\/www.eloriente.net\/home\/wp-json\/wp\/v2\/tags?post=52428"}],"curies":[{"name":"wp","href":"https:\/\/api.w.org\/{rel}","templated":true}]}}