{"id":52486,"date":"2018-02-08T11:06:53","date_gmt":"2018-02-08T17:06:53","guid":{"rendered":"http:\/\/www.eloriente.net\/home\/?p=52486"},"modified":"2018-02-09T09:13:49","modified_gmt":"2018-02-09T15:13:49","slug":"no-puedes-dejar-ir-del-8-al-14-febrero","status":"publish","type":"post","link":"http:\/\/www.eloriente.net\/home\/2018\/02\/08\/no-puedes-dejar-ir-del-8-al-14-febrero\/","title":{"rendered":"\u00a1No puedes dejar de ir!; del 8 al 14 de febrero en Oaxaca"},"content":{"rendered":"<p><script src=\"\/\/pagead2.googlesyndication.com\/pagead\/js\/adsbygoogle.js\" async=\"\"><\/script><!-- BANNER ELORIENTE INCRUSTADO NOTAS --> <ins class=\"adsbygoogle\" style=\"display: inline-block; width: 300px; height: 250px;\" data-ad-client=\"ca-pub-1136171134853753\" data-ad-slot=\"7974633627\"><\/ins><script>\/\/ <![CDATA[\n(adsbygoogle = window.adsbygoogle || []).push({});\n\/\/ ]]><\/script><\/p>\n<p style=\"text-align: right;\"><em>En Oaxaca Agenda Cultural<\/em><\/p>\n<p>(www.eloriente.net, M\u00e9xico, a 8 de febrero de 2018. Por: Jessica Lamadrid).- Hay una gran variedad de actividades culturales que se estar\u00e1n llevando a cabo durante la semana en la Verde Antequera. Para despertar tu inter\u00e9s en alguna de ellas, en el ELORIENTE.NET complementamos las siguientes recomendaciones con un tono distinto, adecuadas para los diferentes gustos.<\/p>\n<p>Recopilamos en la agenda actividades como: charlas, talleres, obras de teatro y exposiciones art\u00edsticas.<\/p>\n<p>As\u00ed la selecci\u00f3n de eventos de esta semana en diferentes puntos de la ciudad, del 8 al 14 de febrero de 2018:<\/p>\n<h2>1.-Iluminaci\u00f3n en el cine<\/h2>\n<p>El <a href=\"http:\/\/en el cine indigenista fue reconocido por el Club Nacional de Periodistas.\">Centro Fotogr\u00e1fico Manuel \u00c1lvarez Bravo (CFMAB)<\/a> en colaboraci\u00f3n con el Centro de las Artes de San Agust\u00edn, ha organizado una charla con el cinefot\u00f3grafo mexicano Mario Luna sobre el tema la \u00abIluminaci\u00f3n en el cine\u00bb, actividad que les recomendamos asistir a todos los que les interese el tema del cine y su producci\u00f3n, dado que el ponente que dar\u00e1 la charla cuenta con una ampl\u00eda trayectoria en este \u00e1mbito.<\/p>\n<p>Jos\u00e9 Mario Luna Garc\u00eda se ha desempe\u00f1ado como dise\u00f1ador gr\u00e1fico, cinefot\u00f3grafo y director de documentales y anim\u00e1tics; adem\u00e1s de impartir clases de Cinefotograf\u00eda\u00a0 desde hace 38 a\u00f1os\u00a0en el Centro Universitario de Estudios Cinematogr\u00e1ficos de la UNAM. Fue ganador del Ariel por la direcci\u00f3n del cortometraje Preferencia (CUEC) en 1976.<\/p>\n<p>Ha sido director de fotograf\u00eda de los largometrajes de ficci\u00f3n Adi\u00f3s David (1979), El costo de la vida (1989), Redondo (1986), y Los caminos de Green (1987). De igual forma el trabajo que ha realizado constantemente en el cine indigenista fue reconocido por el Club Nacional de Periodistas.<\/p>\n<p>La charla est\u00e1 programada para este jueves 8 de febrero a las 18 horas en el CFMAB, ubicado en el Centro Hist\u00f3rico de la ciudad, en la calle M. Bravo. La entrada es libre.<\/p>\n<p><a href=\"http:\/\/www.eloriente.net\/home\/wp-content\/uploads\/2018\/02\/1.jpg\" rel=\"attachment wp-att-52488\"><img loading=\"lazy\" decoding=\"async\" class=\" wp-image-52488 aligncenter\" src=\"http:\/\/www.eloriente.net\/home\/wp-content\/uploads\/2018\/02\/1.jpg\" alt=\"Charla: Iluminaci\u00f3n en el cine\" width=\"480\" height=\"480\" srcset=\"http:\/\/www.eloriente.net\/home\/wp-content\/uploads\/2018\/02\/1.jpg 960w, http:\/\/www.eloriente.net\/home\/wp-content\/uploads\/2018\/02\/1-150x150.jpg 150w, http:\/\/www.eloriente.net\/home\/wp-content\/uploads\/2018\/02\/1-300x300.jpg 300w, http:\/\/www.eloriente.net\/home\/wp-content\/uploads\/2018\/02\/1-768x768.jpg 768w, http:\/\/www.eloriente.net\/home\/wp-content\/uploads\/2018\/02\/1-50x50.jpg 50w, http:\/\/www.eloriente.net\/home\/wp-content\/uploads\/2018\/02\/1-144x144.jpg 144w\" sizes=\"(max-width: 480px) 100vw, 480px\" \/><\/a><\/p>\n<p>&nbsp;<\/p>\n<h2>2.- Teatro: Prometeo Vencedor<\/h2>\n<p>Se cumple el 45 Aniversario de la creaci\u00f3n Observatorio Astron\u00f3mico Municipal y para celebrarlo se ha preparado una serie de actividades para este fin de semana, de las cuales te recomendamos asistir a las programadas para el d\u00eda viernes 10 de febrero. Debido a que se realizar\u00e1 una charla sobre la m\u00fasica y los planetas a las 17 horas y a su t\u00e9rmino tendr\u00e1 lugar la obra de teatro \u00abPrometeo Vencedor\u00bb<\/p>\n<p>Dicha obra fue escrita por Jos\u00e9 Vasconcelos y su representaci\u00f3n estar\u00e1 a cargo del director Joaqu\u00edn Maldonado, lo que hace que estas actividades sean ideales para pasar un rato agradable en familia.<\/p>\n<p>El lugar de las actividades ser\u00e1 en el Cerro del Fort\u00edn, en la\u00a0Privada Nicol\u00e1s Cop\u00e9rnico en donde se localiza el observatorio. Las actividades son gratuitas.<\/p>\n<p><a href=\"http:\/\/www.eloriente.net\/home\/wp-content\/uploads\/2018\/02\/2.jpg\" rel=\"attachment wp-att-52490\"><img loading=\"lazy\" decoding=\"async\" class=\" wp-image-52490 aligncenter\" src=\"http:\/\/www.eloriente.net\/home\/wp-content\/uploads\/2018\/02\/2.jpg\" alt=\"45 aniversario del planetario\" width=\"458\" height=\"687\" srcset=\"http:\/\/www.eloriente.net\/home\/wp-content\/uploads\/2018\/02\/2.jpg 640w, http:\/\/www.eloriente.net\/home\/wp-content\/uploads\/2018\/02\/2-200x300.jpg 200w\" sizes=\"(max-width: 458px) 100vw, 458px\" \/><\/a><\/p>\n<p>&nbsp;<\/p>\n<h2>3.-\u00a0\u00a1Curso B\u00e1sico RENDER 2018!<\/h2>\n<p>&nbsp;<\/p>\n<p>Arquitectos Fonseca iniciar\u00e1 con su Curso B\u00e1sico Render 2018 este s\u00e1bado 10 de febrero, en el cual se le ense\u00f1ar\u00e1 a los asistentes a realizar tipo de render\u00b4s desde cero, sin conocimiento alguno de los programas, no obstante, si se requiere tener conocimientos de Representaci\u00f3n Arquitect\u00f3nica y Dise\u00f1o.<\/p>\n<p>La clases del curso se impartir\u00e1n durante los d\u00edas s\u00e1bados y domingos en un horario de las\u00a09:00 de la ma\u00f1ana a 2:00 de la tarde durante un periodo de 4 fines de semanas, haciendo un total de 8 clases.\u00a0 Teniendo un costo para estudiantes de $3,300.00 y para el p\u00fablico general de\u00a0$4,000.00; el cual les incluye:<br \/>\n&#8211; Temas Curso 360 + VR 2018.<br \/>\n&#8211; Librer\u00eda de 500 Gb.<br \/>\n&#8211; Asesor\u00edas Durante y Despu\u00e9s del Curso.<br \/>\n&#8211; Diploma (Se Requiere 100% de Asistencia).<\/p>\n<p>El \u00fanico requisito que se solicita para el curso es llevar una Laptop Personal con Sistema Operativo Windows, en el caso de no contar con los programas necesarios, el d\u00eda de inicio se les ser\u00e1n instalados. Por lo tanto, los asistentes aprender\u00e1n a usar\u00a0Revit 2017 para Modelar el Proyecto Arquitect\u00f3nico, 3D max 2017 con Vray 3.40 para Renderizar y Photoshop Cs6 para Post-producci\u00f3n del Render.<\/p>\n<p><script src=\"\/\/\" async=\"\"><\/script><br \/>\n <ins class=\"adsbygoogle\" style=\"display: block; text-align: center;\" data-ad-layout=\"in-article\" data-ad-format=\"fluid\" data-ad-client=\"ca-pub-1136171134853753\" data-ad-slot=\"8578966557\"><\/ins><br \/>\n<script>\/\/ <![CDATA[\n(adsbygoogle = window.adsbygoogle || []).push({});\n\/\/ ]]><\/script><\/p>\n<p>Para apartar un espacio en el curso puedes enviar tu Nombre, Correo, Tel\u00e9fono, Ciudad\u00a0 y si eres Estudiante o Profesionista al Correo: arq.fonseca@hotmail.com o al WhatsApp: 44-33-56-14-44; formas de contacto en las cuales puedes solicitar tambi\u00e9n mayor informaci\u00f3n.<\/p>\n<p>La sede del taller ser\u00e1 el Hotel Arisa ubicado en Santa Rosa Panzacola n\u00famero 243.<\/p>\n<p>&nbsp;<\/p>\n<p><a href=\"http:\/\/www.eloriente.net\/home\/wp-content\/uploads\/2018\/02\/3.jpg\" rel=\"attachment wp-att-52491\"><img loading=\"lazy\" decoding=\"async\" class=\" wp-image-52491 aligncenter\" src=\"http:\/\/www.eloriente.net\/home\/wp-content\/uploads\/2018\/02\/3.jpg\" alt=\"Curso B\u00e1sico de Render\" width=\"498\" height=\"498\" srcset=\"http:\/\/www.eloriente.net\/home\/wp-content\/uploads\/2018\/02\/3.jpg 960w, http:\/\/www.eloriente.net\/home\/wp-content\/uploads\/2018\/02\/3-150x150.jpg 150w, http:\/\/www.eloriente.net\/home\/wp-content\/uploads\/2018\/02\/3-300x300.jpg 300w, http:\/\/www.eloriente.net\/home\/wp-content\/uploads\/2018\/02\/3-768x768.jpg 768w, http:\/\/www.eloriente.net\/home\/wp-content\/uploads\/2018\/02\/3-50x50.jpg 50w, http:\/\/www.eloriente.net\/home\/wp-content\/uploads\/2018\/02\/3-144x144.jpg 144w\" sizes=\"(max-width: 498px) 100vw, 498px\" \/><\/a><\/p>\n<p>&nbsp;<\/p>\n<h2>4.- Mujeres que hacen ciencia<\/h2>\n<p>En el marco del D\u00eda Internacional de la mujer y la ni\u00f1a en la ciencia, la BS Biblioteca Infantil de Oaxaca prepar\u00f3 una serie de actividades que permitan un mayor acercamiento a las ni\u00f1as y a las mujeres a la ciencia, a trav\u00e9s de conferencias, charlas y talleres. De estas actividades te recomendamos asistas a la charla \u00abMujeres que hacen ciencia\u00bb en donde bi\u00f3logas, ambientalistas y veterinarias hablar\u00e1n sobre su trabajo con el p\u00fablico, as\u00ed como mostrar\u00e1n parte del mismo.<\/p>\n<p>En esta actividad participan:<\/p>\n<ul>\n<li>Olga Patricia Herrera, Maestra en Desarrollo Ambiental<\/li>\n<li>Cintia M\u00e9ndez Santiago, Ingeniera Ambiental<\/li>\n<li>Alondra Cort\u00e9s Cruz, Bi\u00f3loga<\/li>\n<li>Karla A. Varela Falc\u00f3n, Veterinaria de Fauna Silvestre<\/li>\n<li>Jazm\u00edn Sosa Marcos, Bi\u00f3loga<\/li>\n<li>Ruth Esther G\u00f3mez, Maestra en Conservaci\u00f3n<\/li>\n<li>Hermes Lustre S\u00e1nchez, Maestra en Educaci\u00f3n<\/li>\n<li>Daniela Arrellanes, Criadora<\/li>\n<\/ul>\n<p>La charla est\u00e1 programada para este domingo 11 de febrero a las 11 de la ma\u00f1ana, va dirigida tanto para adultos como para ni\u00f1os. La actividad es gratuita.<\/p>\n<p><a href=\"http:\/\/www.eloriente.net\/home\/wp-content\/uploads\/2018\/02\/4.jpg\" rel=\"attachment wp-att-52493\"><img loading=\"lazy\" decoding=\"async\" class=\" wp-image-52493 aligncenter\" src=\"http:\/\/www.eloriente.net\/home\/wp-content\/uploads\/2018\/02\/4.jpg\" alt=\"D\u00eda de la mujer y la ni\u00f1a de la ciencia\" width=\"470\" height=\"726\" srcset=\"http:\/\/www.eloriente.net\/home\/wp-content\/uploads\/2018\/02\/4.jpg 621w, http:\/\/www.eloriente.net\/home\/wp-content\/uploads\/2018\/02\/4-194x300.jpg 194w\" sizes=\"(max-width: 470px) 100vw, 470px\" \/><\/a><\/p>\n<p>&nbsp;<\/p>\n<h2>5.-FUEGO INTENSO. Arte popular contempor\u00e1neo<\/h2>\n<p dir=\"ltr\">Los artistas Rolando y Lorena Porras exhibir\u00e1n en el Congreso de Oaxaca sus expresiones art\u00edsticas elaboradas en barro y loza, trabajo que fue realizado en el taller de alfarer\u00eda art\u00edstica \u00abDolores Porras\u00bb de Santa Mar\u00eda Atzompa este martes 13 de febrero.<\/p>\n<p>Esta muestra art\u00edstica forma parte de otras exposiciones que han tenido lugar en la ciudad durante las \u00faltimas semanas, con el fin de abrir espacios en donde artistas oaxaque\u00f1os puedan dar a conocer su trabajo.<\/p>\n<p>La inauguraci\u00f3n de la exposici\u00f3n ser\u00e1 a las 12 horas en la C\u00e1mara de Diputados del Estado de Oaxaca, ubicada en la calle 14 Oriente n\u00famero 1 de San Raymundo Jalpan. La entrada es libre.<\/p>\n<p><a href=\"http:\/\/www.eloriente.net\/home\/wp-content\/uploads\/2018\/02\/Captura-de-pantalla-2018-02-07-a-las-22.44.29.png\" rel=\"attachment wp-att-52492\"><img loading=\"lazy\" decoding=\"async\" class=\" wp-image-52492 aligncenter\" src=\"http:\/\/www.eloriente.net\/home\/wp-content\/uploads\/2018\/02\/Captura-de-pantalla-2018-02-07-a-las-22.44.29.png\" alt=\"Exposici\u00f3n en el Congreso del Estado\" width=\"451\" height=\"618\" srcset=\"http:\/\/www.eloriente.net\/home\/wp-content\/uploads\/2018\/02\/Captura-de-pantalla-2018-02-07-a-las-22.44.29.png 476w, http:\/\/www.eloriente.net\/home\/wp-content\/uploads\/2018\/02\/Captura-de-pantalla-2018-02-07-a-las-22.44.29-219x300.png 219w\" sizes=\"(max-width: 451px) 100vw, 451px\" \/><\/a><br \/>\n<script src=\"\/\/\" async=\"\"><\/script><br \/>\n <ins class=\"adsbygoogle\" style=\"display: block;\" data-ad-format=\"autorelaxed\" data-ad-client=\"ca-pub-1136171134853753\" data-ad-slot=\"4595267748\"><\/ins><br \/>\n<script>\/\/ <![CDATA[\n(adsbygoogle = window.adsbygoogle || []).push({});\n\/\/ ]]><\/script><\/p>\n\n\t\t\t  <div \n\t\t\t  \tclass = \"fb-comments\" \n\t\t\t  \tdata-href = \"http:\/\/www.eloriente.net\/home\/2018\/02\/08\/no-puedes-dejar-ir-del-8-al-14-febrero\/\"\n\t\t\t  \tdata-numposts = \"10\"\n\t\t\t\tdata-colorscheme = \"dark\"\n\t\t\t\tdata-order-by = \"social\"\n\t\t\t\tdata-mobile=true>\n\t\t\t  <\/div>\n\t\t  <style>\n\t\t\t.fb_iframe_widget_fluid_desktop iframe {\n\t\t\t    width: 100% !important;\n\t\t\t}\n\t\t  <\/style>\n\t\t  ","protected":false},"excerpt":{"rendered":"<p>En Oaxaca Agenda Cultural (www.eloriente.net, M\u00e9xico, a 8 de febrero de 2018. Por: Jessica Lamadrid).- Hay una gran variedad de actividades culturales que se estar\u00e1n llevando a cabo durante la semana en la Verde Antequera. Para despertar tu inter\u00e9s en alguna de ellas, en el ELORIENTE.NET complementamos las siguientes recomendaciones con un tono distinto, adecuadas [&hellip;]<\/p>\n","protected":false},"author":45,"featured_media":52517,"comment_status":"open","ping_status":"open","sticky":false,"template":"","format":"standard","meta":{"_jetpack_memberships_contains_paid_content":false,"footnotes":""},"categories":[8,56,18,32,10,464,31],"tags":[8231,8191,8539,8369],"class_list":["post-52486","post","type-post","status-publish","format-standard","has-post-thumbnail","hentry","category-agenda","category-cine","category-educacion-y-cultura","category-entradas","category-lo-mas-reciente","category-oaxaca-estados","category-principal","tag-no-puedes-dejar-de-ir-en-oaxaca","tag-que-hacer-en-oaxaca-de-juarez","tag-5-recomendaciones-de-actividades-culturales","tag-agenda-cultural-de-el-oriente"],"jetpack_featured_media_url":"http:\/\/www.eloriente.net\/home\/wp-content\/uploads\/2018\/02\/test-iluminacion-Licencia-Creative-Commons-Carlos-RM.jpg","jetpack_sharing_enabled":true,"_links":{"self":[{"href":"http:\/\/www.eloriente.net\/home\/wp-json\/wp\/v2\/posts\/52486"}],"collection":[{"href":"http:\/\/www.eloriente.net\/home\/wp-json\/wp\/v2\/posts"}],"about":[{"href":"http:\/\/www.eloriente.net\/home\/wp-json\/wp\/v2\/types\/post"}],"author":[{"embeddable":true,"href":"http:\/\/www.eloriente.net\/home\/wp-json\/wp\/v2\/users\/45"}],"replies":[{"embeddable":true,"href":"http:\/\/www.eloriente.net\/home\/wp-json\/wp\/v2\/comments?post=52486"}],"version-history":[{"count":5,"href":"http:\/\/www.eloriente.net\/home\/wp-json\/wp\/v2\/posts\/52486\/revisions"}],"predecessor-version":[{"id":52519,"href":"http:\/\/www.eloriente.net\/home\/wp-json\/wp\/v2\/posts\/52486\/revisions\/52519"}],"wp:featuredmedia":[{"embeddable":true,"href":"http:\/\/www.eloriente.net\/home\/wp-json\/wp\/v2\/media\/52517"}],"wp:attachment":[{"href":"http:\/\/www.eloriente.net\/home\/wp-json\/wp\/v2\/media?parent=52486"}],"wp:term":[{"taxonomy":"category","embeddable":true,"href":"http:\/\/www.eloriente.net\/home\/wp-json\/wp\/v2\/categories?post=52486"},{"taxonomy":"post_tag","embeddable":true,"href":"http:\/\/www.eloriente.net\/home\/wp-json\/wp\/v2\/tags?post=52486"}],"curies":[{"name":"wp","href":"https:\/\/api.w.org\/{rel}","templated":true}]}}