{"id":52511,"date":"2018-02-08T18:46:18","date_gmt":"2018-02-09T00:46:18","guid":{"rendered":"http:\/\/www.eloriente.net\/home\/?p=52511"},"modified":"2018-02-09T08:51:10","modified_gmt":"2018-02-09T14:51:10","slug":"videocolumna-gobierno-honesto-ciudadano-posible-alejandra-garcia-morlan","status":"publish","type":"post","link":"http:\/\/www.eloriente.net\/home\/2018\/02\/08\/videocolumna-gobierno-honesto-ciudadano-posible-alejandra-garcia-morlan\/","title":{"rendered":"VIDEOCOLUMNA: Un gobierno honesto y ciudadano s\u00ed es posible. Por Alejandra Garc\u00eda Morlan"},"content":{"rendered":"<p><script src=\"\/\/pagead2.googlesyndication.com\/pagead\/js\/adsbygoogle.js\" async=\"\"><\/script><!-- BANNER ELORIENTE INCRUSTADO NOTAS --> <ins class=\"adsbygoogle\" style=\"display: inline-block; width: 300px; height: 250px;\" data-ad-client=\"ca-pub-1136171134853753\" data-ad-slot=\"7974633627\"><\/ins><script>\/\/ <![CDATA[\n(adsbygoogle = window.adsbygoogle || []).push({});\n\/\/ ]]><\/script><\/p>\n<p style=\"text-align: right;\"><em>Alejandra Garc\u00eda Morlan<\/em><\/p>\n<p>eloriente.net<\/p>\n<p>8 de febrero de 2018<\/p>\n<p>\u00ab\u00bfRealmente tenemos los gobernantes que merecemos? Escuchaba hace unos d\u00edas en un caf\u00e9 a alguien asegurar con un absoluto pesimismo que s\u00ed, que no hab\u00eda nada que hacer; pero yo me resisto a creerlo.<br \/>\nMas bien parece que la clase gobernante ha abusado de los espacios de poder para crear condiciones de pobreza, de marginaci\u00f3n y de ignorancia y con este peligroso c\u00f3ctel perpetuarse en el poder.\u00bb<\/p>\n<p>Esta semana<a href=\"http:\/\/www.eloriente.net\/home\/category\/videoblogs\/\" target=\"_blank\">\u00a0Alejandra Garc\u00eda Morlan\u00a0<\/a>nos habla sobre las pr\u00f3ximas elecciones y si es l<span class=\"text_exposed_show\">a oportunidad de que podamos elegir un gobierno honesto.<\/span><\/p>\n<p><iframe loading=\"lazy\" style=\"border: none; overflow: hidden;\" src=\"https:\/\/www.facebook.com\/plugins\/video.php?href=https%3A%2F%2Fwww.facebook.com%2F443535572345554%2Fvideos%2F1836995792999518%2F&amp;show_text=0&amp;width=560\" width=\"560\" height=\"315\" frameborder=\"0\" scrolling=\"no\" allowfullscreen=\"allowfullscreen\"><\/iframe><\/p>\n<p><script src=\"\/\/\" async=\"\"><\/script><br \/>\n <ins class=\"adsbygoogle\" style=\"display: block; text-align: center;\" data-ad-layout=\"in-article\" data-ad-format=\"fluid\" data-ad-client=\"ca-pub-1136171134853753\" data-ad-slot=\"8578966557\"><\/ins><br \/>\n<script>\/\/ <![CDATA[\n(adsbygoogle = window.adsbygoogle || []).push({});\n\/\/ ]]><\/script><\/p>\n<h2>Alejandra Garc\u00eda Morlan<\/h2>\n<p>es Licenciada en Comercio Exterior. Funge como Consejera Nacional Partido Acci\u00f3n Nacional y adem\u00e1s fue diputada local.<\/p>\n<p><a href=\"http:\/\/www.eloriente.net\/home\/wp-content\/uploads\/2018\/02\/ALEJANDRA-GARCIA-MORLAN-8-DE-FEBRERO-2018.jpg\" rel=\"attachment wp-att-52512\"><img loading=\"lazy\" decoding=\"async\" class=\"alignnone  wp-image-52512\" src=\"http:\/\/www.eloriente.net\/home\/wp-content\/uploads\/2018\/02\/ALEJANDRA-GARCIA-MORLAN-8-DE-FEBRERO-2018-1024x576.jpg\" alt=\"ALEJANDRA GARCIA MORLAN 8 DE FEBRERO 2018\" width=\"551\" height=\"310\" srcset=\"http:\/\/www.eloriente.net\/home\/wp-content\/uploads\/2018\/02\/ALEJANDRA-GARCIA-MORLAN-8-DE-FEBRERO-2018-1024x576.jpg 1024w, http:\/\/www.eloriente.net\/home\/wp-content\/uploads\/2018\/02\/ALEJANDRA-GARCIA-MORLAN-8-DE-FEBRERO-2018-300x169.jpg 300w, http:\/\/www.eloriente.net\/home\/wp-content\/uploads\/2018\/02\/ALEJANDRA-GARCIA-MORLAN-8-DE-FEBRERO-2018-768x432.jpg 768w, http:\/\/www.eloriente.net\/home\/wp-content\/uploads\/2018\/02\/ALEJANDRA-GARCIA-MORLAN-8-DE-FEBRERO-2018.jpg 1920w\" sizes=\"(max-width: 551px) 100vw, 551px\" \/><\/a><\/p>\n<p><script src=\"\/\/\" async=\"\"><\/script><br \/>\n <ins class=\"adsbygoogle\" style=\"display: block;\" data-ad-format=\"autorelaxed\" data-ad-client=\"ca-pub-1136171134853753\" data-ad-slot=\"4595267748\"><\/ins><br \/>\n<script>\/\/ <![CDATA[\n(adsbygoogle = window.adsbygoogle || []).push({});\n\/\/ ]]><\/script><\/p>\n\n\t\t\t  <div \n\t\t\t  \tclass = \"fb-comments\" \n\t\t\t  \tdata-href = \"http:\/\/www.eloriente.net\/home\/2018\/02\/08\/videocolumna-gobierno-honesto-ciudadano-posible-alejandra-garcia-morlan\/\"\n\t\t\t  \tdata-numposts = \"10\"\n\t\t\t\tdata-colorscheme = \"dark\"\n\t\t\t\tdata-order-by = \"social\"\n\t\t\t\tdata-mobile=true>\n\t\t\t  <\/div>\n\t\t  <style>\n\t\t\t.fb_iframe_widget_fluid_desktop iframe {\n\t\t\t    width: 100% !important;\n\t\t\t}\n\t\t  <\/style>\n\t\t  ","protected":false},"excerpt":{"rendered":"<p>Alejandra Garc\u00eda Morlan eloriente.net 8 de febrero de 2018 \u00ab\u00bfRealmente tenemos los gobernantes que merecemos? Escuchaba hace unos d\u00edas en un caf\u00e9 a alguien asegurar con un absoluto pesimismo que s\u00ed, que no hab\u00eda nada que hacer; pero yo me resisto a creerlo. Mas bien parece que la clase gobernante ha abusado de los espacios [&hellip;]<\/p>\n","protected":false},"author":44,"featured_media":52512,"comment_status":"open","ping_status":"open","sticky":false,"template":"","format":"standard","meta":{"_jetpack_memberships_contains_paid_content":false,"footnotes":""},"categories":[2434,9016,4300,71,32,63,464,21,98],"tags":[2431,369,277,9079,231],"class_list":["post-52511","post","type-post","status-publish","format-standard","has-post-thumbnail","hentry","category-lunesdepolitica","category-alejandra-garcia-morlan","category-comunicacion","category-elecciones","category-entradas","category-estados","category-oaxaca-estados","category-politica-y-gobierno","category-videoblogs","tag-alejandra-garcia-morlan","tag-elecciones-2","tag-gobierno","tag-honestidad","tag-politica"],"jetpack_featured_media_url":"http:\/\/www.eloriente.net\/home\/wp-content\/uploads\/2018\/02\/ALEJANDRA-GARCIA-MORLAN-8-DE-FEBRERO-2018.jpg","jetpack_sharing_enabled":true,"_links":{"self":[{"href":"http:\/\/www.eloriente.net\/home\/wp-json\/wp\/v2\/posts\/52511"}],"collection":[{"href":"http:\/\/www.eloriente.net\/home\/wp-json\/wp\/v2\/posts"}],"about":[{"href":"http:\/\/www.eloriente.net\/home\/wp-json\/wp\/v2\/types\/post"}],"author":[{"embeddable":true,"href":"http:\/\/www.eloriente.net\/home\/wp-json\/wp\/v2\/users\/44"}],"replies":[{"embeddable":true,"href":"http:\/\/www.eloriente.net\/home\/wp-json\/wp\/v2\/comments?post=52511"}],"version-history":[{"count":3,"href":"http:\/\/www.eloriente.net\/home\/wp-json\/wp\/v2\/posts\/52511\/revisions"}],"predecessor-version":[{"id":52516,"href":"http:\/\/www.eloriente.net\/home\/wp-json\/wp\/v2\/posts\/52511\/revisions\/52516"}],"wp:featuredmedia":[{"embeddable":true,"href":"http:\/\/www.eloriente.net\/home\/wp-json\/wp\/v2\/media\/52512"}],"wp:attachment":[{"href":"http:\/\/www.eloriente.net\/home\/wp-json\/wp\/v2\/media?parent=52511"}],"wp:term":[{"taxonomy":"category","embeddable":true,"href":"http:\/\/www.eloriente.net\/home\/wp-json\/wp\/v2\/categories?post=52511"},{"taxonomy":"post_tag","embeddable":true,"href":"http:\/\/www.eloriente.net\/home\/wp-json\/wp\/v2\/tags?post=52511"}],"curies":[{"name":"wp","href":"https:\/\/api.w.org\/{rel}","templated":true}]}}