{"id":52639,"date":"2018-02-15T18:59:24","date_gmt":"2018-02-16T00:59:24","guid":{"rendered":"http:\/\/www.eloriente.net\/home\/?p=52639"},"modified":"2018-02-16T12:01:01","modified_gmt":"2018-02-16T18:01:01","slug":"videocolumna-nuestras-palabras-reflejo-principios-alejandra-garcia-morlan","status":"publish","type":"post","link":"http:\/\/www.eloriente.net\/home\/2018\/02\/15\/videocolumna-nuestras-palabras-reflejo-principios-alejandra-garcia-morlan\/","title":{"rendered":"VIDEOCOLUMNA: Nuestras palabras son reflejo de nuestros principios. Por Alejandra Garc\u00eda Morlan"},"content":{"rendered":"<p><script src=\"\/\/pagead2.googlesyndication.com\/pagead\/js\/adsbygoogle.js\" async=\"\"><\/script><!-- BANNER ELORIENTE INCRUSTADO NOTAS --> <ins class=\"adsbygoogle\" style=\"display: inline-block; width: 300px; height: 250px;\" data-ad-client=\"ca-pub-1136171134853753\" data-ad-slot=\"7974633627\"><\/ins><script>\/\/ <![CDATA[\n(adsbygoogle = window.adsbygoogle || []).push({});\n\/\/ ]]><\/script><\/p>\n<p style=\"text-align: right;\"><em>Prietos<\/em><\/p>\n<p>eloriente.net<\/p>\n<p>15 de febrero de 2018<\/p>\n<p>\u00abA trav\u00e9s del lenguaje expresamos lo que somos\u2026<\/p>\n<p>Nuestras palabras son reflejo de nuestros principios, de nuestra educaci\u00f3n y del trato que otorgamos a los dem\u00e1s\u2026<\/p>\n<p>Hace unos d\u00edas en un mitin pol\u00edtico, el dirigente nacional del PRI calific\u00f3 de manera despectiva como \u201cprietos\u201d a aquellos pri\u00edstas que abandonaban su instituto pol\u00edtico.\u00bb<\/p>\n<p>Esta semana\u00a0<a class=\"profileLink\" href=\"https:\/\/www.facebook.com\/alejandra.morlan?fref=mentions\" data-hovercard=\"\/ajax\/hovercard\/user.php?id=671441853&amp;extragetparams=%7B%22fref%22%3A%22mentions%22%7D\" data-hovercard-prefer-more-content-show=\"1\">Alejandra Garc\u00eda Morlan<\/a>\u00a0reflexiona sobre las declaraciones de\u00a0<a class=\"profileLink\" href=\"https:\/\/www.facebook.com\/EnriqueOchoaR\/?fref=mentions\" data-hovercard=\"\/ajax\/hovercard\/page.php?id=283944921939298&amp;extragetparams=%7B%22fref%22%3A%22mentions%22%7D\" data-hovercard-prefer-more-content-show=\"1\">Enrique Ochoa Reza<\/a>\u00a0y la importancia del respeto entre pretenden gobernar.<\/p>\n<p><iframe loading=\"lazy\" style=\"border: none; overflow: hidden;\" src=\"https:\/\/www.facebook.com\/plugins\/video.php?href=https%3A%2F%2Fwww.facebook.com%2F443535572345554%2Fvideos%2F1844722748893489%2F&amp;show_text=0&amp;width=560\" width=\"560\" height=\"315\" frameborder=\"0\" scrolling=\"no\" allowfullscreen=\"allowfullscreen\"><\/iframe><\/p>\n<p><script src=\"\/\/\" async=\"\"><\/script><br \/>\n <ins class=\"adsbygoogle\" style=\"display: block; text-align: center;\" data-ad-layout=\"in-article\" data-ad-format=\"fluid\" data-ad-client=\"ca-pub-1136171134853753\" data-ad-slot=\"8578966557\"><\/ins><br \/>\n<script>\/\/ <![CDATA[\n(adsbygoogle = window.adsbygoogle || []).push({});\n\/\/ ]]><\/script><\/p>\n<p>&nbsp;<\/p>\n<h2>Alejandra Garc\u00eda Morlan<\/h2>\n<p>es Licenciada en Comercio Exterior. Funge como Consejera Nacional Partido Acci\u00f3n Nacional y adem\u00e1s fue diputada local.<\/p>\n<p><a href=\"http:\/\/www.eloriente.net\/home\/wp-content\/uploads\/2018\/02\/ALEJANDRA-GARCI\u0301A-MORALN-15-DE-FEBRERO-2018.jpg\" rel=\"attachment wp-att-52640\"><img loading=\"lazy\" decoding=\"async\" class=\"alignnone wp-image-52640\" src=\"http:\/\/www.eloriente.net\/home\/wp-content\/uploads\/2018\/02\/ALEJANDRA-GARCI\u0301A-MORALN-15-DE-FEBRERO-2018-1024x576.jpg\" alt=\"ALEJANDRA GARCI\u0301A MORALN 15 DE FEBRERO 2018\" width=\"599\" height=\"337\" srcset=\"http:\/\/www.eloriente.net\/home\/wp-content\/uploads\/2018\/02\/ALEJANDRA-GARCI\u0301A-MORALN-15-DE-FEBRERO-2018-1024x576.jpg 1024w, http:\/\/www.eloriente.net\/home\/wp-content\/uploads\/2018\/02\/ALEJANDRA-GARCI\u0301A-MORALN-15-DE-FEBRERO-2018-300x169.jpg 300w, http:\/\/www.eloriente.net\/home\/wp-content\/uploads\/2018\/02\/ALEJANDRA-GARCI\u0301A-MORALN-15-DE-FEBRERO-2018-768x432.jpg 768w, http:\/\/www.eloriente.net\/home\/wp-content\/uploads\/2018\/02\/ALEJANDRA-GARCI\u0301A-MORALN-15-DE-FEBRERO-2018.jpg 1920w\" sizes=\"(max-width: 599px) 100vw, 599px\" \/><\/a><\/p>\n<p><script src=\"\/\/\" async=\"\"><\/script><br \/>\n <ins class=\"adsbygoogle\" style=\"display: block;\" data-ad-format=\"autorelaxed\" data-ad-client=\"ca-pub-1136171134853753\" data-ad-slot=\"4595267748\"><\/ins><br \/>\n<script>\/\/ <![CDATA[\n(adsbygoogle = window.adsbygoogle || []).push({});\n\/\/ ]]><\/script><\/p>\n\n\t\t\t  <div \n\t\t\t  \tclass = \"fb-comments\" \n\t\t\t  \tdata-href = \"http:\/\/www.eloriente.net\/home\/2018\/02\/15\/videocolumna-nuestras-palabras-reflejo-principios-alejandra-garcia-morlan\/\"\n\t\t\t  \tdata-numposts = \"10\"\n\t\t\t\tdata-colorscheme = \"dark\"\n\t\t\t\tdata-order-by = \"social\"\n\t\t\t\tdata-mobile=true>\n\t\t\t  <\/div>\n\t\t  <style>\n\t\t\t.fb_iframe_widget_fluid_desktop iframe {\n\t\t\t    width: 100% !important;\n\t\t\t}\n\t\t  <\/style>\n\t\t  ","protected":false},"excerpt":{"rendered":"<p>Prietos eloriente.net 15 de febrero de 2018 \u00abA trav\u00e9s del lenguaje expresamos lo que somos\u2026 Nuestras palabras son reflejo de nuestros principios, de nuestra educaci\u00f3n y del trato que otorgamos a los dem\u00e1s\u2026 Hace unos d\u00edas en un mitin pol\u00edtico, el dirigente nacional del PRI calific\u00f3 de manera despectiva como \u201cprietos\u201d a aquellos pri\u00edstas que [&hellip;]<\/p>\n","protected":false},"author":44,"featured_media":52644,"comment_status":"open","ping_status":"open","sticky":false,"template":"","format":"standard","meta":{"_jetpack_memberships_contains_paid_content":false,"footnotes":""},"categories":[9016,22,71,32,10,21,31,98],"tags":[2431,369,9104,192,9105,3147],"class_list":["post-52639","post","type-post","status-publish","format-standard","has-post-thumbnail","hentry","category-alejandra-garcia-morlan","category-derechos-humanos","category-elecciones","category-entradas","category-lo-mas-reciente","category-politica-y-gobierno","category-principal","category-videoblogs","tag-alejandra-garcia-morlan","tag-elecciones-2","tag-enrique-ochoa-reza","tag-pri","tag-prietos","tag-respeto"],"jetpack_featured_media_url":"http:\/\/www.eloriente.net\/home\/wp-content\/uploads\/2018\/02\/ALEJANDRA-GARCI\u0301A-MORALN-15-DE-FEBRERO-2018-1-e1518804052791.jpg","jetpack_sharing_enabled":true,"_links":{"self":[{"href":"http:\/\/www.eloriente.net\/home\/wp-json\/wp\/v2\/posts\/52639"}],"collection":[{"href":"http:\/\/www.eloriente.net\/home\/wp-json\/wp\/v2\/posts"}],"about":[{"href":"http:\/\/www.eloriente.net\/home\/wp-json\/wp\/v2\/types\/post"}],"author":[{"embeddable":true,"href":"http:\/\/www.eloriente.net\/home\/wp-json\/wp\/v2\/users\/44"}],"replies":[{"embeddable":true,"href":"http:\/\/www.eloriente.net\/home\/wp-json\/wp\/v2\/comments?post=52639"}],"version-history":[{"count":3,"href":"http:\/\/www.eloriente.net\/home\/wp-json\/wp\/v2\/posts\/52639\/revisions"}],"predecessor-version":[{"id":52643,"href":"http:\/\/www.eloriente.net\/home\/wp-json\/wp\/v2\/posts\/52639\/revisions\/52643"}],"wp:featuredmedia":[{"embeddable":true,"href":"http:\/\/www.eloriente.net\/home\/wp-json\/wp\/v2\/media\/52644"}],"wp:attachment":[{"href":"http:\/\/www.eloriente.net\/home\/wp-json\/wp\/v2\/media?parent=52639"}],"wp:term":[{"taxonomy":"category","embeddable":true,"href":"http:\/\/www.eloriente.net\/home\/wp-json\/wp\/v2\/categories?post=52639"},{"taxonomy":"post_tag","embeddable":true,"href":"http:\/\/www.eloriente.net\/home\/wp-json\/wp\/v2\/tags?post=52639"}],"curies":[{"name":"wp","href":"https:\/\/api.w.org\/{rel}","templated":true}]}}