{"id":52645,"date":"2018-02-16T13:44:06","date_gmt":"2018-02-16T19:44:06","guid":{"rendered":"http:\/\/www.eloriente.net\/home\/?p=52645"},"modified":"2018-02-16T13:46:35","modified_gmt":"2018-02-16T19:46:35","slug":"oaxaca-mas-1000-estudiantes-invadiran-la-ciudad-xxii-encuentro-regional-utvco","status":"publish","type":"post","link":"http:\/\/www.eloriente.net\/home\/2018\/02\/16\/oaxaca-mas-1000-estudiantes-invadiran-la-ciudad-xxii-encuentro-regional-utvco\/","title":{"rendered":"OAXACA: +1000 estudiantes invadir\u00e1n la ciudad por XXII Encuentro Regional UTVCO"},"content":{"rendered":"<p><script src=\"\/\/pagead2.googlesyndication.com\/pagead\/js\/adsbygoogle.js\" async=\"\"><\/script><!-- BANNER ELORIENTE INCRUSTADO NOTAS --> <ins class=\"adsbygoogle\" style=\"display: inline-block; width: 300px; height: 250px;\" data-ad-client=\"ca-pub-1136171134853753\" data-ad-slot=\"7974633627\"><\/ins><script>\/\/ <![CDATA[\n(adsbygoogle = window.adsbygoogle || []).push({});\n\/\/ ]]><\/script><br \/>\neloriente.net\/UTVCO<\/p>\n<p>16 de febrero de 2018<\/p>\n<ul>\n<li>Oaxaca fue elegida como sede para efectuar la vig\u00e9sima segunda edici\u00f3n de este encuentro<\/li>\n<li>Durante 4 d\u00edas, m\u00e1s de 1,000 universitarios competir\u00e1n sanamente en 12 disciplinas<\/li>\n<\/ul>\n<p>La Universidad Tecnol\u00f3gica de los Valles Centrales de Oaxaca (UTVCO) se prepara para recibir a m\u00e1s de 1,000 universitarios de los estados de Veracruz, Tlaxcala y Puebla, quienes en diferentes sedes en la ciudad de Oaxaca, mostrar\u00e1n sus habilidades culturales y deportivas del 22 al 25 de febrero del presente.<\/p>\n<p>\u201cNos honra ser los anfitriones de este magno evento, que adem\u00e1s de promover entre los estudiantes las destrezas deportivas y art\u00edsticas que requiere un profesionista \u00edntegro, se fomenta el compa\u00f1erismo; aunado a esto ser\u00e1 un evento de gran impacto social y econ\u00f3mico para Oaxaca\u201d expres\u00f3 la M.C. Nydia Mata S\u00e1nchez, rectora de la UTVCO.<\/p>\n<p>Agreg\u00f3 que los universitarios oaxaque\u00f1os ya se preparan a trav\u00e9s de entrenamiento intenso en ambos rubros, y que es deber de las instituciones educativas abrir escenarios que empoderen todo el talento del pa\u00eds.<\/p>\n<p>El evento ser\u00e1 inaugurado el d\u00eda 22 de febrero a las 17 horas en el Polideportivo Venustiano Carranza en un acto representativo y abierto al p\u00fablico que arrancar\u00e1 la serie de actividades a desarrollarse en el\u00a0Gimnasio Ricardo Flores Mag\u00f3n, el Parque Vinicio Castilla, la Unidad deportiva del ITO, el Palacio Municipal de Oaxaca de Ju\u00e1rez y la Casa de la Cultura Oaxaque\u00f1a.<br \/>\n<script src=\"\/\/pagead2.googlesyndication.com\/pagead\/js\/adsbygoogle.js\" async=\"\"><\/script><br \/>\n <ins class=\"adsbygoogle\" style=\"display: block; text-align: center;\" data-ad-layout=\"in-article\" data-ad-format=\"fluid\" data-ad-client=\"ca-pub-1136171134853753\" data-ad-slot=\"8578966557\"><\/ins><br \/>\n<script>\/\/ <![CDATA[\n(adsbygoogle = window.adsbygoogle || []).push({});\n\/\/ ]]><\/script><\/p>\n<h2>UTVCO<\/h2>\n<p>Danza folkl\u00f3rica, rondalla, canto, declamaci\u00f3n, oratoria, mural en gis, b\u00e9isbol, f\u00fatbol asociaci\u00f3n, futbol siete, voleibol de sala, baloncesto y softbol femenil\u00a0son algunas de las disciplinas que se pondr\u00e1n en pr\u00e1ctica a trav\u00e9s de este evento, cuyo resultado ser\u00e1 esencial para la selecci\u00f3n de participantes a competir en el XXII Encuentro Regional Deportivo y Cultural que se efectuar\u00e1 en Jalisco.<\/p>\n<p>Cabe destacar que el Gobierno del Estado, a trav\u00e9s de la Comisi\u00f3n Estatal de Cultura F\u00edsica y Deporte (CECUDE) liderada por Montserrat Heinze, han brindado todo el apoyo y respaldo a este evento que representa promover el deporte y las artes, y sobre todo, abrir un espacio para compartir el talento universitario y promover nuestro estado como una entidad preparada para recibir a visitantes.<\/p>\n<p>Ser\u00e1n asociaciones de arbitraje y jueces art\u00edsticos calificados quienes definir\u00e1n a las y los ganadores de primero, segundo y tercer lugar, que se dar\u00e1n a conocer el d\u00eda domingo, 25 de febrero a las 12 horas en el Gimnasio Ricardo Flores Mag\u00f3n.<\/p>\n<p><script src=\"\/\/pagead2.googlesyndication.com\/pagead\/js\/adsbygoogle.js\" async=\"\"><\/script><a href=\"http:\/\/www.eloriente.net\/home\/wp-content\/uploads\/2018\/02\/infografia_XXII-Encuentro-Cultural-Deportivo-Oaxaca-2018_UTVCO.jpg\" rel=\"attachment wp-att-52646\"><img loading=\"lazy\" decoding=\"async\" class=\"alignnone wp-image-52646\" src=\"http:\/\/www.eloriente.net\/home\/wp-content\/uploads\/2018\/02\/infografia_XXII-Encuentro-Cultural-Deportivo-Oaxaca-2018_UTVCO-1024x667.jpg\" alt=\"infografia_XXII Encuentro Cultural Deportivo Oaxaca 2018_UTVCO\" width=\"601\" height=\"391\" srcset=\"http:\/\/www.eloriente.net\/home\/wp-content\/uploads\/2018\/02\/infografia_XXII-Encuentro-Cultural-Deportivo-Oaxaca-2018_UTVCO-1024x667.jpg 1024w, http:\/\/www.eloriente.net\/home\/wp-content\/uploads\/2018\/02\/infografia_XXII-Encuentro-Cultural-Deportivo-Oaxaca-2018_UTVCO-300x195.jpg 300w, http:\/\/www.eloriente.net\/home\/wp-content\/uploads\/2018\/02\/infografia_XXII-Encuentro-Cultural-Deportivo-Oaxaca-2018_UTVCO-768x500.jpg 768w\" sizes=\"(max-width: 601px) 100vw, 601px\" \/><\/a><br \/>\n <ins class=\"adsbygoogle\" style=\"display: block;\" data-ad-format=\"autorelaxed\" data-ad-client=\"ca-pub-1136171134853753\" data-ad-slot=\"4595267748\"><\/ins><br \/>\n<script>\/\/ <![CDATA[\n(adsbygoogle = window.adsbygoogle || []).push({});\n\/\/ ]]><\/script><\/p>\n\n\t\t\t  <div \n\t\t\t  \tclass = \"fb-comments\" \n\t\t\t  \tdata-href = \"http:\/\/www.eloriente.net\/home\/2018\/02\/16\/oaxaca-mas-1000-estudiantes-invadiran-la-ciudad-xxii-encuentro-regional-utvco\/\"\n\t\t\t  \tdata-numposts = \"10\"\n\t\t\t\tdata-colorscheme = \"dark\"\n\t\t\t\tdata-order-by = \"social\"\n\t\t\t\tdata-mobile=true>\n\t\t\t  <\/div>\n\t\t  <style>\n\t\t\t.fb_iframe_widget_fluid_desktop iframe {\n\t\t\t    width: 100% !important;\n\t\t\t}\n\t\t  <\/style>\n\t\t  ","protected":false},"excerpt":{"rendered":"<p>eloriente.net\/UTVCO 16 de febrero de 2018 Oaxaca fue elegida como sede para efectuar la vig\u00e9sima segunda edici\u00f3n de este encuentro Durante 4 d\u00edas, m\u00e1s de 1,000 universitarios competir\u00e1n sanamente en 12 disciplinas La Universidad Tecnol\u00f3gica de los Valles Centrales de Oaxaca (UTVCO) se prepara para recibir a m\u00e1s de 1,000 universitarios de los estados de [&hellip;]<\/p>\n","protected":false},"author":1,"featured_media":52647,"comment_status":"open","ping_status":"open","sticky":false,"template":"","format":"standard","meta":{"_jetpack_memberships_contains_paid_content":false,"footnotes":""},"categories":[29,1588,15,9,32,63,464,31],"tags":[1177],"class_list":["post-52645","post","type-post","status-publish","format-standard","has-post-thumbnail","hentry","category-capital","category-comunicados-y-boletines","category-deportes","category-editorial","category-entradas","category-estados","category-oaxaca-estados","category-principal","tag-utvco"],"jetpack_featured_media_url":"http:\/\/www.eloriente.net\/home\/wp-content\/uploads\/2018\/02\/Logo-encuentro-regional-UTVCO-Oaxaca-.png","jetpack_sharing_enabled":true,"_links":{"self":[{"href":"http:\/\/www.eloriente.net\/home\/wp-json\/wp\/v2\/posts\/52645"}],"collection":[{"href":"http:\/\/www.eloriente.net\/home\/wp-json\/wp\/v2\/posts"}],"about":[{"href":"http:\/\/www.eloriente.net\/home\/wp-json\/wp\/v2\/types\/post"}],"author":[{"embeddable":true,"href":"http:\/\/www.eloriente.net\/home\/wp-json\/wp\/v2\/users\/1"}],"replies":[{"embeddable":true,"href":"http:\/\/www.eloriente.net\/home\/wp-json\/wp\/v2\/comments?post=52645"}],"version-history":[{"count":2,"href":"http:\/\/www.eloriente.net\/home\/wp-json\/wp\/v2\/posts\/52645\/revisions"}],"predecessor-version":[{"id":52649,"href":"http:\/\/www.eloriente.net\/home\/wp-json\/wp\/v2\/posts\/52645\/revisions\/52649"}],"wp:featuredmedia":[{"embeddable":true,"href":"http:\/\/www.eloriente.net\/home\/wp-json\/wp\/v2\/media\/52647"}],"wp:attachment":[{"href":"http:\/\/www.eloriente.net\/home\/wp-json\/wp\/v2\/media?parent=52645"}],"wp:term":[{"taxonomy":"category","embeddable":true,"href":"http:\/\/www.eloriente.net\/home\/wp-json\/wp\/v2\/categories?post=52645"},{"taxonomy":"post_tag","embeddable":true,"href":"http:\/\/www.eloriente.net\/home\/wp-json\/wp\/v2\/tags?post=52645"}],"curies":[{"name":"wp","href":"https:\/\/api.w.org\/{rel}","templated":true}]}}