{"id":52675,"date":"2018-02-20T19:05:12","date_gmt":"2018-02-21T01:05:12","guid":{"rendered":"http:\/\/www.eloriente.net\/home\/?p=52675"},"modified":"2019-06-17T17:00:58","modified_gmt":"2019-06-17T23:00:58","slug":"videocolumna-debemos-preservar-la-diversidad-linguistica-xochitl-jazmin-velazquez","status":"publish","type":"post","link":"http:\/\/www.eloriente.net\/home\/2018\/02\/20\/videocolumna-debemos-preservar-la-diversidad-linguistica-xochitl-jazmin-velazquez\/","title":{"rendered":"VIDEOCOLUMNA: Debemos preservar la diversidad ling\u00fc\u00edstica. Por X\u00f3chitl Vel\u00e1zquez"},"content":{"rendered":"<p><script src=\"\/\/pagead2.googlesyndication.com\/pagead\/js\/adsbygoogle.js\" async=\"\"><\/script><!-- BANNER ELORIENTE INCRUSTADO NOTAS --> <ins class=\"adsbygoogle\" style=\"display: inline-block; width: 300px; height: 250px;\" data-ad-client=\"ca-pub-1136171134853753\" data-ad-slot=\"7974633627\"><\/ins><script>\/\/ <![CDATA[\n(adsbygoogle = window.adsbygoogle || []).push({});\n\/\/ ]]><\/script><\/p>\n<p style=\"text-align: right;\"><em>X\u00f3chitl Vel\u00e1zquez<\/em><\/p>\n<p>eloriente.net<\/p>\n<p>20 de febrero de 2018<\/p>\n<p>Hoy tenemos el placer de presentar la primera colaboraci\u00f3n con EL ORIENTE de\u00a0<a class=\"profileLink\" href=\"https:\/\/www.facebook.com\/jazminnnnq?fref=mentions\" data-hovercard=\"\/ajax\/hovercard\/user.php?id=100000200763744&amp;extragetparams=%7B%22fref%22%3A%22mentions%22%7D\" data-hovercard-prefer-more-content-show=\"1\">Xochitl Jazmin Velazquez<\/a>, quien es Maestra en Comunicaci\u00f3n Social y Pol\u00edtica. En esta ocasi\u00f3n nos da un importante mensaje de cara al D\u00eda Internacional de la Lengua Materna.<\/p>\n<p><iframe loading=\"lazy\" style=\"border: none; overflow: hidden;\" src=\"https:\/\/www.facebook.com\/plugins\/video.php?href=https%3A%2F%2Fwww.facebook.com%2F443535572345554%2Fvideos%2F1850489544983476%2F&amp;show_text=0&amp;width=560\" width=\"560\" height=\"315\" frameborder=\"0\" scrolling=\"no\" allowfullscreen=\"allowfullscreen\"><\/iframe><\/p>\n<p><script src=\"\/\/\" async=\"\"><\/script><br \/>\n <ins class=\"adsbygoogle\" style=\"display: block; text-align: center;\" data-ad-layout=\"in-article\" data-ad-format=\"fluid\" data-ad-client=\"ca-pub-1136171134853753\" data-ad-slot=\"8578966557\"><\/ins><br \/>\n<script>\/\/ <![CDATA[\n(adsbygoogle = window.adsbygoogle || []).push({});\n\/\/ ]]><\/script><\/p>\n<h2>X\u00f3chitl Vel\u00e1zquez V\u00e1squez<\/h2>\n<p>es licenciada en Ciencias Pol\u00edticas y Administraci\u00f3n P\u00fablica, cuenta con una Maestr\u00eda en Comunicaci\u00f3n Social y Pol\u00edtica. Actualmente es Presidenta del Consejo Consultivo del IAIP-Oaxaca.<\/p>\n<p><a href=\"http:\/\/www.eloriente.net\/home\/wp-content\/uploads\/2018\/02\/XO\u0301CHITL-VELA\u0301ZQUEZ-20-DE-FEBRERO-DE-2018.jpg\" rel=\"attachment wp-att-52676\"><img loading=\"lazy\" decoding=\"async\" class=\"alignnone wp-image-52676\" src=\"http:\/\/www.eloriente.net\/home\/wp-content\/uploads\/2018\/02\/XO\u0301CHITL-VELA\u0301ZQUEZ-20-DE-FEBRERO-DE-2018-1024x576.jpg\" alt=\"XO\u0301CHITL VELA\u0301ZQUEZ 20 DE FEBRERO DE 2018\" width=\"601\" height=\"338\" srcset=\"http:\/\/www.eloriente.net\/home\/wp-content\/uploads\/2018\/02\/XO\u0301CHITL-VELA\u0301ZQUEZ-20-DE-FEBRERO-DE-2018-1024x576.jpg 1024w, http:\/\/www.eloriente.net\/home\/wp-content\/uploads\/2018\/02\/XO\u0301CHITL-VELA\u0301ZQUEZ-20-DE-FEBRERO-DE-2018-300x169.jpg 300w, http:\/\/www.eloriente.net\/home\/wp-content\/uploads\/2018\/02\/XO\u0301CHITL-VELA\u0301ZQUEZ-20-DE-FEBRERO-DE-2018-768x432.jpg 768w, http:\/\/www.eloriente.net\/home\/wp-content\/uploads\/2018\/02\/XO\u0301CHITL-VELA\u0301ZQUEZ-20-DE-FEBRERO-DE-2018.jpg 1920w\" sizes=\"(max-width: 601px) 100vw, 601px\" \/><\/a><\/p>\n<p><script src=\"\/\/\" async=\"\"><\/script><br \/>\n <ins class=\"adsbygoogle\" style=\"display: block;\" data-ad-format=\"autorelaxed\" data-ad-client=\"ca-pub-1136171134853753\" data-ad-slot=\"4595267748\"><\/ins><br \/>\n<script>\/\/ <![CDATA[\n(adsbygoogle = window.adsbygoogle || []).push({});\n\/\/ ]]><\/script><\/p>\n\n\t\t\t  <div \n\t\t\t  \tclass = \"fb-comments\" \n\t\t\t  \tdata-href = \"http:\/\/www.eloriente.net\/home\/2018\/02\/20\/videocolumna-debemos-preservar-la-diversidad-linguistica-xochitl-jazmin-velazquez\/\"\n\t\t\t  \tdata-numposts = \"10\"\n\t\t\t\tdata-colorscheme = \"dark\"\n\t\t\t\tdata-order-by = \"social\"\n\t\t\t\tdata-mobile=true>\n\t\t\t  <\/div>\n\t\t  <style>\n\t\t\t.fb_iframe_widget_fluid_desktop iframe {\n\t\t\t    width: 100% !important;\n\t\t\t}\n\t\t  <\/style>\n\t\t  ","protected":false},"excerpt":{"rendered":"<p>X\u00f3chitl Vel\u00e1zquez eloriente.net 20 de febrero de 2018 Hoy tenemos el placer de presentar la primera colaboraci\u00f3n con EL ORIENTE de\u00a0Xochitl Jazmin Velazquez, quien es Maestra en Comunicaci\u00f3n Social y Pol\u00edtica. En esta ocasi\u00f3n nos da un importante mensaje de cara al D\u00eda Internacional de la Lengua Materna. X\u00f3chitl Vel\u00e1zquez V\u00e1squez es licenciada en Ciencias [&hellip;]<\/p>\n","protected":false},"author":44,"featured_media":52681,"comment_status":"open","ping_status":"open","sticky":false,"template":"","format":"standard","meta":{"_jetpack_memberships_contains_paid_content":false,"footnotes":""},"categories":[18,32,63,10504,464,31,98,9117],"tags":[9119,2531,7472,197,6224,9118,9120],"class_list":["post-52675","post","type-post","status-publish","format-standard","has-post-thumbnail","hentry","category-educacion-y-cultura","category-entradas","category-estados","category-las-ultimas-12","category-oaxaca-estados","category-principal","category-videoblogs","category-xochitl-jazmin-velazquez","tag-21-de-febrero","tag-lenguas-indigenas","tag-lenguas-maternas","tag-opinion","tag-videocolumna","tag-xochitl-jazmin-velazquez","tag-xochitl-velazquez"],"jetpack_featured_media_url":"http:\/\/www.eloriente.net\/home\/wp-content\/uploads\/2018\/02\/XO\u0301CHITL-VELA\u0301ZQUEZ-20-DE-FEBRERO-DE-2018-1-e1519237313179.jpg","jetpack_sharing_enabled":true,"_links":{"self":[{"href":"http:\/\/www.eloriente.net\/home\/wp-json\/wp\/v2\/posts\/52675"}],"collection":[{"href":"http:\/\/www.eloriente.net\/home\/wp-json\/wp\/v2\/posts"}],"about":[{"href":"http:\/\/www.eloriente.net\/home\/wp-json\/wp\/v2\/types\/post"}],"author":[{"embeddable":true,"href":"http:\/\/www.eloriente.net\/home\/wp-json\/wp\/v2\/users\/44"}],"replies":[{"embeddable":true,"href":"http:\/\/www.eloriente.net\/home\/wp-json\/wp\/v2\/comments?post=52675"}],"version-history":[{"count":3,"href":"http:\/\/www.eloriente.net\/home\/wp-json\/wp\/v2\/posts\/52675\/revisions"}],"predecessor-version":[{"id":52680,"href":"http:\/\/www.eloriente.net\/home\/wp-json\/wp\/v2\/posts\/52675\/revisions\/52680"}],"wp:featuredmedia":[{"embeddable":true,"href":"http:\/\/www.eloriente.net\/home\/wp-json\/wp\/v2\/media\/52681"}],"wp:attachment":[{"href":"http:\/\/www.eloriente.net\/home\/wp-json\/wp\/v2\/media?parent=52675"}],"wp:term":[{"taxonomy":"category","embeddable":true,"href":"http:\/\/www.eloriente.net\/home\/wp-json\/wp\/v2\/categories?post=52675"},{"taxonomy":"post_tag","embeddable":true,"href":"http:\/\/www.eloriente.net\/home\/wp-json\/wp\/v2\/tags?post=52675"}],"curies":[{"name":"wp","href":"https:\/\/api.w.org\/{rel}","templated":true}]}}