{"id":52858,"date":"2018-03-06T14:03:57","date_gmt":"2018-03-06T20:03:57","guid":{"rendered":"http:\/\/www.eloriente.net\/home\/?p=52858"},"modified":"2018-03-06T14:03:57","modified_gmt":"2018-03-06T20:03:57","slug":"cultura-reporte-arete-digital-gestion-cultural-marzo-2018","status":"publish","type":"post","link":"http:\/\/www.eloriente.net\/home\/2018\/03\/06\/cultura-reporte-arete-digital-gestion-cultural-marzo-2018\/","title":{"rendered":"CULTURA: Reporte Aret\u00e9 Digital sobre gesti\u00f3n cultural, Marzo 2018"},"content":{"rendered":"<p><script src=\"\/\/pagead2.googlesyndication.com\/pagead\/js\/adsbygoogle.js\" async=\"\"><\/script><!-- BANNER ELORIENTE INCRUSTADO NOTAS --> <ins class=\"adsbygoogle\" style=\"display: inline-block; width: 300px; height: 250px;\" data-ad-client=\"ca-pub-1136171134853753\" data-ad-slot=\"7974633627\"><\/ins><script>\/\/ <![CDATA[\n(adsbygoogle = window.adsbygoogle || []).push({});\n\/\/ ]]><\/script><\/p>\n<p>&nbsp;<\/p>\n<p>(www.eloriente.net, M\u00e9xico, 6 de marzo de 2018).- La Asociaci\u00f3n Espa\u00f1ola de Gestores de Patrimonio Cultural (AEGPC) public\u00f3 su reporte mensual sobre gesti\u00f3n cultural, Aret\u00e9 Digital, marzo de 2018, en el cual muestra una s\u00edntesis sobre las actividades, convocatorias, cursos, jornadas, congresos, seminarios y noticias de la instituci\u00f3n.<\/p>\n<p>En esta edici\u00f3n destaca primeramente el<strong> XV CAIGC, el CAIG es el Curso Avanzado Internacional de Gerencia Cultural \u201cPatrimonio Cultural y Natural de Iberoam\u00e9rica<\/strong>, el cual se llevar\u00e1 a cabo del 19 al 25 de marzo en Madrid. Este a\u00f1o se dividir\u00e1 en 3 etapas. La primera el 19 y 20 de marzo en la cual se realizar\u00e1 foro, conservatorio, visita t\u00e9cnica y presentaci\u00f3n de libros. La segunda ser\u00e1 el 21 y 22 de marzo y en esta etapa habr\u00e1 conferencias y coloquios. Finalmente la tercera etapa consistir\u00e1 en un epilogo con visitas a las Ciudades Patrimonio de la Humanidad: Toledo y Alcal\u00e1 de Henares los d\u00edas 24 y 25 de marzo.<\/p>\n<p>De igual forma tenemos el <strong>Curso de Gesti\u00f3n Cultural de la Escuela de Verano 2018 UCM<\/strong>. Organizado por la Universidad Complutense de Madrid, el cual se llevar\u00e1 a cabo del 9 al 27 de julio de 2018 con horarios variados. El plazo para matricularse est\u00e1 abierto desde el 23 de enero y permanecer\u00e1 as\u00ed hasta el 8 de junio. El costo de la matr\u00edcula es de 780 euros y cuenta con solo 20 plazas.<\/p>\n<p><script src=\"\/\/\" async=\"\"><\/script><br \/>\n <ins class=\"adsbygoogle\" style=\"display: block; text-align: center;\" data-ad-layout=\"in-article\" data-ad-format=\"fluid\" data-ad-client=\"ca-pub-1136171134853753\" data-ad-slot=\"8578966557\"><\/ins><br \/>\n<script>\/\/ <![CDATA[\n(adsbygoogle = window.adsbygoogle || []).push({});\n\/\/ ]]><\/script><\/p>\n<p>Por \u00faltimo encontramos la convocatoria para las <strong>Becas de Comisariato de Exposiciones y Gesti\u00f3n de Museos<\/strong>, el cual tiene periodo para enviar solicitudes desde febrero y hasta el 11 de mayo. Son dos becas en el extranjero destinadas a formaci\u00f3n especializada con el objeto de obtener una capacitaci\u00f3n profesional en la teor\u00eda y t\u00e9cnicas sobre la gesti\u00f3n de museos y la organizaci\u00f3n de exposiciones de una manera integral. Para mayor informaci\u00f3n consultar <a href=\"https:\/\/www.fundacionbotin.org\/contenidos-becas-y-talleres\/becas-de-artes-plasticas.html\" target=\"_blank\"><strong>https:\/\/www.fundacionbotin.org\/contenidos-becas-y-talleres\/becas-de-artes-plasticas.html<\/strong><\/a> o <strong><a href=\"https:\/\/www.fundacionbotin.org\/contenidos-becas-y-talleres\/becas-de-comisariado-de-exposiciones-y-gestion-de-museos.html\" target=\"_blank\">https:\/\/www.fundacionbotin.org\/contenidos-becas-y-talleres\/becas-de-comisariado-de-exposiciones-y-gestion-de-museos.html<\/a><\/strong><\/p>\n<p>Cabe recordar que el Bolet\u00edn Aret\u00e9 es producido, dise\u00f1ado y distribuido por la Asociaci\u00f3n Espa\u00f1ola de Gestores del Patrimonio Cultural y contiene noticias, convocatorias, cursos y otro contenido de inter\u00e9s para el sector.<\/p>\n<p>A continuaci\u00f3n el visor oficial<\/p>\n<p><iframe title=\"Arete digital marzo 2018\" src=\"https:\/\/e.issuu.com\/embed.html?u=aegpc&#038;d=arete_digital_marzo_2018\" style=\"border:none; width: 640px; height: 491px;\" allow=\"clipboard-write,allow-top-navigation,allow-top-navigation-by-user-activation,allow-downloads,allow-scripts,allow-same-origin,allow-popups,allow-modals,allow-popups-to-escape-sandbox,allow-forms\"  allowfullscreen=\"true\"><\/iframe><\/p>\n<p><a href=\"http:\/\/www.eloriente.net\/home\/wp-content\/uploads\/2018\/03\/TOLEDO-por-Sharon-Mollerus.jpg\" rel=\"attachment wp-att-52859\"><img loading=\"lazy\" decoding=\"async\" class=\"alignnone wp-image-52859\" src=\"http:\/\/www.eloriente.net\/home\/wp-content\/uploads\/2018\/03\/TOLEDO-por-Sharon-Mollerus-1024x644.jpg\" alt=\"TOLEDO por Sharon Mollerus\" width=\"603\" height=\"379\" srcset=\"http:\/\/www.eloriente.net\/home\/wp-content\/uploads\/2018\/03\/TOLEDO-por-Sharon-Mollerus-1024x644.jpg 1024w, http:\/\/www.eloriente.net\/home\/wp-content\/uploads\/2018\/03\/TOLEDO-por-Sharon-Mollerus-300x189.jpg 300w, http:\/\/www.eloriente.net\/home\/wp-content\/uploads\/2018\/03\/TOLEDO-por-Sharon-Mollerus-768x483.jpg 768w, http:\/\/www.eloriente.net\/home\/wp-content\/uploads\/2018\/03\/TOLEDO-por-Sharon-Mollerus.jpg 2048w\" sizes=\"(max-width: 603px) 100vw, 603px\" \/><\/a><\/p>\n<p><script src=\"\/\/\" async=\"\"><\/script><br \/>\n <ins class=\"adsbygoogle\" style=\"display: block;\" data-ad-format=\"autorelaxed\" data-ad-client=\"ca-pub-1136171134853753\" data-ad-slot=\"4595267748\"><\/ins><br \/>\n<script>\/\/ <![CDATA[\n     (adsbygoogle = window.adsbygoogle || []).push({});\n\/\/ ]]><\/script><\/p>\n\n\t\t\t  <div \n\t\t\t  \tclass = \"fb-comments\" \n\t\t\t  \tdata-href = \"http:\/\/www.eloriente.net\/home\/2018\/03\/06\/cultura-reporte-arete-digital-gestion-cultural-marzo-2018\/\"\n\t\t\t  \tdata-numposts = \"10\"\n\t\t\t\tdata-colorscheme = \"dark\"\n\t\t\t\tdata-order-by = \"social\"\n\t\t\t\tdata-mobile=true>\n\t\t\t  <\/div>\n\t\t  <style>\n\t\t\t.fb_iframe_widget_fluid_desktop iframe {\n\t\t\t    width: 100% !important;\n\t\t\t}\n\t\t  <\/style>\n\t\t  ","protected":false},"excerpt":{"rendered":"<p>&nbsp; (www.eloriente.net, M\u00e9xico, 6 de marzo de 2018).- La Asociaci\u00f3n Espa\u00f1ola de Gestores de Patrimonio Cultural (AEGPC) public\u00f3 su reporte mensual sobre gesti\u00f3n cultural, Aret\u00e9 Digital, marzo de 2018, en el cual muestra una s\u00edntesis sobre las actividades, convocatorias, cursos, jornadas, congresos, seminarios y noticias de la instituci\u00f3n. En esta edici\u00f3n destaca primeramente el XV [&hellip;]<\/p>\n","protected":false},"author":44,"featured_media":52859,"comment_status":"open","ping_status":"open","sticky":false,"template":"","format":"standard","meta":{"_jetpack_memberships_contains_paid_content":false,"footnotes":""},"categories":[8,4300,1588,18,32,10,24],"tags":[5255,1032,426,2559,239,241,184,5635,110,1526,3255],"class_list":{"0":"post-52858","1":"post","2":"type-post","3":"status-publish","4":"format-standard","5":"has-post-thumbnail","6":"hentry","7":"category-agenda","8":"category-comunicacion","9":"category-comunicados-y-boletines","10":"category-educacion-y-cultura","11":"category-entradas","12":"category-lo-mas-reciente","13":"category-mexico-y-el-mundo","14":"tag-5255","15":"tag-agenda-2","16":"tag-arete","17":"tag-arete-digital","18":"tag-arte","19":"tag-cultura","20":"tag-educacion","21":"tag-enero","23":"tag-gestion-cultural","24":"tag-toledo"},"jetpack_featured_media_url":"http:\/\/www.eloriente.net\/home\/wp-content\/uploads\/2018\/03\/TOLEDO-por-Sharon-Mollerus.jpg","jetpack_sharing_enabled":true,"_links":{"self":[{"href":"http:\/\/www.eloriente.net\/home\/wp-json\/wp\/v2\/posts\/52858"}],"collection":[{"href":"http:\/\/www.eloriente.net\/home\/wp-json\/wp\/v2\/posts"}],"about":[{"href":"http:\/\/www.eloriente.net\/home\/wp-json\/wp\/v2\/types\/post"}],"author":[{"embeddable":true,"href":"http:\/\/www.eloriente.net\/home\/wp-json\/wp\/v2\/users\/44"}],"replies":[{"embeddable":true,"href":"http:\/\/www.eloriente.net\/home\/wp-json\/wp\/v2\/comments?post=52858"}],"version-history":[{"count":1,"href":"http:\/\/www.eloriente.net\/home\/wp-json\/wp\/v2\/posts\/52858\/revisions"}],"predecessor-version":[{"id":52860,"href":"http:\/\/www.eloriente.net\/home\/wp-json\/wp\/v2\/posts\/52858\/revisions\/52860"}],"wp:featuredmedia":[{"embeddable":true,"href":"http:\/\/www.eloriente.net\/home\/wp-json\/wp\/v2\/media\/52859"}],"wp:attachment":[{"href":"http:\/\/www.eloriente.net\/home\/wp-json\/wp\/v2\/media?parent=52858"}],"wp:term":[{"taxonomy":"category","embeddable":true,"href":"http:\/\/www.eloriente.net\/home\/wp-json\/wp\/v2\/categories?post=52858"},{"taxonomy":"post_tag","embeddable":true,"href":"http:\/\/www.eloriente.net\/home\/wp-json\/wp\/v2\/tags?post=52858"}],"curies":[{"name":"wp","href":"https:\/\/api.w.org\/{rel}","templated":true}]}}