{"id":52861,"date":"2018-03-06T19:07:00","date_gmt":"2018-03-07T01:07:00","guid":{"rendered":"http:\/\/www.eloriente.net\/home\/?p=52861"},"modified":"2018-03-06T19:28:17","modified_gmt":"2018-03-07T01:28:17","slug":"videocolumna-seamos-las-mujeres-cambiaron-la-historia-xochitl-velazquez","status":"publish","type":"post","link":"http:\/\/www.eloriente.net\/home\/2018\/03\/06\/videocolumna-seamos-las-mujeres-cambiaron-la-historia-xochitl-velazquez\/","title":{"rendered":"VIDEOCOLUMNA: Seamos las mujeres Oaxaca que cambiaron la historia. Por X\u00f3chitl Vel\u00e1zquez"},"content":{"rendered":"<p><script src=\"\/\/pagead2.googlesyndication.com\/pagead\/js\/adsbygoogle.js\" async=\"\"><\/script><!-- BANNER ELORIENTE INCRUSTADO NOTAS --> <ins class=\"adsbygoogle\" style=\"display: inline-block; width: 300px; height: 250px;\" data-ad-client=\"ca-pub-1136171134853753\" data-ad-slot=\"7974633627\"><\/ins><script>\/\/ <![CDATA[\n(adsbygoogle = window.adsbygoogle || []).push({});\n\/\/ ]]><\/script><\/p>\n<p style=\"text-align: right;\"><em>Mujeres Oaxaca<\/em><\/p>\n<p>eloriente.net<\/p>\n<p>6 de marzo de 2018<\/p>\n<p>\u00abEn el marco del D\u00eda Internacional de la Mujer, mi reconocimiento para todas las mujeres que a diario trabajan y se esfuerzan por el cuidado de su familia, ellas, quienes han logrado destacar desde sus maravillosas formas de manifestaci\u00f3n en el cotidiano vivir, sea desde el hogar, el campo, la f\u00e1brica, los comercios, la iniciativa privada o la administraci\u00f3n p\u00fablica.<\/p>\n<p>Desde esas trincheras donde diariamente aportan a la construcci\u00f3n de la lucha social, promoviendo con su accionar el que mujeres y hombres tengamos las mismas oportunidades de participaci\u00f3n en los diferentes \u00e1mbitos.\u00bb<\/p>\n<p>Esta semana X\u00f3chitl Vel\u00e1zquez nos comparte una reflexi\u00f3n sobre la importancia de la mujer en diversos \u00e1mbitos de la vida actual.<\/p>\n<p><iframe loading=\"lazy\" style=\"border: none; overflow: hidden;\" src=\"https:\/\/www.facebook.com\/plugins\/video.php?href=https%3A%2F%2Fwww.facebook.com%2F443535572345554%2Fvideos%2F1866587210040376%2F&amp;show_text=0&amp;width=560\" width=\"560\" height=\"315\" frameborder=\"0\" scrolling=\"no\" allowfullscreen=\"allowfullscreen\"><\/iframe><\/p>\n<p><script src=\"\/\/\" async=\"\"><\/script><br \/>\n <ins class=\"adsbygoogle\" style=\"display: block; text-align: center;\" data-ad-layout=\"in-article\" data-ad-format=\"fluid\" data-ad-client=\"ca-pub-1136171134853753\" data-ad-slot=\"8578966557\"><\/ins><br \/>\n<script>\/\/ <![CDATA[\n(adsbygoogle = window.adsbygoogle || []).push({});\n\/\/ ]]><\/script><\/p>\n<h2>Mujeres Oaxaca. X\u00f3chitl Vel\u00e1zquez V\u00e1squez<\/h2>\n<p>es licenciada en Ciencias Pol\u00edticas y Administraci\u00f3n P\u00fablica, cuenta con estudios de Maestr\u00eda en Comunicaci\u00f3n Social y Pol\u00edtica. Actualmente es Presidenta del Consejo Consultivo del IAIP-Oaxaca.<\/p>\n<p><a href=\"http:\/\/www.eloriente.net\/home\/wp-content\/uploads\/2018\/03\/XO\u0301THITCL-6-DE-MARZO-2018.jpg\" rel=\"attachment wp-att-52862\"><img loading=\"lazy\" decoding=\"async\" class=\"alignnone wp-image-52862\" src=\"http:\/\/www.eloriente.net\/home\/wp-content\/uploads\/2018\/03\/XO\u0301THITCL-6-DE-MARZO-2018-1024x576.jpg\" alt=\"XO\u0301THITCL 6 DE MARZO 2018\" width=\"601\" height=\"338\" srcset=\"http:\/\/www.eloriente.net\/home\/wp-content\/uploads\/2018\/03\/XO\u0301THITCL-6-DE-MARZO-2018-1024x576.jpg 1024w, http:\/\/www.eloriente.net\/home\/wp-content\/uploads\/2018\/03\/XO\u0301THITCL-6-DE-MARZO-2018-300x169.jpg 300w, http:\/\/www.eloriente.net\/home\/wp-content\/uploads\/2018\/03\/XO\u0301THITCL-6-DE-MARZO-2018-768x432.jpg 768w, http:\/\/www.eloriente.net\/home\/wp-content\/uploads\/2018\/03\/XO\u0301THITCL-6-DE-MARZO-2018.jpg 1920w\" sizes=\"(max-width: 601px) 100vw, 601px\" \/><\/a><\/p>\n<p><script src=\"\/\/\" async=\"\"><\/script><br \/>\n <ins class=\"adsbygoogle\" style=\"display: block;\" data-ad-format=\"autorelaxed\" data-ad-client=\"ca-pub-1136171134853753\" data-ad-slot=\"4595267748\"><\/ins><br \/>\n<script>\/\/ <![CDATA[\n(adsbygoogle = window.adsbygoogle || []).push({});\n\/\/ ]]><\/script><\/p>\n\n\t\t\t  <div \n\t\t\t  \tclass = \"fb-comments\" \n\t\t\t  \tdata-href = \"http:\/\/www.eloriente.net\/home\/2018\/03\/06\/videocolumna-seamos-las-mujeres-cambiaron-la-historia-xochitl-velazquez\/\"\n\t\t\t  \tdata-numposts = \"10\"\n\t\t\t\tdata-colorscheme = \"dark\"\n\t\t\t\tdata-order-by = \"social\"\n\t\t\t\tdata-mobile=true>\n\t\t\t  <\/div>\n\t\t  <style>\n\t\t\t.fb_iframe_widget_fluid_desktop iframe {\n\t\t\t    width: 100% !important;\n\t\t\t}\n\t\t  <\/style>\n\t\t  ","protected":false},"excerpt":{"rendered":"<p>Mujeres Oaxaca eloriente.net 6 de marzo de 2018 \u00abEn el marco del D\u00eda Internacional de la Mujer, mi reconocimiento para todas las mujeres que a diario trabajan y se esfuerzan por el cuidado de su familia, ellas, quienes han logrado destacar desde sus maravillosas formas de manifestaci\u00f3n en el cotidiano vivir, sea desde el hogar, [&hellip;]<\/p>\n","protected":false},"author":44,"featured_media":52862,"comment_status":"open","ping_status":"open","sticky":false,"template":"","format":"standard","meta":{"_jetpack_memberships_contains_paid_content":false,"footnotes":""},"categories":[4300,1588,71,32,63,464,21,98,9117],"tags":[6051,189,3440,197,6224,9120],"class_list":["post-52861","post","type-post","status-publish","format-standard","has-post-thumbnail","hentry","category-comunicacion","category-comunicados-y-boletines","category-elecciones","category-entradas","category-estados","category-oaxaca-estados","category-politica-y-gobierno","category-videoblogs","category-xochitl-jazmin-velazquez","tag-dia-internacional-de-la-mujer","tag-mujeres","tag-mujeres-oaxaca","tag-opinion","tag-videocolumna","tag-xochitl-velazquez"],"jetpack_featured_media_url":"http:\/\/www.eloriente.net\/home\/wp-content\/uploads\/2018\/03\/XO\u0301THITCL-6-DE-MARZO-2018.jpg","jetpack_sharing_enabled":true,"_links":{"self":[{"href":"http:\/\/www.eloriente.net\/home\/wp-json\/wp\/v2\/posts\/52861"}],"collection":[{"href":"http:\/\/www.eloriente.net\/home\/wp-json\/wp\/v2\/posts"}],"about":[{"href":"http:\/\/www.eloriente.net\/home\/wp-json\/wp\/v2\/types\/post"}],"author":[{"embeddable":true,"href":"http:\/\/www.eloriente.net\/home\/wp-json\/wp\/v2\/users\/44"}],"replies":[{"embeddable":true,"href":"http:\/\/www.eloriente.net\/home\/wp-json\/wp\/v2\/comments?post=52861"}],"version-history":[{"count":2,"href":"http:\/\/www.eloriente.net\/home\/wp-json\/wp\/v2\/posts\/52861\/revisions"}],"predecessor-version":[{"id":52864,"href":"http:\/\/www.eloriente.net\/home\/wp-json\/wp\/v2\/posts\/52861\/revisions\/52864"}],"wp:featuredmedia":[{"embeddable":true,"href":"http:\/\/www.eloriente.net\/home\/wp-json\/wp\/v2\/media\/52862"}],"wp:attachment":[{"href":"http:\/\/www.eloriente.net\/home\/wp-json\/wp\/v2\/media?parent=52861"}],"wp:term":[{"taxonomy":"category","embeddable":true,"href":"http:\/\/www.eloriente.net\/home\/wp-json\/wp\/v2\/categories?post=52861"},{"taxonomy":"post_tag","embeddable":true,"href":"http:\/\/www.eloriente.net\/home\/wp-json\/wp\/v2\/tags?post=52861"}],"curies":[{"name":"wp","href":"https:\/\/api.w.org\/{rel}","templated":true}]}}