{"id":52875,"date":"2018-03-07T19:00:22","date_gmt":"2018-03-08T01:00:22","guid":{"rendered":"http:\/\/www.eloriente.net\/home\/?p=52875"},"modified":"2018-03-07T19:16:41","modified_gmt":"2018-03-08T01:16:41","slug":"videocolumna-movimiento-feminista-no-se-quede-exigencia-mariana-aragon","status":"publish","type":"post","link":"http:\/\/www.eloriente.net\/home\/2018\/03\/07\/videocolumna-movimiento-feminista-no-se-quede-exigencia-mariana-aragon\/","title":{"rendered":"VIDEOCOLUMNA: Que el movimiento feminista no se quede en exigencia. Por Mariana Arag\u00f3n"},"content":{"rendered":"<p><script src=\"\/\/pagead2.googlesyndication.com\/pagead\/js\/adsbygoogle.js\" async=\"\"><\/script><!-- BANNER ELORIENTE INCRUSTADO NOTAS --> <ins class=\"adsbygoogle\" style=\"display: inline-block; width: 300px; height: 250px;\" data-ad-client=\"ca-pub-1136171134853753\" data-ad-slot=\"7974633627\"><\/ins><script>\/\/ <![CDATA[\n(adsbygoogle = window.adsbygoogle || []).push({});\n\/\/ ]]><\/script><\/p>\n<p style=\"text-align: right;\"><em>Movimiento Feminista<\/em><\/p>\n<p>eloriente.net<\/p>\n<p>7 de marzo de 2018<\/p>\n<p>\u00abEs un gusto estar de nuevo con los amigos de El Oriente para comentar que ma\u00f1ana celebramos el D\u00eda Internacional de la Mujer, cuyo tema para \u00e9ste 2018 de acuerdo a la ONU, \u00abes Ahora es el momento: las activistas rurales y urbanas transforman la vida de las mujeres\u201d.<\/p>\n<p>Muy a prop\u00f3sito de la gran convocatoria a la Huelga que los colectivos feministas iniciaron desde el primer d\u00eda del a\u00f1o, llamando a las mujeres del mundo a no ir al trabajo, no consumir, y no cuidar de nadie; p<span class=\"text_exposed_show\">ara visibilizar las grandes contribuciones de las mujeres en sus entornos y as\u00ed mandarle un mensaje de protesta a los gobiernos del mundo que les haga poner en primer plano de su Agenda, la agenda de las mujeres, con el \u00fanico fin de hacerles cumplir el compromiso de eliminar las brechas que impiden su pleno desarrollo y la violencia en su contra.\u00bb<\/span><\/p>\n<p>Esta semana @Mariana Arag\u00f3n Mi nos da una opini\u00f3n con respecto al D\u00eda Internacional de la Mujer y sobre la igualdad.<\/p>\n<h2>Movimiento Feminista<\/h2>\n<p><iframe loading=\"lazy\" style=\"border: none; overflow: hidden;\" src=\"https:\/\/www.facebook.com\/plugins\/video.php?href=https%3A%2F%2Fwww.facebook.com%2F443535572345554%2Fvideos%2F1867775633254867%2F&amp;show_text=0&amp;width=560\" width=\"560\" height=\"315\" frameborder=\"0\" scrolling=\"no\" allowfullscreen=\"allowfullscreen\"><\/iframe><\/p>\n<p><script src=\"\/\/\" async=\"\"><\/script><br \/>\n <ins class=\"adsbygoogle\" style=\"display: block; text-align: center;\" data-ad-layout=\"in-article\" data-ad-format=\"fluid\" data-ad-client=\"ca-pub-1136171134853753\" data-ad-slot=\"8578966557\"><\/ins><br \/>\n<script>\/\/ <![CDATA[\n(adsbygoogle = window.adsbygoogle || []).push({});\n\/\/ ]]><\/script><\/p>\n<h2>Mariana Arag\u00f3n<\/h2>\n<p>es Directora de PROYECTA, estrategias de Comunicaci\u00f3n Pol\u00edtica. Adem\u00e1s es articulista y tallerista.<\/p>\n<p><a href=\"http:\/\/www.eloriente.net\/home\/wp-content\/uploads\/2018\/03\/MARIANA-ARAGO\u0301N-7-DE-MARZO2018.jpg\" rel=\"attachment wp-att-52876\"><img loading=\"lazy\" decoding=\"async\" class=\"alignnone wp-image-52876\" src=\"http:\/\/www.eloriente.net\/home\/wp-content\/uploads\/2018\/03\/MARIANA-ARAGO\u0301N-7-DE-MARZO2018-1024x576.jpg\" alt=\"MARIANA ARAGO\u0301N 7 DE MARZO2018\" width=\"600\" height=\"338\" srcset=\"http:\/\/www.eloriente.net\/home\/wp-content\/uploads\/2018\/03\/MARIANA-ARAGO\u0301N-7-DE-MARZO2018-1024x576.jpg 1024w, http:\/\/www.eloriente.net\/home\/wp-content\/uploads\/2018\/03\/MARIANA-ARAGO\u0301N-7-DE-MARZO2018-300x169.jpg 300w, http:\/\/www.eloriente.net\/home\/wp-content\/uploads\/2018\/03\/MARIANA-ARAGO\u0301N-7-DE-MARZO2018-768x432.jpg 768w, http:\/\/www.eloriente.net\/home\/wp-content\/uploads\/2018\/03\/MARIANA-ARAGO\u0301N-7-DE-MARZO2018.jpg 1920w\" sizes=\"(max-width: 600px) 100vw, 600px\" \/><\/a><\/p>\n<p><script src=\"\/\/\" async=\"\"><\/script><br \/>\n <ins class=\"adsbygoogle\" style=\"display: block;\" data-ad-format=\"autorelaxed\" data-ad-client=\"ca-pub-1136171134853753\" data-ad-slot=\"4595267748\"><\/ins><br \/>\n<script>\/\/ <![CDATA[\n(adsbygoogle = window.adsbygoogle || []).push({});\n\/\/ ]]><\/script><\/p>\n\n\t\t\t  <div \n\t\t\t  \tclass = \"fb-comments\" \n\t\t\t  \tdata-href = \"http:\/\/www.eloriente.net\/home\/2018\/03\/07\/videocolumna-movimiento-feminista-no-se-quede-exigencia-mariana-aragon\/\"\n\t\t\t  \tdata-numposts = \"10\"\n\t\t\t\tdata-colorscheme = \"dark\"\n\t\t\t\tdata-order-by = \"social\"\n\t\t\t\tdata-mobile=true>\n\t\t\t  <\/div>\n\t\t  <style>\n\t\t\t.fb_iframe_widget_fluid_desktop iframe {\n\t\t\t    width: 100% !important;\n\t\t\t}\n\t\t  <\/style>\n\t\t  ","protected":false},"excerpt":{"rendered":"<p>Movimiento Feminista eloriente.net 7 de marzo de 2018 \u00abEs un gusto estar de nuevo con los amigos de El Oriente para comentar que ma\u00f1ana celebramos el D\u00eda Internacional de la Mujer, cuyo tema para \u00e9ste 2018 de acuerdo a la ONU, \u00abes Ahora es el momento: las activistas rurales y urbanas transforman la vida de [&hellip;]<\/p>\n","protected":false},"author":44,"featured_media":52876,"comment_status":"open","ping_status":"open","sticky":false,"template":"","format":"standard","meta":{"_jetpack_memberships_contains_paid_content":false,"footnotes":""},"categories":[91,22,32,10,8746,24,98],"tags":[6051,1685,8748,8747,9171,551,189,197],"class_list":["post-52875","post","type-post","status-publish","format-standard","has-post-thumbnail","hentry","category-congreso-y-justicia","category-derechos-humanos","category-entradas","category-lo-mas-reciente","category-mariana-aragon-mijangos","category-mexico-y-el-mundo","category-videoblogs","tag-dia-internacional-de-la-mujer","tag-huelga","tag-mariana-aragon","tag-mariana-aragon-mijangos","tag-movimiento-feminista","tag-mujer","tag-mujeres","tag-opinion"],"jetpack_featured_media_url":"http:\/\/www.eloriente.net\/home\/wp-content\/uploads\/2018\/03\/MARIANA-ARAGO\u0301N-7-DE-MARZO2018.jpg","jetpack_sharing_enabled":true,"_links":{"self":[{"href":"http:\/\/www.eloriente.net\/home\/wp-json\/wp\/v2\/posts\/52875"}],"collection":[{"href":"http:\/\/www.eloriente.net\/home\/wp-json\/wp\/v2\/posts"}],"about":[{"href":"http:\/\/www.eloriente.net\/home\/wp-json\/wp\/v2\/types\/post"}],"author":[{"embeddable":true,"href":"http:\/\/www.eloriente.net\/home\/wp-json\/wp\/v2\/users\/44"}],"replies":[{"embeddable":true,"href":"http:\/\/www.eloriente.net\/home\/wp-json\/wp\/v2\/comments?post=52875"}],"version-history":[{"count":3,"href":"http:\/\/www.eloriente.net\/home\/wp-json\/wp\/v2\/posts\/52875\/revisions"}],"predecessor-version":[{"id":52879,"href":"http:\/\/www.eloriente.net\/home\/wp-json\/wp\/v2\/posts\/52875\/revisions\/52879"}],"wp:featuredmedia":[{"embeddable":true,"href":"http:\/\/www.eloriente.net\/home\/wp-json\/wp\/v2\/media\/52876"}],"wp:attachment":[{"href":"http:\/\/www.eloriente.net\/home\/wp-json\/wp\/v2\/media?parent=52875"}],"wp:term":[{"taxonomy":"category","embeddable":true,"href":"http:\/\/www.eloriente.net\/home\/wp-json\/wp\/v2\/categories?post=52875"},{"taxonomy":"post_tag","embeddable":true,"href":"http:\/\/www.eloriente.net\/home\/wp-json\/wp\/v2\/tags?post=52875"}],"curies":[{"name":"wp","href":"https:\/\/api.w.org\/{rel}","templated":true}]}}