{"id":52889,"date":"2018-03-08T12:20:13","date_gmt":"2018-03-08T18:20:13","guid":{"rendered":"http:\/\/www.eloriente.net\/home\/?p=52889"},"modified":"2018-03-08T12:20:13","modified_gmt":"2018-03-08T18:20:13","slug":"videocolumna-abandono-al-campo-la-costa-karina-baron","status":"publish","type":"post","link":"http:\/\/www.eloriente.net\/home\/2018\/03\/08\/videocolumna-abandono-al-campo-la-costa-karina-baron\/","title":{"rendered":"VIDEOCOLUMNA: El abandono al campo en la Costa. Por Karina Bar\u00f3n"},"content":{"rendered":"<p><script src=\"\/\/pagead2.googlesyndication.com\/pagead\/js\/adsbygoogle.js\" async=\"\"><\/script><!-- BANNER ELORIENTE INCRUSTADO NOTAS --> <ins class=\"adsbygoogle\" style=\"display: inline-block; width: 300px; height: 250px;\" data-ad-client=\"ca-pub-1136171134853753\" data-ad-slot=\"7974633627\"><\/ins><script>\/\/ <![CDATA[\n(adsbygoogle = window.adsbygoogle || []).push({});\n\/\/ ]]><\/script><\/p>\n<p>&nbsp;<\/p>\n<p>eloriente.net<\/p>\n<p>8 de marzo de 2018<\/p>\n<p>\u00abIr a la Costa de Oaxaca siempre es acudir al coraz\u00f3n de la gente alegre de mi estado. Fui a Barrio Nuevo Cozoaltepec Tonameca, San Pedro Pochutla, y varios municipios m\u00e1s. Todos, llenos de personas entusiastas y \u00e1vidas de salir adelante. En Pochutla, se termin\u00f3 la pavimentaci\u00f3n de la Avenida Adolfo L\u00f3pez Mateos, paso obligado para los alumnos de la Secundaria Federal 114, de la Universidad REU y el CETMAR. En Tonameca, una cancha techada que qued\u00f3 muy funcional.\u00bb<\/p>\n<p><a class=\"profileLink\" href=\"https:\/\/www.facebook.com\/KarinaBaronO\/?fref=mentions\" data-hovercard=\"\/ajax\/hovercard\/page.php?id=1608616546024857&amp;extragetparams=%7B%22fref%22%3A%22mentions%22%7D\" data-hovercard-prefer-more-content-show=\"1\">Karina Bar\u00f3n<\/a>\u00a0nos habla en esta ocasi\u00f3n sobre el abandono al campo que existe por parte del gobierno en diversas comunidades, como ejemplo nos pone el caso de San Pedro Pochutla.<\/p>\n<p><iframe loading=\"lazy\" style=\"border: none; overflow: hidden;\" src=\"https:\/\/www.facebook.com\/plugins\/video.php?href=https%3A%2F%2Fwww.facebook.com%2F443535572345554%2Fvideos%2F1867800746585689%2F&amp;show_text=0&amp;width=560\" width=\"560\" height=\"315\" frameborder=\"0\" scrolling=\"no\" allowfullscreen=\"allowfullscreen\"><\/iframe><\/p>\n<p><script src=\"\/\/\" async=\"\"><\/script><br \/>\n <ins class=\"adsbygoogle\" style=\"display: block; text-align: center;\" data-ad-layout=\"in-article\" data-ad-format=\"fluid\" data-ad-client=\"ca-pub-1136171134853753\" data-ad-slot=\"8578966557\"><\/ins><br \/>\n<script>\/\/ <![CDATA[\n     (adsbygoogle = window.adsbygoogle || []).push({});\n\/\/ ]]><\/script><\/p>\n<h2>Karina Bar\u00f3n<\/h2>\n<p>es Licenciada en Derecho por la Universidad Aut\u00f3noma Benito Ju\u00e1rez de Oaxaca (UABJO), la universidad p\u00fablica del estado de Oaxaca y fue dirigente nacional de la Uni\u00f3n General Obrero, Campesina y Popular A.C. (UGOCP).<\/p>\n<p>Actualmente es Diputada Federal por el grupo parlamentario del Movimiento de Regeneraci\u00f3n Nacional (Morena), integrante de la Comisi\u00f3n de Agricultura y Sistemas de Riego, Secretaria de las comisiones de Desarrollo Social y Asuntos Frontera Sur-Sureste, y Presidenta de la Comisi\u00f3n de seguimiento al Programa Especial Concurrente Anexo 11.1\u00a0en la C\u00e1mara de Diputados.<\/p>\n<p><a href=\"http:\/\/www.eloriente.net\/home\/wp-content\/uploads\/2018\/03\/KARINA-BARO\u0301N-7-DE-MARZO-DE-2018.jpg\" rel=\"attachment wp-att-52890\"><img loading=\"lazy\" decoding=\"async\" class=\"alignnone  wp-image-52890\" src=\"http:\/\/www.eloriente.net\/home\/wp-content\/uploads\/2018\/03\/KARINA-BARO\u0301N-7-DE-MARZO-DE-2018-1024x576.jpg\" alt=\"KARINA BARO\u0301N 7 DE MARZO DE 2018\" width=\"603\" height=\"339\" srcset=\"http:\/\/www.eloriente.net\/home\/wp-content\/uploads\/2018\/03\/KARINA-BARO\u0301N-7-DE-MARZO-DE-2018-1024x576.jpg 1024w, http:\/\/www.eloriente.net\/home\/wp-content\/uploads\/2018\/03\/KARINA-BARO\u0301N-7-DE-MARZO-DE-2018-300x169.jpg 300w, http:\/\/www.eloriente.net\/home\/wp-content\/uploads\/2018\/03\/KARINA-BARO\u0301N-7-DE-MARZO-DE-2018-768x432.jpg 768w, http:\/\/www.eloriente.net\/home\/wp-content\/uploads\/2018\/03\/KARINA-BARO\u0301N-7-DE-MARZO-DE-2018.jpg 1920w\" sizes=\"(max-width: 603px) 100vw, 603px\" \/><\/a><\/p>\n<p><script src=\"\/\/\" async=\"\"><\/script><br \/>\n <ins class=\"adsbygoogle\" style=\"display: block;\" data-ad-format=\"autorelaxed\" data-ad-client=\"ca-pub-1136171134853753\" data-ad-slot=\"4595267748\"><\/ins><br \/>\n<script>\/\/ <![CDATA[\n     (adsbygoogle = window.adsbygoogle || []).push({});\n\/\/ ]]><\/script><\/p>\n\n\t\t\t  <div \n\t\t\t  \tclass = \"fb-comments\" \n\t\t\t  \tdata-href = \"http:\/\/www.eloriente.net\/home\/2018\/03\/08\/videocolumna-abandono-al-campo-la-costa-karina-baron\/\"\n\t\t\t  \tdata-numposts = \"10\"\n\t\t\t\tdata-colorscheme = \"dark\"\n\t\t\t\tdata-order-by = \"social\"\n\t\t\t\tdata-mobile=true>\n\t\t\t  <\/div>\n\t\t  <style>\n\t\t\t.fb_iframe_widget_fluid_desktop iframe {\n\t\t\t    width: 100% !important;\n\t\t\t}\n\t\t  <\/style>\n\t\t  ","protected":false},"excerpt":{"rendered":"<p>&nbsp; eloriente.net 8 de marzo de 2018 \u00abIr a la Costa de Oaxaca siempre es acudir al coraz\u00f3n de la gente alegre de mi estado. Fui a Barrio Nuevo Cozoaltepec Tonameca, San Pedro Pochutla, y varios municipios m\u00e1s. Todos, llenos de personas entusiastas y \u00e1vidas de salir adelante. En Pochutla, se termin\u00f3 la pavimentaci\u00f3n de [&hellip;]<\/p>\n","protected":false},"author":44,"featured_media":52890,"comment_status":"open","ping_status":"open","sticky":false,"template":"","format":"standard","meta":{"_jetpack_memberships_contains_paid_content":false,"footnotes":""},"categories":[4300,1588,91,32,63,6324,23,464,21,98],"tags":[9173,552,477,277,4418,265,344,197,6224],"class_list":["post-52889","post","type-post","status-publish","format-standard","has-post-thumbnail","hentry","category-comunicacion","category-comunicados-y-boletines","category-congreso-y-justicia","category-entradas","category-estados","category-karina-baron","category-municipios","category-oaxaca-estados","category-politica-y-gobierno","category-videoblogs","tag-atencion-al-campo","tag-campo","tag-el-oriente","tag-gobierno","tag-karina-baron","tag-legislacion","tag-municipios-2","tag-opinion","tag-videocolumna"],"jetpack_featured_media_url":"http:\/\/www.eloriente.net\/home\/wp-content\/uploads\/2018\/03\/KARINA-BARO\u0301N-7-DE-MARZO-DE-2018.jpg","jetpack_sharing_enabled":true,"_links":{"self":[{"href":"http:\/\/www.eloriente.net\/home\/wp-json\/wp\/v2\/posts\/52889"}],"collection":[{"href":"http:\/\/www.eloriente.net\/home\/wp-json\/wp\/v2\/posts"}],"about":[{"href":"http:\/\/www.eloriente.net\/home\/wp-json\/wp\/v2\/types\/post"}],"author":[{"embeddable":true,"href":"http:\/\/www.eloriente.net\/home\/wp-json\/wp\/v2\/users\/44"}],"replies":[{"embeddable":true,"href":"http:\/\/www.eloriente.net\/home\/wp-json\/wp\/v2\/comments?post=52889"}],"version-history":[{"count":1,"href":"http:\/\/www.eloriente.net\/home\/wp-json\/wp\/v2\/posts\/52889\/revisions"}],"predecessor-version":[{"id":52893,"href":"http:\/\/www.eloriente.net\/home\/wp-json\/wp\/v2\/posts\/52889\/revisions\/52893"}],"wp:featuredmedia":[{"embeddable":true,"href":"http:\/\/www.eloriente.net\/home\/wp-json\/wp\/v2\/media\/52890"}],"wp:attachment":[{"href":"http:\/\/www.eloriente.net\/home\/wp-json\/wp\/v2\/media?parent=52889"}],"wp:term":[{"taxonomy":"category","embeddable":true,"href":"http:\/\/www.eloriente.net\/home\/wp-json\/wp\/v2\/categories?post=52889"},{"taxonomy":"post_tag","embeddable":true,"href":"http:\/\/www.eloriente.net\/home\/wp-json\/wp\/v2\/tags?post=52889"}],"curies":[{"name":"wp","href":"https:\/\/api.w.org\/{rel}","templated":true}]}}