{"id":52891,"date":"2018-03-08T12:48:09","date_gmt":"2018-03-08T18:48:09","guid":{"rendered":"http:\/\/www.eloriente.net\/home\/?p=52891"},"modified":"2018-03-08T12:48:09","modified_gmt":"2018-03-08T18:48:09","slug":"oaxaca-murat","status":"publish","type":"post","link":"http:\/\/www.eloriente.net\/home\/2018\/03\/08\/oaxaca-murat\/","title":{"rendered":"OAXACA Murat: todo el gobierno cumplir\u00e1 acciones a favor de la mujer"},"content":{"rendered":"<p><script src=\"\/\/pagead2.googlesyndication.com\/pagead\/js\/adsbygoogle.js\" async=\"\"><\/script><!-- BANNER ELORIENTE INCRUSTADO NOTAS --> <ins class=\"adsbygoogle\" style=\"display: inline-block; width: 300px; height: 250px;\" data-ad-client=\"ca-pub-1136171134853753\" data-ad-slot=\"7974633627\"><\/ins><script>\/\/ <![CDATA[\n(adsbygoogle = window.adsbygoogle || []).push({});\n\/\/ ]]><\/script><br \/>\n(www.eloriente.net, M\u00e9xico, a 8 de marzo de 2018, por: Fernando Garc\u00eda Osorio).- Las mujeres de Oaxaca pueden estar seguras que el gobierno est\u00e1 trabajando para que ning\u00fan delito que se cometa en su contra quede impune, dijo este mediod\u00eda Alejandro Murat, gobernador de Oaxaca.<\/p>\n<p>Lo anterior, luego de que la Secretar\u00eda de la Mujer Oaxaque\u00f1a (SMO) presentara la campa\u00f1a La Violencia de G\u00e9nero te afecta #Atitambi\u00e9n y se instalara la sesi\u00f3n ordinaria del Sistema Estatal para la igualdad entre Hombre y Mujeres, en el Centro de Convenciones ubicado en inmediaciones del municipio de Santa Luc\u00eda del Camino.<\/p>\n<p>En la instalaci\u00f3n de dicho Consejo, el gobernador invit\u00f3 a los otros dos poderes del Estado para que se ampl\u00ede este consejo con su participaci\u00f3n, as\u00ed como la de otros sectores. Asimismo, propuso 4 puntos centrales:<\/p>\n<ol>\n<li>La realizaci\u00f3n de una acci\u00f3n afirmativa a favor de las mujeres por cada una de las instancias integrantes del Sistema, presentadas a m\u00e1s tardar el 8 de mayo.<\/li>\n<li>Instrumentaci\u00f3n en todas las dependencias de la Norma de Certificaci\u00f3n Oficial Mexicana en igualdad y no discriminaci\u00f3n.<\/li>\n<li>Aplicaci\u00f3n del protocolo para la prevenci\u00f3n y sanci\u00f3n del hostigamiento y el acoso sexual en todos los \u00f3rganos.<\/li>\n<li>Otorgar espacio f\u00edsico, facilidades, recursos y capital humano para la instalaci\u00f3n de las unidades de g\u00e9nero en todas las instancias del gobierno.<\/li>\n<\/ol>\n<p>Los puntos fueron aprobados por unanimidad.<\/p>\n<p>Adicionalmente, durante entrevista con reporteros y medios de comunicaci\u00f3n, toc\u00f3 diversos temas relacionados, como el de la paridad de g\u00e9nero en su administraci\u00f3n:<\/p>\n<p>\u00abYo tengo un compromiso: durante el proceso de mi gobierno la mitad de las posiciones en mi gobierno (o m\u00e1s) estar\u00e1n ocupadas por mujeres\u00bb, se\u00f1al\u00f3, luego de recordar que su compromiso como candidato al gobierno de Oaxaca giraba precisamente en esa direcci\u00f3n.<\/p>\n<p>Asimismo, que se encuentran trabajando diversas instancias para verificar la procedencia o no de la Alerta de G\u00e9nero en el estado. \u00abAqu\u00ed lo importante no es una alerta o no alerta, es trabajar en la prevenci\u00f3n y que haya igualdad en Oaxaca entre hombres y mujeres; y en segundo lugar que quien viole la ley en contra de ellas no queden impunes\u00bb.<\/p>\n<p>Destac\u00f3 la realizaci\u00f3n de una campa\u00f1a en medios de comunicaci\u00f3n en Oaxaca para prevenir la violencia y en segundo lugar el trabajo de la SMO de forma transversal, para que todas las instancias del gobierno laboren en la misma direcci\u00f3n.<\/p>\n<h3>Entrevista<\/h3>\n<p><iframe loading=\"lazy\" style=\"border: none; overflow: hidden;\" src=\"https:\/\/www.facebook.com\/plugins\/video.php?href=https%3A%2F%2Fwww.facebook.com%2Fcortv%2Fvideos%2F10160200919620512%2F&amp;show_text=0&amp;width=560\" width=\"560\" height=\"315\" frameborder=\"0\" scrolling=\"no\" allowfullscreen=\"allowfullscreen\"><\/iframe><br \/>\n<script src=\"\/\/pagead2.googlesyndication.com\/pagead\/js\/adsbygoogle.js\" async=\"\"><\/script><br \/>\n <ins class=\"adsbygoogle\" style=\"display: block;\" data-ad-format=\"autorelaxed\" data-ad-client=\"ca-pub-1136171134853753\" data-ad-slot=\"4595267748\"><\/ins><br \/>\n<script>\/\/ <![CDATA[\n     (adsbygoogle = window.adsbygoogle || []).push({});\n\/\/ ]]><\/script><\/p>\n\n\t\t\t  <div \n\t\t\t  \tclass = \"fb-comments\" \n\t\t\t  \tdata-href = \"http:\/\/www.eloriente.net\/home\/2018\/03\/08\/oaxaca-murat\/\"\n\t\t\t  \tdata-numposts = \"10\"\n\t\t\t\tdata-colorscheme = \"dark\"\n\t\t\t\tdata-order-by = \"social\"\n\t\t\t\tdata-mobile=true>\n\t\t\t  <\/div>\n\t\t  <style>\n\t\t\t.fb_iframe_widget_fluid_desktop iframe {\n\t\t\t    width: 100% !important;\n\t\t\t}\n\t\t  <\/style>\n\t\t  ","protected":false},"excerpt":{"rendered":"<p>(www.eloriente.net, M\u00e9xico, a 8 de marzo de 2018, por: Fernando Garc\u00eda Osorio).- Las mujeres de Oaxaca pueden estar seguras que el gobierno est\u00e1 trabajando para que ning\u00fan delito que se cometa en su contra quede impune, dijo este mediod\u00eda Alejandro Murat, gobernador de Oaxaca. Lo anterior, luego de que la Secretar\u00eda de la Mujer Oaxaque\u00f1a [&hellip;]<\/p>\n","protected":false},"author":1,"featured_media":52892,"comment_status":"open","ping_status":"open","sticky":false,"template":"","format":"standard","meta":{"_jetpack_memberships_contains_paid_content":false,"footnotes":""},"categories":[4,22,49,9],"tags":[3440,9176,9174,9175],"class_list":["post-52891","post","type-post","status-publish","format-standard","has-post-thumbnail","hentry","category-canal-2-en-vivo","category-derechos-humanos","category-destacadas","category-editorial","tag-mujeres-oaxaca","tag-prevencion-de-la-violencia","tag-secretaria-de-la-mujer-oaxaquena","tag-sistema-mujer"],"jetpack_featured_media_url":"http:\/\/www.eloriente.net\/home\/wp-content\/uploads\/2018\/03\/Oaxaca-Murat.png","jetpack_sharing_enabled":true,"_links":{"self":[{"href":"http:\/\/www.eloriente.net\/home\/wp-json\/wp\/v2\/posts\/52891"}],"collection":[{"href":"http:\/\/www.eloriente.net\/home\/wp-json\/wp\/v2\/posts"}],"about":[{"href":"http:\/\/www.eloriente.net\/home\/wp-json\/wp\/v2\/types\/post"}],"author":[{"embeddable":true,"href":"http:\/\/www.eloriente.net\/home\/wp-json\/wp\/v2\/users\/1"}],"replies":[{"embeddable":true,"href":"http:\/\/www.eloriente.net\/home\/wp-json\/wp\/v2\/comments?post=52891"}],"version-history":[{"count":1,"href":"http:\/\/www.eloriente.net\/home\/wp-json\/wp\/v2\/posts\/52891\/revisions"}],"predecessor-version":[{"id":52894,"href":"http:\/\/www.eloriente.net\/home\/wp-json\/wp\/v2\/posts\/52891\/revisions\/52894"}],"wp:featuredmedia":[{"embeddable":true,"href":"http:\/\/www.eloriente.net\/home\/wp-json\/wp\/v2\/media\/52892"}],"wp:attachment":[{"href":"http:\/\/www.eloriente.net\/home\/wp-json\/wp\/v2\/media?parent=52891"}],"wp:term":[{"taxonomy":"category","embeddable":true,"href":"http:\/\/www.eloriente.net\/home\/wp-json\/wp\/v2\/categories?post=52891"},{"taxonomy":"post_tag","embeddable":true,"href":"http:\/\/www.eloriente.net\/home\/wp-json\/wp\/v2\/tags?post=52891"}],"curies":[{"name":"wp","href":"https:\/\/api.w.org\/{rel}","templated":true}]}}