{"id":52898,"date":"2018-03-08T15:29:28","date_gmt":"2018-03-08T21:29:28","guid":{"rendered":"http:\/\/www.eloriente.net\/home\/?p=52898"},"modified":"2018-03-08T17:04:52","modified_gmt":"2018-03-08T23:04:52","slug":"videocolumna-8-marzo-no-me-felicites-mejor-levantate-lucha-conmigo-alejandra-garcia-morlan","status":"publish","type":"post","link":"http:\/\/www.eloriente.net\/home\/2018\/03\/08\/videocolumna-8-marzo-no-me-felicites-mejor-levantate-lucha-conmigo-alejandra-garcia-morlan\/","title":{"rendered":"VIDEOCOLUMNA: 8 de marzo, no me felicites, mejor lev\u00e1ntate y lucha conmigo. Por Alejandra Garc\u00eda Morlan"},"content":{"rendered":"<p><script src=\"\/\/pagead2.googlesyndication.com\/pagead\/js\/adsbygoogle.js\" async=\"\"><\/script><!-- BANNER ELORIENTE INCRUSTADO NOTAS --> <ins class=\"adsbygoogle\" style=\"display: inline-block; width: 300px; height: 250px;\" data-ad-client=\"ca-pub-1136171134853753\" data-ad-slot=\"7974633627\"><\/ins><script>\/\/ <![CDATA[\n(adsbygoogle = window.adsbygoogle || []).push({});\n\/\/ ]]><\/script><\/p>\n<p>&nbsp;<\/p>\n<p>eloriente.net<\/p>\n<p>8 de marzo de 2018<\/p>\n<p>\u00abPor favor, este 8 de marzo no nos feliciten, no queremos rosas, ni tarjetas ni regalos. El d\u00eda internacional de la mujer es una fecha para conmemorar la lucha por la igualdad entre hombres y mujeres, para honrar a quienes han abierto brecha para visibilizar la situaci\u00f3n en la que nos encontramos m\u00e1s de la mitad de la poblaci\u00f3n&#8230;\u00bb<\/p>\n<p>Hoy en el marco del D\u00eda Internacional de la Mujer,\u00a0<a class=\"profileLink\" href=\"https:\/\/www.facebook.com\/alejandra.morlan?fref=mentions\" data-hovercard=\"\/ajax\/hovercard\/user.php?id=671441853&amp;extragetparams=%7B%22fref%22%3A%22mentions%22%7D\" data-hovercard-prefer-more-content-show=\"1\">Alejandra Garc\u00eda Morlan<\/a>nos comparte una interesante reflexi\u00f3n sobre la trascendencia de las acciones a tomar en este importante d\u00eda.<\/p>\n<p><iframe loading=\"lazy\" style=\"border: none; overflow: hidden;\" src=\"https:\/\/www.facebook.com\/plugins\/video.php?href=https%3A%2F%2Fwww.facebook.com%2F443535572345554%2Fvideos%2F1868860996479664%2F&amp;show_text=0&amp;width=560\" width=\"560\" height=\"315\" frameborder=\"0\" scrolling=\"no\" allowfullscreen=\"allowfullscreen\"><\/iframe><\/p>\n<p><script src=\"\/\/\" async=\"\"><\/script><br \/>\n <ins class=\"adsbygoogle\" style=\"display: block; text-align: center;\" data-ad-layout=\"in-article\" data-ad-format=\"fluid\" data-ad-client=\"ca-pub-1136171134853753\" data-ad-slot=\"8578966557\"><\/ins><br \/>\n<script>\/\/ <![CDATA[\n(adsbygoogle = window.adsbygoogle || []).push({});\n\/\/ ]]><\/script><\/p>\n<h2>Alejandra Garc\u00eda Morlan<\/h2>\n<p>es Licenciada en Comercio Exterior. Funge como Consejera Nacional Partido Acci\u00f3n Nacional y adem\u00e1s fue diputada local.<\/p>\n<p><a href=\"http:\/\/www.eloriente.net\/home\/wp-content\/uploads\/2018\/03\/ALEJANDRA-GARCI\u0301A-MORAL-8-DE-MARZO.jpg\" rel=\"attachment wp-att-52899\"><img loading=\"lazy\" decoding=\"async\" class=\"alignnone wp-image-52899\" src=\"http:\/\/www.eloriente.net\/home\/wp-content\/uploads\/2018\/03\/ALEJANDRA-GARCI\u0301A-MORAL-8-DE-MARZO-1024x576.jpg\" alt=\"ALEJANDRA GARCI\u0301A MORAL 8 DE MARZO\" width=\"604\" height=\"340\" srcset=\"http:\/\/www.eloriente.net\/home\/wp-content\/uploads\/2018\/03\/ALEJANDRA-GARCI\u0301A-MORAL-8-DE-MARZO-1024x576.jpg 1024w, http:\/\/www.eloriente.net\/home\/wp-content\/uploads\/2018\/03\/ALEJANDRA-GARCI\u0301A-MORAL-8-DE-MARZO-300x169.jpg 300w, http:\/\/www.eloriente.net\/home\/wp-content\/uploads\/2018\/03\/ALEJANDRA-GARCI\u0301A-MORAL-8-DE-MARZO-768x432.jpg 768w, http:\/\/www.eloriente.net\/home\/wp-content\/uploads\/2018\/03\/ALEJANDRA-GARCI\u0301A-MORAL-8-DE-MARZO.jpg 1920w\" sizes=\"(max-width: 604px) 100vw, 604px\" \/><\/a><\/p>\n<p><script src=\"\/\/\" async=\"\"><\/script><br \/>\n <ins class=\"adsbygoogle\" style=\"display: block;\" data-ad-format=\"autorelaxed\" data-ad-client=\"ca-pub-1136171134853753\" data-ad-slot=\"4595267748\"><\/ins><br \/>\n<script>\/\/ <![CDATA[\n(adsbygoogle = window.adsbygoogle || []).push({});\n\/\/ ]]><\/script><\/p>\n\n\t\t\t  <div \n\t\t\t  \tclass = \"fb-comments\" \n\t\t\t  \tdata-href = \"http:\/\/www.eloriente.net\/home\/2018\/03\/08\/videocolumna-8-marzo-no-me-felicites-mejor-levantate-lucha-conmigo-alejandra-garcia-morlan\/\"\n\t\t\t  \tdata-numposts = \"10\"\n\t\t\t\tdata-colorscheme = \"dark\"\n\t\t\t\tdata-order-by = \"social\"\n\t\t\t\tdata-mobile=true>\n\t\t\t  <\/div>\n\t\t  <style>\n\t\t\t.fb_iframe_widget_fluid_desktop iframe {\n\t\t\t    width: 100% !important;\n\t\t\t}\n\t\t  <\/style>\n\t\t  ","protected":false},"excerpt":{"rendered":"<p>&nbsp; eloriente.net 8 de marzo de 2018 \u00abPor favor, este 8 de marzo no nos feliciten, no queremos rosas, ni tarjetas ni regalos. El d\u00eda internacional de la mujer es una fecha para conmemorar la lucha por la igualdad entre hombres y mujeres, para honrar a quienes han abierto brecha para visibilizar la situaci\u00f3n en [&hellip;]<\/p>\n","protected":false},"author":44,"featured_media":52899,"comment_status":"open","ping_status":"open","sticky":false,"template":"","format":"standard","meta":{"_jetpack_memberships_contains_paid_content":false,"footnotes":""},"categories":[2434,9016,4300,1588,22,32,13,16,10,21,98],"tags":[2431,376,6051,477,494,189,197,6224],"class_list":["post-52898","post","type-post","status-publish","format-standard","has-post-thumbnail","hentry","category-lunesdepolitica","category-alejandra-garcia-morlan","category-comunicacion","category-comunicados-y-boletines","category-derechos-humanos","category-entradas","category-especiales","category-salud-y-estilo-de-vida","category-lo-mas-reciente","category-politica-y-gobierno","category-videoblogs","tag-alejandra-garcia-morlan","tag-derechos","tag-dia-internacional-de-la-mujer","tag-el-oriente","tag-feminismo","tag-mujeres","tag-opinion","tag-videocolumna"],"jetpack_featured_media_url":"http:\/\/www.eloriente.net\/home\/wp-content\/uploads\/2018\/03\/ALEJANDRA-GARCI\u0301A-MORAL-8-DE-MARZO.jpg","jetpack_sharing_enabled":true,"_links":{"self":[{"href":"http:\/\/www.eloriente.net\/home\/wp-json\/wp\/v2\/posts\/52898"}],"collection":[{"href":"http:\/\/www.eloriente.net\/home\/wp-json\/wp\/v2\/posts"}],"about":[{"href":"http:\/\/www.eloriente.net\/home\/wp-json\/wp\/v2\/types\/post"}],"author":[{"embeddable":true,"href":"http:\/\/www.eloriente.net\/home\/wp-json\/wp\/v2\/users\/44"}],"replies":[{"embeddable":true,"href":"http:\/\/www.eloriente.net\/home\/wp-json\/wp\/v2\/comments?post=52898"}],"version-history":[{"count":2,"href":"http:\/\/www.eloriente.net\/home\/wp-json\/wp\/v2\/posts\/52898\/revisions"}],"predecessor-version":[{"id":52905,"href":"http:\/\/www.eloriente.net\/home\/wp-json\/wp\/v2\/posts\/52898\/revisions\/52905"}],"wp:featuredmedia":[{"embeddable":true,"href":"http:\/\/www.eloriente.net\/home\/wp-json\/wp\/v2\/media\/52899"}],"wp:attachment":[{"href":"http:\/\/www.eloriente.net\/home\/wp-json\/wp\/v2\/media?parent=52898"}],"wp:term":[{"taxonomy":"category","embeddable":true,"href":"http:\/\/www.eloriente.net\/home\/wp-json\/wp\/v2\/categories?post=52898"},{"taxonomy":"post_tag","embeddable":true,"href":"http:\/\/www.eloriente.net\/home\/wp-json\/wp\/v2\/tags?post=52898"}],"curies":[{"name":"wp","href":"https:\/\/api.w.org\/{rel}","templated":true}]}}