{"id":52975,"date":"2018-03-13T18:56:17","date_gmt":"2018-03-14T00:56:17","guid":{"rendered":"http:\/\/www.eloriente.net\/home\/?p=52975"},"modified":"2018-03-14T10:50:56","modified_gmt":"2018-03-14T16:50:56","slug":"invitan-a-participar-en-el-congreso-de-investigacion-turistica-aplicada-2018","status":"publish","type":"post","link":"http:\/\/www.eloriente.net\/home\/2018\/03\/13\/invitan-a-participar-en-el-congreso-de-investigacion-turistica-aplicada-2018\/","title":{"rendered":"Congreso de Investigaci\u00f3n Tur\u00edstica Aplicada abre registros"},"content":{"rendered":"<p><script src=\"\/\/pagead2.googlesyndication.com\/pagead\/js\/adsbygoogle.js\" async=\"\"><\/script><!-- BANNER ELORIENTE INCRUSTADO NOTAS --> <ins class=\"adsbygoogle\" style=\"display: inline-block; width: 300px; height: 250px;\" data-ad-client=\"ca-pub-1136171134853753\" data-ad-slot=\"7974633627\"><\/ins><script>\/\/ <![CDATA[ (adsbygoogle = window.adsbygoogle || []).push({}); \/\/ ]]><\/script><\/p>\n<p style=\"text-align: right;\"><em>Investigaci\u00f3n Tur\u00edstica<\/em><\/p>\n<p>eloriente.net<\/p>\n<p>13 de marzo de 2018<\/p>\n<p>La Secretar\u00eda de Turismo a trav\u00e9s del Instituto de Competitividad Tur\u00edstica (ICTUR) y la Universidad Intercontinental publicaron hace algunos d\u00edas la convocatoria para participar en el Congreso de Investigaci\u00f3n Tur\u00edstica Aplicada 2018, que se llevar\u00e1 a cabo del 13 al 15 de junio de 2018 en la Ciudad de M\u00e9xico.<\/p>\n<p>Esta convocatoria se encuentra dirigida a investigadores, acad\u00e9micos, cient\u00edficos, tecn\u00f3logos, especialistas, t\u00e9cnicos especialistas y dem\u00e1s profesionales en turismo que laboren en Instituciones de Educaci\u00f3n Superior, Centros de Investigaci\u00f3n y Desarrollo Tecnol\u00f3gico de los sectores p\u00fablico y privado, empresas, consultores, t\u00e9cnicos, as\u00ed como todas aquellas personas que realicen actividades relacionadas con la investigaci\u00f3n cient\u00edfica aplicada, el desarrollo tecnol\u00f3gico e innovaci\u00f3n en temas afines de turismo.<\/p>\n<p>Los trabajos que se recibir\u00e1n deber\u00e1n formar parte de lagunas de las siguientes l\u00edneas de investigaci\u00f3n:<\/p>\n<p>1. e-commerce<br \/>\n2. Innovaci\u00f3n en capacitaci\u00f3n del factor humano<br \/>\n3. Utilizaci\u00f3n del Big Data en el sector tur\u00edstico<br \/>\n4. La econom\u00eda colaborativa<br \/>\n5. Destinos inteligentes<br \/>\n6. Las barreras de la transformaci\u00f3n digital en el sector<br \/>\n7. Tecnolog\u00eda aplicada a empresas del sector<\/p>\n<p><script async src=\"\/\/\"><\/script><br \/>\n<ins class=\"adsbygoogle\" style=\"display: block; text-align: center;\" data-ad-layout=\"in-article\" data-ad-format=\"fluid\" data-ad-client=\"ca-pub-1136171134853753\" data-ad-slot=\"8578966557\"><\/ins><br \/>\n<script>\n     (adsbygoogle = window.adsbygoogle || []).push({});\n<\/script><\/p>\n<h3>Propuestas de investigaci\u00f3n<\/h3>\n<p>Cabe se\u00f1alar que no se aceptar\u00e1n propuestas de investigaci\u00f3n, sino \u00fanicamente trabajos que reporten resultados de investigaciones cient\u00edficas aplicas, que se encuentren en proceso o bien que est\u00e9n concluidas; deber\u00e1n ser originales y tener como fin la soluci\u00f3n pr\u00e1ctica a un problema concreto.<\/p>\n<p>Otro de los requisitos para las contribuciones es que los trabajos deber\u00e1n tener una estructura de tema, desarrollo, metodolog\u00eda y hallazgos o resultados, aunado a ello deber\u00e1n contar con las referencias correspondientes.<\/p>\n<p>Para la presentaci\u00f3n de contribuciones se precisa el env\u00edo de c\u00e9dula de registro, un resumen de la ponencia, el cual deber\u00e1 comprender ciertas especificaciones m\u00e1s detalladas en la convocatoria. Finalmente se deber\u00e1 anexar una nota curricular del o los autores y que incluya datos de contactos.<\/p>\n<p>Las contribuciones deber\u00e1n enviarse el 5 y 6 de abril, el dictamen se publicar\u00e1 el 27 de abril, en caso de ser aprobado deber\u00e1 enviarse la ponencia <em>In extenso<\/em> el 11 de mayo y la presentaci\u00f3n en formato PPT y PDF el 17 de mayo.<\/p>\n<p>Para una informaci\u00f3n m\u00e1s detallada de requisitos y caracter\u00edsticas especificas de los documentos visita la convocatoria en: <a href=\"https:\/\/www.gob.mx\/cms\/uploads\/attachment\/file\/305549\/Convocatoria_CITA_2018.pdf\" target=\"_blank\" rel=\"noopener\">https:\/\/www.gob.mx\/cms\/uploads\/attachment\/file\/305549\/Convocatoria_CITA_2018.pdf<\/a><\/p>\n<p><a href=\"http:\/\/www.eloriente.net\/home\/wp-content\/uploads\/2018\/03\/Congreso-de-investigacio\u0301n-turi\u0301stica-aplicada.png\"><img loading=\"lazy\" decoding=\"async\" class=\"alignnone wp-image-52976\" src=\"http:\/\/www.eloriente.net\/home\/wp-content\/uploads\/2018\/03\/Congreso-de-investigacio\u0301n-turi\u0301stica-aplicada-1024x526.png\" alt=\"\" width=\"601\" height=\"309\" srcset=\"http:\/\/www.eloriente.net\/home\/wp-content\/uploads\/2018\/03\/Congreso-de-investigacio\u0301n-turi\u0301stica-aplicada-1024x526.png 1024w, http:\/\/www.eloriente.net\/home\/wp-content\/uploads\/2018\/03\/Congreso-de-investigacio\u0301n-turi\u0301stica-aplicada-300x154.png 300w, http:\/\/www.eloriente.net\/home\/wp-content\/uploads\/2018\/03\/Congreso-de-investigacio\u0301n-turi\u0301stica-aplicada-768x395.png 768w, http:\/\/www.eloriente.net\/home\/wp-content\/uploads\/2018\/03\/Congreso-de-investigacio\u0301n-turi\u0301stica-aplicada.png 1374w\" sizes=\"(max-width: 601px) 100vw, 601px\" \/><\/a><\/p>\n<p><script async src=\"\/\/\"><\/script><br \/>\n<ins class=\"adsbygoogle\" style=\"display: block;\" data-ad-format=\"autorelaxed\" data-ad-client=\"ca-pub-1136171134853753\" data-ad-slot=\"4595267748\"><\/ins><br \/>\n<script>\n     (adsbygoogle = window.adsbygoogle || []).push({});\n<\/script><\/p>\n\n\t\t\t  <div \n\t\t\t  \tclass = \"fb-comments\" \n\t\t\t  \tdata-href = \"http:\/\/www.eloriente.net\/home\/2018\/03\/13\/invitan-a-participar-en-el-congreso-de-investigacion-turistica-aplicada-2018\/\"\n\t\t\t  \tdata-numposts = \"10\"\n\t\t\t\tdata-colorscheme = \"dark\"\n\t\t\t\tdata-order-by = \"social\"\n\t\t\t\tdata-mobile=true>\n\t\t\t  <\/div>\n\t\t  <style>\n\t\t\t.fb_iframe_widget_fluid_desktop iframe {\n\t\t\t    width: 100% !important;\n\t\t\t}\n\t\t  <\/style>\n\t\t  ","protected":false},"excerpt":{"rendered":"<p>Investigaci\u00f3n Tur\u00edstica eloriente.net 13 de marzo de 2018 La Secretar\u00eda de Turismo a trav\u00e9s del Instituto de Competitividad Tur\u00edstica (ICTUR) y la Universidad Intercontinental publicaron hace algunos d\u00edas la convocatoria para participar en el Congreso de Investigaci\u00f3n Tur\u00edstica Aplicada 2018, que se llevar\u00e1 a cabo del 13 al 15 de junio de 2018 en la [&hellip;]<\/p>\n","protected":false},"author":44,"featured_media":52976,"comment_status":"open","ping_status":"open","sticky":false,"template":"","format":"standard","meta":{"_jetpack_memberships_contains_paid_content":false,"footnotes":""},"categories":[26,64,18,32,63,35,10,19],"tags":[5255,9211,2548,1820,9212,1633,109],"class_list":["post-52975","post","type-post","status-publish","format-standard","has-post-thumbnail","hentry","category-convocatorias","category-distrito-federal","category-educacion-y-cultura","category-entradas","category-estados","category-secciones-oriente","category-lo-mas-reciente","category-turismo-y-negocios","tag-5255","tag-congreso-de-investigacion-turistica-aplicada","tag-convocatorias-2","tag-junio","tag-participante","tag-trabajos","tag-turismo"],"jetpack_featured_media_url":"http:\/\/www.eloriente.net\/home\/wp-content\/uploads\/2018\/03\/Congreso-de-investigacio\u0301n-turi\u0301stica-aplicada.png","jetpack_sharing_enabled":true,"_links":{"self":[{"href":"http:\/\/www.eloriente.net\/home\/wp-json\/wp\/v2\/posts\/52975"}],"collection":[{"href":"http:\/\/www.eloriente.net\/home\/wp-json\/wp\/v2\/posts"}],"about":[{"href":"http:\/\/www.eloriente.net\/home\/wp-json\/wp\/v2\/types\/post"}],"author":[{"embeddable":true,"href":"http:\/\/www.eloriente.net\/home\/wp-json\/wp\/v2\/users\/44"}],"replies":[{"embeddable":true,"href":"http:\/\/www.eloriente.net\/home\/wp-json\/wp\/v2\/comments?post=52975"}],"version-history":[{"count":2,"href":"http:\/\/www.eloriente.net\/home\/wp-json\/wp\/v2\/posts\/52975\/revisions"}],"predecessor-version":[{"id":52978,"href":"http:\/\/www.eloriente.net\/home\/wp-json\/wp\/v2\/posts\/52975\/revisions\/52978"}],"wp:featuredmedia":[{"embeddable":true,"href":"http:\/\/www.eloriente.net\/home\/wp-json\/wp\/v2\/media\/52976"}],"wp:attachment":[{"href":"http:\/\/www.eloriente.net\/home\/wp-json\/wp\/v2\/media?parent=52975"}],"wp:term":[{"taxonomy":"category","embeddable":true,"href":"http:\/\/www.eloriente.net\/home\/wp-json\/wp\/v2\/categories?post=52975"},{"taxonomy":"post_tag","embeddable":true,"href":"http:\/\/www.eloriente.net\/home\/wp-json\/wp\/v2\/tags?post=52975"}],"curies":[{"name":"wp","href":"https:\/\/api.w.org\/{rel}","templated":true}]}}