{"id":53150,"date":"2018-04-02T11:24:59","date_gmt":"2018-04-02T17:24:59","guid":{"rendered":"http:\/\/www.eloriente.net\/home\/?p=53150"},"modified":"2018-04-03T09:58:09","modified_gmt":"2018-04-03T15:58:09","slug":"es-la-cultura-la-conciencia-irreversible-por-juan-pablo-vasconcelos","status":"publish","type":"post","link":"http:\/\/www.eloriente.net\/home\/2018\/04\/02\/es-la-cultura-la-conciencia-irreversible-por-juan-pablo-vasconcelos\/","title":{"rendered":"ES LA CULTURA: La conciencia irreversible. Por Juan Pablo Vasconcelos"},"content":{"rendered":"<p><script src=\"\/\/pagead2.googlesyndication.com\/pagead\/js\/adsbygoogle.js\" async=\"\"><\/script><!-- BANNER ELORIENTE INCRUSTADO NOTAS --> <ins class=\"adsbygoogle\" style=\"display: inline-block; width: 300px; height: 250px;\" data-ad-client=\"ca-pub-1136171134853753\" data-ad-slot=\"7974633627\"><\/ins><script>\/\/ <![CDATA[ (adsbygoogle = window.adsbygoogle || []).push({}); \/\/ ]]><\/script><\/p>\n<p style=\"text-align: right;\"><em><span style=\"font-weight: 400;\">\u201cDurante la presentaci\u00f3n de \u2018Es la Reforma Cultural, Presidente\u2019 en Oaxaca,<\/span><\/em><\/p>\n<p style=\"text-align: right;\"><em><span style=\"font-weight: 400;\">coordinada por Sergio Cervantes Quiroz, una de las presentadoras,<\/span><\/em><\/p>\n<p style=\"text-align: right;\"><em><span style=\"font-weight: 400;\">la doctora Margarita Dalton Palomo dijo que, para ella,<\/span><\/em><\/p>\n<p style=\"text-align: right;\"><em><span style=\"font-weight: 400;\">la conciencia es irreversible, una vez que se adquiere es imposible ir hacia atr\u00e1s\u201d.<\/span><\/em><\/p>\n<p>&nbsp;<\/p>\n<p>(www.eloriente.net, M\u00e9xico, a 6 de noviembre de 2017. Por: Juan Pablo Vasconcelos\u00a0<a href=\"https:\/\/twitter.com\/JPVmx\" target=\"_blank\" rel=\"noopener\">@JPVmx<\/a>).-<\/p>\n<p><span style=\"font-weight: 400;\">Una vez que algo se aprende, es imposible quit\u00e1rselo de la mente y de la vida, me describi\u00f3 despu\u00e9s de la presentaci\u00f3n Margarita Dalton. Yo me hab\u00eda acercado a comentarle sobre el fuerte impacto de su mensaje final sobre la irreversibilidad de la conciencia. Su respuesta, como ustedes pueden leerlo, fue clara y, a\u00f1adir\u00eda, esperanzadora.<\/span><\/p>\n<p><span style=\"font-weight: 400;\">Pues qu\u00e9 mayor dicha pudiera haber en la vida si el conocimiento, la experiencia y las ense\u00f1anzas se fueran acumulando autom\u00e1ticamente en nuestro interior, produciendo por tanto una conducta m\u00e1s sabia y consecuente conforme pasan los d\u00edas y se acumulan los aprendizajes. <\/span><\/p>\n<p><span style=\"font-weight: 400;\">No es as\u00ed de simple.<\/span><\/p>\n<p><span style=\"font-weight: 400;\">Est\u00e1 claro que hacer conciencia es distinto a aprender algo o haber cre\u00eddo aprender algo. Lo primero es mucho m\u00e1s profundo. Conciencia \u2014seg\u00fan el Diccionario de la Real Academia Espa\u00f1ola\u2014 es el \u201cconocimiento del bien y del mal que permite a la persona enjuiciar moralmente la realidad y los actos, especialmente los propios\u201d, y por otro lado \u201cel sentido moral o \u00e9tico propios de una persona\u201d.<\/span><\/p>\n<p><span style=\"font-weight: 400;\">Rojo Rubio y Rodr\u00edguez Fern\u00e1ndez recuerdan que para Baars la conciencia es concebida como el escenario de un teatro, que transcurre en nuestro interior. \u201cEn dicho escenario ser\u00eda donde la informaci\u00f3n procedente de diferentes fuentes se integra para el control de la conducta\u201d.<\/span><\/p>\n<p><span style=\"font-weight: 400;\">Siguiendo la alegor\u00eda teatral, ese momento estelar cuando un nuevo personaje entra a la obra, es un hecho emocionante, que despierta el aplauso del respetable y las luces acompa\u00f1an (Descartes pensaba que la consciencia, aparte de ser una cualidad esencial y central de la mente, ser\u00eda como un haz de luz que ilumina los objetos que est\u00e1n dentro de la mente).<\/span><\/p>\n<p><span style=\"font-weight: 400;\">En ese momento estelar de hacer conciencia, se imprime una marca indeleble en nuestro interior, producto de un \u201cdarse cuenta\u201d tan impactante, que nos transforma al instante. En ello, se ponen en juego todas nuestras partes y sistemas, las emociones, razonamientos, deseos, estados de voluntad. Es un instante de estupenda lucidez que infunde cierta dicha, que nos lanza incluso a la certidumbre de nuestra propia inteligencia.<\/span><\/p>\n<p><span style=\"font-weight: 400;\">\u201cMe cay\u00f3 el veinte\u201d, decimos, como si deposit\u00e1ramos al interior una moneda. Hasta se escucha el metal si pronunciamos la frase.<\/span><\/p>\n<p><script async src=\"\/\/\"><\/script><br \/>\n<ins class=\"adsbygoogle\" style=\"display: block; text-align: center;\" data-ad-layout=\"in-article\" data-ad-format=\"fluid\" data-ad-client=\"ca-pub-1136171134853753\" data-ad-slot=\"8578966557\"><\/ins><br \/>\n<script>\n     (adsbygoogle = window.adsbygoogle || []).push({});\n<\/script><\/p>\n<p><b>La otra consciencia<\/b><\/p>\n<p><span style=\"font-weight: 400;\">Hay quien hace la distinci\u00f3n con la consciencia (con s), que ser\u00eda el \u201cconocimiento inmediato o espont\u00e1neo que el sujeto tiene de s\u00ed mismo, de sus actos y reflexiones\u201d.<\/span><\/p>\n<p><span style=\"font-weight: 400;\">Y quiz\u00e1 sea \u00e9sta la m\u00e1s entretenida. <\/span><\/p>\n<p><span style=\"font-weight: 400;\">Lo es estar atentos a las certidumbres y transformaciones propias. El universo de nuestro interior puesto a entera disposici\u00f3n es poco m\u00e1s que un privilegio y un tesoro inabarcable. All\u00ed, se conjuntan las historias m\u00e1s crueles y las alegr\u00edas espont\u00e1neas. Los yerros inexplicables. En cierta situaci\u00f3n, por ejemplo, cuando est\u00e1bamos seguros de lo correcto, por alg\u00fan azar o distracci\u00f3n, ca\u00edmos de nuevo en el mismo bache.<\/span><\/p>\n<p><span style=\"font-weight: 400;\">All\u00ed, en el universo interior, los territorios de la repetici\u00f3n y la isla del instante \u00fanico. Las aventuras reales y las imaginadas. Las tremendas noches de sufrimiento de los amores adolescentes y las palabras pronunciadas en el rompimiento. Cuando ella nos enlist\u00f3 los defectos m\u00e1s profundos y olvid\u00f3 todas las virtudes.<\/span><\/p>\n<p><span style=\"font-weight: 400;\"> Las lagunas desbordadas durante las discusiones con amigos \u00edntimos, cuando decimos que perdimos las consciencia de lo que est\u00e1bamos diciendo, pues nos sobrepas\u00f3 la ira o el rencor acumulado por largo rato.<\/span><\/p>\n<p><span style=\"font-weight: 400;\">Est\u00e1n las ciudades con trazos perfectos. A donde acudimos en los momentos de mayor sosiego y buscamos tranquilidad y refugio. En las ciudades as\u00ed, se nos contagia una sensaci\u00f3n de orden y seguridad que nos acerca al ideal.<\/span><\/p>\n<p><span style=\"font-weight: 400;\">\u00bfPero al ideal de qui\u00e9n? Parece decirnos otra parte de nuestro interior, m\u00e1s proclive a los pueblos intrincados y monta\u00f1osos. Donde por cierto transcurrieron, quiz\u00e1s, nuestras tardes inspiradas, los balcones despertando el esp\u00edritu y la evocaci\u00f3n de las personas con esp\u00edritu bohemio que hemos conocido a lo largo de la vida, con quienes nos une la m\u00fasica, el gusto por el despilfarro y el derroche.<\/span><\/p>\n<p><span style=\"font-weight: 400;\">La felicidad se derrocha. Se desboca. Dice otra parte nuestra.<\/span><\/p>\n<p><span style=\"font-weight: 400;\">Pero otro rinc\u00f3n la desmiente. Y prefiere el equilibrio y el ascetismo. Es imposible ser feliz en la inconciencia.<\/span><\/p>\n<p><span style=\"font-weight: 400;\">Pero los paisajes blanqu\u00edsimos de nuestro interior lo son demasiado para ser duraderos. Porque la vida no puede ser, nos decimos, desterrada del dolor y el sufrimiento que todo lo abruman. Y entonces, pareciera que olvidamos ser equilibrados y optimistas y andamos por otra ruta por completo diferente, repleta de formaciones rocosas, extensos yermos, espinosas cact\u00e1ceas. Alacranes.<\/span><\/p>\n<p><span style=\"font-weight: 400;\">Es decir, la aventura interior no puede ser ni lineal ni definitiva. Est\u00e1 en constante transformaci\u00f3n, se matiza, se decolora, incluso se olvida.<\/span><\/p>\n<p><span style=\"font-weight: 400;\">Desespera saberlo, pero se olvida.<\/span><\/p>\n<p><span style=\"font-weight: 400;\">Porque los seres humanos no somos m\u00e1quinas perfectas de acumulaci\u00f3n de conocimientos, moralidad o juicio. Sino m\u00e1quinas imperfectas sin l\u00edmites claros, con memoria fr\u00e1gil y completamente imprevisibles. Capaces de tomar determinaciones inconscientes, actuar sin juicio aparente, retando al destino a veces hasta por mera valent\u00eda irracional.<\/span><\/p>\n<p>&nbsp;<\/p>\n<p><b>La conciencia irreversible<\/b><\/p>\n<p><span style=\"font-weight: 400;\">Debo aclarar que ninguna de las ideas aqu\u00ed escritas fueron explicadas o son producto de la reflexi\u00f3n de la doctora Dalton, quien seguro puede describir mejor y m\u00e1s certeramente estas y otras disquisiciones. Ella solo se limit\u00f3 a mencionar lo escrito en las primeras l\u00edneas.<\/span><\/p>\n<p><span style=\"font-weight: 400;\">Pero por una suerte de inconsciencia me anim\u00e9 a dejarme llevar por esas atractivas palabras: la irreversibilidad de la conciencia.<\/span><\/p>\n<p><span style=\"font-weight: 400;\">Ser\u00e1 seguramente porque en nuestro tiempo pensamos en esta palabra con demasiada frecuencia, por la persistencia de ciertas conductas que en apariencia resultan producto de la inconciencia o la ausencia de valores. Sobre lo cual por cierto, no he querido escribir.<\/span><\/p>\n<p><span style=\"font-weight: 400;\">Somos tan contradictorios los seres humanos: hablamos de p\u00e9rdida de valores desde los valores. Hablamos de inconciencia desde la conciencia. Hablamos de lo mal que estamos desde la conciencia de lo que ser\u00eda estar y vivir mejor.<\/span><\/p>\n<p><span style=\"font-weight: 400;\">Me ha servido mucho sin embargo escribir esto para ti. De pronto, descubr\u00ed otra vez la aventura de revisarme el interior conscientemente. Me hice un observador de mi propio universo.<\/span><\/p>\n<p><a href=\"http:\/\/www.eloriente.net\/home\/wp-content\/uploads\/2018\/04\/Pensamiento-por-Jacob-Boter.jpg\"><img loading=\"lazy\" decoding=\"async\" class=\"alignnone wp-image-53151\" src=\"http:\/\/www.eloriente.net\/home\/wp-content\/uploads\/2018\/04\/Pensamiento-por-Jacob-Boter-1024x683.jpg\" alt=\"\" width=\"601\" height=\"401\" srcset=\"http:\/\/www.eloriente.net\/home\/wp-content\/uploads\/2018\/04\/Pensamiento-por-Jacob-Boter.jpg 1024w, http:\/\/www.eloriente.net\/home\/wp-content\/uploads\/2018\/04\/Pensamiento-por-Jacob-Boter-300x200.jpg 300w, http:\/\/www.eloriente.net\/home\/wp-content\/uploads\/2018\/04\/Pensamiento-por-Jacob-Boter-768x512.jpg 768w\" sizes=\"(max-width: 601px) 100vw, 601px\" \/><\/a><\/p>\n<p><script async src=\"\/\/\"><\/script><br \/>\n<ins class=\"adsbygoogle\" style=\"display: block;\" data-ad-format=\"autorelaxed\" data-ad-client=\"ca-pub-1136171134853753\" data-ad-slot=\"4595267748\"><\/ins><br \/>\n<script>\n     (adsbygoogle = window.adsbygoogle || []).push({});\n<\/script><\/p>\n\n\t\t\t  <div \n\t\t\t  \tclass = \"fb-comments\" \n\t\t\t  \tdata-href = \"http:\/\/www.eloriente.net\/home\/2018\/04\/02\/es-la-cultura-la-conciencia-irreversible-por-juan-pablo-vasconcelos\/\"\n\t\t\t  \tdata-numposts = \"10\"\n\t\t\t\tdata-colorscheme = \"dark\"\n\t\t\t\tdata-order-by = \"social\"\n\t\t\t\tdata-mobile=true>\n\t\t\t  <\/div>\n\t\t  <style>\n\t\t\t.fb_iframe_widget_fluid_desktop iframe {\n\t\t\t    width: 100% !important;\n\t\t\t}\n\t\t  <\/style>\n\t\t  ","protected":false},"excerpt":{"rendered":"<p>\u201cDurante la presentaci\u00f3n de \u2018Es la Reforma Cultural, Presidente\u2019 en Oaxaca, coordinada por Sergio Cervantes Quiroz, una de las presentadoras, la doctora Margarita Dalton Palomo dijo que, para ella, la conciencia es irreversible, una vez que se adquiere es imposible ir hacia atr\u00e1s\u201d. &nbsp; (www.eloriente.net, M\u00e9xico, a 6 de noviembre de 2017. Por: Juan Pablo [&hellip;]<\/p>\n","protected":false},"author":13,"featured_media":53151,"comment_status":"open","ping_status":"open","sticky":false,"template":"","format":"standard","meta":{"_jetpack_memberships_contains_paid_content":false,"footnotes":""},"categories":[11,18,32,13,63,16,54,464],"tags":[879,9253,477,7229,1285,197],"class_list":["post-53150","post","type-post","status-publish","format-standard","has-post-thumbnail","hentry","category-colaboradores","category-educacion-y-cultura","category-entradas","category-especiales","category-estados","category-salud-y-estilo-de-vida","category-juan-pablo-vasconcelos","category-oaxaca-estados","tag-columna","tag-conciencia","tag-el-oriente","tag-es-la-cultura","tag-juan-pablo-vasconcelos-2","tag-opinion"],"jetpack_featured_media_url":"http:\/\/www.eloriente.net\/home\/wp-content\/uploads\/2018\/04\/Pensamiento-por-Jacob-Boter.jpg","jetpack_sharing_enabled":true,"_links":{"self":[{"href":"http:\/\/www.eloriente.net\/home\/wp-json\/wp\/v2\/posts\/53150"}],"collection":[{"href":"http:\/\/www.eloriente.net\/home\/wp-json\/wp\/v2\/posts"}],"about":[{"href":"http:\/\/www.eloriente.net\/home\/wp-json\/wp\/v2\/types\/post"}],"author":[{"embeddable":true,"href":"http:\/\/www.eloriente.net\/home\/wp-json\/wp\/v2\/users\/13"}],"replies":[{"embeddable":true,"href":"http:\/\/www.eloriente.net\/home\/wp-json\/wp\/v2\/comments?post=53150"}],"version-history":[{"count":2,"href":"http:\/\/www.eloriente.net\/home\/wp-json\/wp\/v2\/posts\/53150\/revisions"}],"predecessor-version":[{"id":53178,"href":"http:\/\/www.eloriente.net\/home\/wp-json\/wp\/v2\/posts\/53150\/revisions\/53178"}],"wp:featuredmedia":[{"embeddable":true,"href":"http:\/\/www.eloriente.net\/home\/wp-json\/wp\/v2\/media\/53151"}],"wp:attachment":[{"href":"http:\/\/www.eloriente.net\/home\/wp-json\/wp\/v2\/media?parent=53150"}],"wp:term":[{"taxonomy":"category","embeddable":true,"href":"http:\/\/www.eloriente.net\/home\/wp-json\/wp\/v2\/categories?post=53150"},{"taxonomy":"post_tag","embeddable":true,"href":"http:\/\/www.eloriente.net\/home\/wp-json\/wp\/v2\/tags?post=53150"}],"curies":[{"name":"wp","href":"https:\/\/api.w.org\/{rel}","templated":true}]}}