{"id":53183,"date":"2018-04-04T13:03:54","date_gmt":"2018-04-04T19:03:54","guid":{"rendered":"http:\/\/www.eloriente.net\/home\/?p=53183"},"modified":"2018-04-08T18:36:50","modified_gmt":"2018-04-09T00:36:50","slug":"cultura-reporte-arete-digital-sobre-gestion-cultural-abril-2018","status":"publish","type":"post","link":"http:\/\/www.eloriente.net\/home\/2018\/04\/04\/cultura-reporte-arete-digital-sobre-gestion-cultural-abril-2018\/","title":{"rendered":"CULTURA: Reporte Aret\u00e9 Digital sobre gesti\u00f3n cultural, abril 2018"},"content":{"rendered":"<p><script src=\"\/\/pagead2.googlesyndication.com\/pagead\/js\/adsbygoogle.js\" async=\"\"><\/script><!-- BANNER ELORIENTE INCRUSTADO NOTAS --> <ins class=\"adsbygoogle\" style=\"display: inline-block; width: 300px; height: 250px;\" data-ad-client=\"ca-pub-1136171134853753\" data-ad-slot=\"7974633627\"><\/ins><script>\/\/ <![CDATA[ (adsbygoogle = window.adsbygoogle || []).push({}); \/\/ ]]><\/script><\/p>\n<p>&nbsp;<\/p>\n<p>(www.eloriente.net, M\u00e9xico, 3 de abril de 2018).- La Asociaci\u00f3n Espa\u00f1ola de Gestores de Patrimonio Cultural (AEGPC) public\u00f3 su reporte mensual sobre gesti\u00f3n cultural, Aret\u00e9 Digital, abril de 2018, en el cual muestra una s\u00edntesis sobre las actividades, convocatorias, cursos, jornadas, congresos, seminarios y noticias de la instituci\u00f3n.<\/p>\n<p>En esta edici\u00f3n destacan las <strong>Jornadas \u201cPatrimonio y Ciudad: Otras miradas\u201d<\/strong> que se llevar\u00e1n a cabo los d\u00edas 4 y 5 de abril en la Sala Prof. Carriazo de la Facultad de Geograf\u00eda e Historia de la Universidad de Sevilla. En dichas jornadas trata de establecerse un punto de encuentro entre diferentes profesionales relacionados con la ciudad y el patrimonio para discutir asuntos que los especialistas consideren de inter\u00e9s, como puede ser la intervenci\u00f3n p\u00fablica en el espacio urbana, as\u00ed como distintas intervenciones urban\u00edsticas y ciudadanas sobre el patrimonio de las ciudades del entorno.<\/p>\n<p>De igual forma tenemos el<strong> Curso de Verano A\u00f1o Europeo del Patrimonio Cultural 2018<\/strong>. Teor\u00eda y Pr\u00e1ctica de la conservaci\u00f3n del Patrimonio Industrial. Este curso se impartir\u00e1 del 17 al 15 de julio, y el plazo de inscripci\u00f3n se encontrar\u00e1 abierto hasta el 15 de abril. Con este curso se pretende revisar cr\u00edticamente la vinculaci\u00f3n del Patrimonio Industrial en la construcci\u00f3n del paisaje contempor\u00e1neo de las ciudades europeas y de sus periferias y territorios rurales. De igual forma se busca recordar la importancia de la gesti\u00f3n actual del Patrimonio Cultural en Europa.<\/p>\n<p><script async src=\"\/\/\"><\/script><br \/>\n<ins class=\"adsbygoogle\" style=\"display: block; text-align: center;\" data-ad-layout=\"in-article\" data-ad-format=\"fluid\" data-ad-client=\"ca-pub-1136171134853753\" data-ad-slot=\"8578966557\"><\/ins><br \/>\n<script>\n     (adsbygoogle = window.adsbygoogle || []).push({});\n<\/script><\/p>\n<p>Por \u00faltimo encontramos el<strong> Concurso de Comisariado de Exposiciones Fundaci\u00f3n Enaire<\/strong>, a esta convocatoria podr\u00e1 optar cualquier profesional, a t\u00edtulo individual, mayor de edad, espa\u00f1ol o extranjero residente en Espa\u00f1a con una formaci\u00f3n y trayectoria profesional acreditada. La persona seleccionada ser\u00e1 contratada para el comisariato de las dos exposiciones referidas por una cantidad total de 18,000\u20ac en concepto de honorarios profesionales. Las propuestas deber\u00e1n enviarse antes del 1 de junio de 2018 a la direcci\u00f3n fundacionenaire@enaire.es. La informaci\u00f3n completa se puede revisar en\u00a0<a href=\"http:\/\/fundacionenaire.com\/wp-content\/uploads\/bases_concurso_de_comisariado18.pdf\" target=\"_blank\" rel=\"noopener\">http:\/\/fundacionenaire.com\/wp-content\/uploads\/bases_concurso_de_comisariado18.pdf<\/a><\/p>\n<p>Cabe recordar que el Bolet\u00edn Aret\u00e9 es producido, dise\u00f1ado y distribuido por la Asociaci\u00f3n Espa\u00f1ola de Gestores del Patrimonio Cultural y contiene noticias, convocatorias, cursos y otro contenido de inter\u00e9s para el sector.<\/p>\n<p>A continuaci\u00f3n el visor oficial:<\/p>\n<p><iframe title=\"Arete digital abril 2018\" src=\"https:\/\/e.issuu.com\/embed.html?u=aegpc&#038;d=arete_digital_abril_2018\" style=\"border:none; width: 640px; height: 491px;\" allow=\"clipboard-write,allow-top-navigation,allow-top-navigation-by-user-activation,allow-downloads,allow-scripts,allow-same-origin,allow-popups,allow-modals,allow-popups-to-escape-sandbox,allow-forms\"  allowfullscreen=\"true\"><\/iframe><\/p>\n<p><a href=\"http:\/\/www.eloriente.net\/home\/wp-content\/uploads\/2018\/04\/Santander-por-manuelfouce-anaramos.jpg\"><img loading=\"lazy\" decoding=\"async\" class=\"alignnone wp-image-53184\" src=\"http:\/\/www.eloriente.net\/home\/wp-content\/uploads\/2018\/04\/Santander-por-manuelfouce-anaramos-1024x576.jpg\" alt=\"\" width=\"601\" height=\"338\" srcset=\"http:\/\/www.eloriente.net\/home\/wp-content\/uploads\/2018\/04\/Santander-por-manuelfouce-anaramos-1024x576.jpg 1024w, http:\/\/www.eloriente.net\/home\/wp-content\/uploads\/2018\/04\/Santander-por-manuelfouce-anaramos-300x169.jpg 300w, http:\/\/www.eloriente.net\/home\/wp-content\/uploads\/2018\/04\/Santander-por-manuelfouce-anaramos-768x432.jpg 768w, http:\/\/www.eloriente.net\/home\/wp-content\/uploads\/2018\/04\/Santander-por-manuelfouce-anaramos.jpg 2048w\" sizes=\"(max-width: 601px) 100vw, 601px\" \/><\/a><\/p>\n<p><script async src=\"\/\/\"><\/script><br \/>\n<ins class=\"adsbygoogle\" style=\"display: block;\" data-ad-format=\"autorelaxed\" data-ad-client=\"ca-pub-1136171134853753\" data-ad-slot=\"4595267748\"><\/ins><br \/>\n<script>\n     (adsbygoogle = window.adsbygoogle || []).push({});\n<\/script><\/p>\n\n\t\t\t  <div \n\t\t\t  \tclass = \"fb-comments\" \n\t\t\t  \tdata-href = \"http:\/\/www.eloriente.net\/home\/2018\/04\/04\/cultura-reporte-arete-digital-sobre-gestion-cultural-abril-2018\/\"\n\t\t\t  \tdata-numposts = \"10\"\n\t\t\t\tdata-colorscheme = \"dark\"\n\t\t\t\tdata-order-by = \"social\"\n\t\t\t\tdata-mobile=true>\n\t\t\t  <\/div>\n\t\t  <style>\n\t\t\t.fb_iframe_widget_fluid_desktop iframe {\n\t\t\t    width: 100% !important;\n\t\t\t}\n\t\t  <\/style>\n\t\t  ","protected":false},"excerpt":{"rendered":"<p>&nbsp; (www.eloriente.net, M\u00e9xico, 3 de abril de 2018).- La Asociaci\u00f3n Espa\u00f1ola de Gestores de Patrimonio Cultural (AEGPC) public\u00f3 su reporte mensual sobre gesti\u00f3n cultural, Aret\u00e9 Digital, abril de 2018, en el cual muestra una s\u00edntesis sobre las actividades, convocatorias, cursos, jornadas, congresos, seminarios y noticias de la instituci\u00f3n. En esta edici\u00f3n destacan las Jornadas \u201cPatrimonio [&hellip;]<\/p>\n","protected":false},"author":44,"featured_media":53184,"comment_status":"open","ping_status":"open","sticky":false,"template":"","format":"standard","meta":{"_jetpack_memberships_contains_paid_content":false,"footnotes":""},"categories":[8,4300,1588,18,32,10,24,31],"tags":[5255,6263,2559,2548,241,511,1526],"class_list":["post-53183","post","type-post","status-publish","format-standard","has-post-thumbnail","hentry","category-agenda","category-comunicacion","category-comunicados-y-boletines","category-educacion-y-cultura","category-entradas","category-lo-mas-reciente","category-mexico-y-el-mundo","category-principal","tag-5255","tag-abril","tag-arete-digital","tag-convocatorias-2","tag-cultura","tag-cursos","tag-gestion-cultural"],"jetpack_featured_media_url":"http:\/\/www.eloriente.net\/home\/wp-content\/uploads\/2018\/04\/Santander-por-manuelfouce-anaramos.jpg","jetpack_sharing_enabled":true,"_links":{"self":[{"href":"http:\/\/www.eloriente.net\/home\/wp-json\/wp\/v2\/posts\/53183"}],"collection":[{"href":"http:\/\/www.eloriente.net\/home\/wp-json\/wp\/v2\/posts"}],"about":[{"href":"http:\/\/www.eloriente.net\/home\/wp-json\/wp\/v2\/types\/post"}],"author":[{"embeddable":true,"href":"http:\/\/www.eloriente.net\/home\/wp-json\/wp\/v2\/users\/44"}],"replies":[{"embeddable":true,"href":"http:\/\/www.eloriente.net\/home\/wp-json\/wp\/v2\/comments?post=53183"}],"version-history":[{"count":1,"href":"http:\/\/www.eloriente.net\/home\/wp-json\/wp\/v2\/posts\/53183\/revisions"}],"predecessor-version":[{"id":53185,"href":"http:\/\/www.eloriente.net\/home\/wp-json\/wp\/v2\/posts\/53183\/revisions\/53185"}],"wp:featuredmedia":[{"embeddable":true,"href":"http:\/\/www.eloriente.net\/home\/wp-json\/wp\/v2\/media\/53184"}],"wp:attachment":[{"href":"http:\/\/www.eloriente.net\/home\/wp-json\/wp\/v2\/media?parent=53183"}],"wp:term":[{"taxonomy":"category","embeddable":true,"href":"http:\/\/www.eloriente.net\/home\/wp-json\/wp\/v2\/categories?post=53183"},{"taxonomy":"post_tag","embeddable":true,"href":"http:\/\/www.eloriente.net\/home\/wp-json\/wp\/v2\/tags?post=53183"}],"curies":[{"name":"wp","href":"https:\/\/api.w.org\/{rel}","templated":true}]}}