{"id":53233,"date":"2018-04-10T10:27:58","date_gmt":"2018-04-10T16:27:58","guid":{"rendered":"http:\/\/www.eloriente.net\/home\/?p=53233"},"modified":"2018-04-10T12:13:11","modified_gmt":"2018-04-10T18:13:11","slug":"en-vivo-10-abr-1315-comparecencia-zuckerberg-ante-el-congreso-de-eu","status":"publish","type":"post","link":"http:\/\/www.eloriente.net\/home\/2018\/04\/10\/en-vivo-10-abr-1315-comparecencia-zuckerberg-ante-el-congreso-de-eu\/","title":{"rendered":"EN VIVO 10\/ABR 13:15 Comparecencia Zuckerberg ante el Congreso de EU"},"content":{"rendered":"<p><script src=\"\/\/pagead2.googlesyndication.com\/pagead\/js\/adsbygoogle.js\" async=\"\"><\/script><!-- BANNER ELORIENTE INCRUSTADO NOTAS --> <ins class=\"adsbygoogle\" style=\"display: inline-block; width: 300px; height: 250px;\" data-ad-client=\"ca-pub-1136171134853753\" data-ad-slot=\"7974633627\"><\/ins><script>\/\/ <![CDATA[ (adsbygoogle = window.adsbygoogle || []).push({}); \/\/ ]]><\/script><br \/>\neloriente.net<\/p>\n<p>10 de abril de 2018<\/p>\n<p>Este d\u00eda, a partir de las 13:15 horas tiempo de M\u00e9xico, el hombre de 33 a\u00f1os que es due\u00f1o de Facebook, Mark Zuckerberg, estar\u00e1 compareciendo ante los comit\u00e9s de justicia y comercio del Senado de los Estados Unidos de Am\u00e9rica, para abordar la problem\u00e1tica sobre datos privados m\u00e1s importante de la era digital.<\/p>\n<p>En efecto, como se recordar\u00e1, hace algunos d\u00edas se dio a conocer que una empresa (Cambridge Analytica) habr\u00eda utilizado datos de cerca de 87 millones de personas, usuarias de facebook, la red social m\u00e1s popular del mundo.<\/p>\n<p>A trav\u00e9s de The Verge, se podr\u00e1 seguir en el horario mencionado la comparecencia del empresario, que ser\u00e1 seguida seguramente por millones de personas en el mundo:<\/p>\n<p><iframe loading=\"lazy\" style=\"border: none; overflow: hidden;\" src=\"https:\/\/www.facebook.com\/plugins\/video.php?href=https%3A%2F%2Fwww.facebook.com%2Fverge%2Fvideos%2F1779024592133876%2F&amp;show_text=0&amp;width=560\" width=\"560\" height=\"315\" frameborder=\"0\" scrolling=\"no\" allowfullscreen=\"allowfullscreen\"><\/iframe><\/p>\n<p><script async src=\"\/\/pagead2.googlesyndication.com\/pagead\/js\/adsbygoogle.js\"><\/script><br \/>\n<ins class=\"adsbygoogle\" style=\"display: block; text-align: center;\" data-ad-layout=\"in-article\" data-ad-format=\"fluid\" data-ad-client=\"ca-pub-1136171134853753\" data-ad-slot=\"8578966557\"><\/ins><br \/>\n<script>\n     (adsbygoogle = window.adsbygoogle || []).push({});\n<\/script><\/p>\n<p>La transmisi\u00f3n, seg\u00fan ha informado la se\u00f1al, estar\u00e1 disponible unos minutos antes de la hora se\u00f1alada.<\/p>\n<p><script async src=\"\/\/pagead2.googlesyndication.com\/pagead\/js\/adsbygoogle.js\"><\/script><br \/>\n<ins class=\"adsbygoogle\" style=\"display: block;\" data-ad-format=\"autorelaxed\" data-ad-client=\"ca-pub-1136171134853753\" data-ad-slot=\"4595267748\"><\/ins><br \/>\n<script>\n     (adsbygoogle = window.adsbygoogle || []).push({});\n<\/script><\/p>\n\n\t\t\t  <div \n\t\t\t  \tclass = \"fb-comments\" \n\t\t\t  \tdata-href = \"http:\/\/www.eloriente.net\/home\/2018\/04\/10\/en-vivo-10-abr-1315-comparecencia-zuckerberg-ante-el-congreso-de-eu\/\"\n\t\t\t  \tdata-numposts = \"10\"\n\t\t\t\tdata-colorscheme = \"dark\"\n\t\t\t\tdata-order-by = \"social\"\n\t\t\t\tdata-mobile=true>\n\t\t\t  <\/div>\n\t\t  <style>\n\t\t\t.fb_iframe_widget_fluid_desktop iframe {\n\t\t\t    width: 100% !important;\n\t\t\t}\n\t\t  <\/style>\n\t\t  ","protected":false},"excerpt":{"rendered":"<p>eloriente.net 10 de abril de 2018 Este d\u00eda, a partir de las 13:15 horas tiempo de M\u00e9xico, el hombre de 33 a\u00f1os que es due\u00f1o de Facebook, Mark Zuckerberg, estar\u00e1 compareciendo ante los comit\u00e9s de justicia y comercio del Senado de los Estados Unidos de Am\u00e9rica, para abordar la problem\u00e1tica sobre datos privados m\u00e1s importante [&hellip;]<\/p>\n","protected":false},"author":1,"featured_media":53234,"comment_status":"open","ping_status":"open","sticky":false,"template":"","format":"standard","meta":{"_jetpack_memberships_contains_paid_content":false,"footnotes":""},"categories":[2435,4,32,10,24,17],"tags":[9280,9281,9279,9278],"class_list":["post-53233","post","type-post","status-publish","format-standard","has-post-thumbnail","hentry","category-miercolesdeeconomia","category-canal-2-en-vivo","category-entradas","category-lo-mas-reciente","category-mexico-y-el-mundo","category-tecnologia","tag-comparecencia-congreso","tag-comparecencia-zuckerberg","tag-facebook-live","tag-mark-zuckerberg"],"jetpack_featured_media_url":"http:\/\/www.eloriente.net\/home\/wp-content\/uploads\/2018\/04\/Captura-de-pantalla-2018-04-10-a-las-11.26.03.png","jetpack_sharing_enabled":true,"_links":{"self":[{"href":"http:\/\/www.eloriente.net\/home\/wp-json\/wp\/v2\/posts\/53233"}],"collection":[{"href":"http:\/\/www.eloriente.net\/home\/wp-json\/wp\/v2\/posts"}],"about":[{"href":"http:\/\/www.eloriente.net\/home\/wp-json\/wp\/v2\/types\/post"}],"author":[{"embeddable":true,"href":"http:\/\/www.eloriente.net\/home\/wp-json\/wp\/v2\/users\/1"}],"replies":[{"embeddable":true,"href":"http:\/\/www.eloriente.net\/home\/wp-json\/wp\/v2\/comments?post=53233"}],"version-history":[{"count":3,"href":"http:\/\/www.eloriente.net\/home\/wp-json\/wp\/v2\/posts\/53233\/revisions"}],"predecessor-version":[{"id":53237,"href":"http:\/\/www.eloriente.net\/home\/wp-json\/wp\/v2\/posts\/53233\/revisions\/53237"}],"wp:featuredmedia":[{"embeddable":true,"href":"http:\/\/www.eloriente.net\/home\/wp-json\/wp\/v2\/media\/53234"}],"wp:attachment":[{"href":"http:\/\/www.eloriente.net\/home\/wp-json\/wp\/v2\/media?parent=53233"}],"wp:term":[{"taxonomy":"category","embeddable":true,"href":"http:\/\/www.eloriente.net\/home\/wp-json\/wp\/v2\/categories?post=53233"},{"taxonomy":"post_tag","embeddable":true,"href":"http:\/\/www.eloriente.net\/home\/wp-json\/wp\/v2\/tags?post=53233"}],"curies":[{"name":"wp","href":"https:\/\/api.w.org\/{rel}","templated":true}]}}