{"id":53245,"date":"2018-04-11T12:30:11","date_gmt":"2018-04-11T18:30:11","guid":{"rendered":"http:\/\/www.eloriente.net\/home\/?p=53245"},"modified":"2018-04-24T18:40:07","modified_gmt":"2018-04-25T00:40:07","slug":"cine-en-abril-llega-ficunam-a-oaxaca","status":"publish","type":"post","link":"http:\/\/www.eloriente.net\/home\/2018\/04\/11\/cine-en-abril-llega-ficunam-a-oaxaca\/","title":{"rendered":"CINE: En abril llega FICUNAM a Oaxaca"},"content":{"rendered":"<p><script src=\"\/\/pagead2.googlesyndication.com\/pagead\/js\/adsbygoogle.js\" async=\"\"><\/script><!-- BANNER ELORIENTE INCRUSTADO NOTAS --> <ins class=\"adsbygoogle\" style=\"display: inline-block; width: 300px; height: 250px;\" data-ad-client=\"ca-pub-1136171134853753\" data-ad-slot=\"7974633627\"><\/ins><script>\/\/ <![CDATA[ (adsbygoogle = window.adsbygoogle || []).push({}); \/\/ ]]><\/script><\/p>\n<p>&nbsp;<\/p>\n<p>eloriente.net<\/p>\n<p>11 de abril de 2018<\/p>\n<p>Por s\u00e9ptimo a\u00f1o consecutivo OaxacaCine presentar\u00e1 una selecci\u00f3n del <strong>Festival Internacional de Cine de la UNAM<\/strong> en Oaxaca. Los d\u00edas <strong>24, 25, 26, 30 de abril, 1 y 2 de mayo<\/strong> podremos disfrutar, en OaxacaCine Sala Ju\u00e1rez, de una selecci\u00f3n representativa del festival en su octava edici\u00f3n.<\/p>\n<p>FICUNAM es un festival interesado en el cine contempor\u00e1neo y de vanguardia, un cine consciente de su forma, del lenguaje cinematogr\u00e1fico y del cine como expresi\u00f3n art\u00edstica. Re\u00fane pel\u00edculas que vienen de grandes festivales alrededor del mundo y que normalmente no se pueden ver en M\u00e9xico en el circuito comercial.<\/p>\n<p>La selecci\u00f3n que llegar\u00e1 a Oaxaca incluye cuatro t\u00edtulos que forman parte de la Competencia Internacional y dos de la secci\u00f3n Ahora M\u00e9xico. Los cineastas Eva Villase\u00f1or (Ciudad de M\u00e9xico) y Bruno Varela (Oaxaca), presentar\u00e1n sus pel\u00edculas y conversar\u00e1n con el p\u00fablico asistente.<\/p>\n<p>El programa en el Teatro Ju\u00e1rez se inaugurar\u00e1 el <strong>24 de abril<\/strong> a las <strong>19 horas<\/strong> con la proyecci\u00f3n de <em>Milla<\/em> (Francia, 2017). Segundo largometraje de la cineasta francesa Val\u00e9rie Massadian, que trata el tema de la feminidad, con personajes fuertes, misteriosos, silenciosos. Milla tiene diecisiete a\u00f1os y Leo unos pocos m\u00e1s. Juntos huyen a una peque\u00f1a localidad costera del norte de Francia. Encuentran una casa vac\u00eda y la habitan para convertirla en su hogar, como dos amantes solitarios. <em>Milla<\/em> fue la pel\u00edcula ganadora del Premio Puma a Mejor Director en el FICUNAM 2018, tambi\u00e9n obtuvo el Premio Especial del Jurado Cineastas del Presente Festival Internacional de Cine de Locarno 2017, entre otros reconocimientos.<\/p>\n<p><a href=\"http:\/\/www.eloriente.net\/home\/wp-content\/uploads\/2018\/04\/1.-MILLA.jpg\"><img loading=\"lazy\" decoding=\"async\" class=\"alignnone wp-image-53246\" src=\"http:\/\/www.eloriente.net\/home\/wp-content\/uploads\/2018\/04\/1.-MILLA-1024x726.jpg\" alt=\"\" width=\"603\" height=\"427\" srcset=\"http:\/\/www.eloriente.net\/home\/wp-content\/uploads\/2018\/04\/1.-MILLA-1024x726.jpg 1024w, http:\/\/www.eloriente.net\/home\/wp-content\/uploads\/2018\/04\/1.-MILLA-300x213.jpg 300w, http:\/\/www.eloriente.net\/home\/wp-content\/uploads\/2018\/04\/1.-MILLA-768x545.jpg 768w, http:\/\/www.eloriente.net\/home\/wp-content\/uploads\/2018\/04\/1.-MILLA.jpg 1748w\" sizes=\"(max-width: 603px) 100vw, 603px\" \/><\/a><\/p>\n<p>El <strong>25 de abril<\/strong> se proyectar\u00e1 <strong><em>Mano de metate<\/em> (M\u00e9xico, 2018)<\/strong> dirigida por el artista visual Bruno Varela, realizada en colaboraci\u00f3n con su hija Eugenia. \u201c<em>Mano de metate<\/em> es un ensayo multiformato que reafirma la fascinaci\u00f3n de Bruno Varela por el territorio de la memoria. El argumento, si fuese necesario definirlo, ser\u00eda el siguiente: Una ni\u00f1a es marcada por una imagen, una imagen que la persigue y atormenta; ese recuerdo es tambi\u00e9n un augurio, pasado y futuro, pero tambi\u00e9n sue\u00f1o.\u201d Yunuen Cuenca. <em>Mano de metate<\/em> tuvo su estreno mundial en el FICUNAM 2018, donde tambi\u00e9n obtuvo la Menci\u00f3n Especial LCI Seguros. Funci\u00f3n con la presencia de Eugenia y Bruno Varela.<\/p>\n<p><a href=\"http:\/\/www.eloriente.net\/home\/wp-content\/uploads\/2018\/04\/2.-MANO-DE-METATE.jpg\"><img loading=\"lazy\" decoding=\"async\" class=\"alignnone wp-image-53247\" src=\"http:\/\/www.eloriente.net\/home\/wp-content\/uploads\/2018\/04\/2.-MANO-DE-METATE-1024x576.jpg\" alt=\"\" width=\"599\" height=\"337\" srcset=\"http:\/\/www.eloriente.net\/home\/wp-content\/uploads\/2018\/04\/2.-MANO-DE-METATE-1024x576.jpg 1024w, http:\/\/www.eloriente.net\/home\/wp-content\/uploads\/2018\/04\/2.-MANO-DE-METATE-300x169.jpg 300w, http:\/\/www.eloriente.net\/home\/wp-content\/uploads\/2018\/04\/2.-MANO-DE-METATE-768x432.jpg 768w, http:\/\/www.eloriente.net\/home\/wp-content\/uploads\/2018\/04\/2.-MANO-DE-METATE.jpg 1920w\" sizes=\"(max-width: 599px) 100vw, 599px\" \/><\/a><\/p>\n<p>El <strong>26 de abril<\/strong> se exhibir\u00e1 <em>Par\u00eds es una fiesta \u2013 Una pel\u00edcula en 18 olas<\/em> de Sylvain George, Francia, 2017. Una pel\u00edcula que describe Par\u00eds y sus paisajes urbanos atravesados por un \u00abjoven menor extranjero aislado\u00bb, los atentados, el estado de emergencia, el azul-blanco-rojo, el oc\u00e9ano Atl\u00e1ntico y sus traves\u00edas, la rebeli\u00f3n, la ira, la violencia de Estado, un canto revolucionario, el silencio y la alegr\u00eda&#8230; nada m\u00e1s que alegr\u00eda. \u201cEn el poderoso cine de Sylvain George no hay lugar para las l\u00e1grimas, s\u00ed para el esclarecimiento y tambi\u00e9n, misteriosamente, para la hermosura. \u00bfPuede haber una expresi\u00f3n delicada y est\u00e9tica en el seno de la desesperaci\u00f3n?.\u201d Roger Koza.<\/p>\n<p><a href=\"http:\/\/www.eloriente.net\/home\/wp-content\/uploads\/2018\/04\/3.-PARIS-ES-UNA-FIESTA.jpg\"><img loading=\"lazy\" decoding=\"async\" class=\"alignnone wp-image-53248\" src=\"http:\/\/www.eloriente.net\/home\/wp-content\/uploads\/2018\/04\/3.-PARIS-ES-UNA-FIESTA-1024x819.jpg\" alt=\"\" width=\"602\" height=\"481\" srcset=\"http:\/\/www.eloriente.net\/home\/wp-content\/uploads\/2018\/04\/3.-PARIS-ES-UNA-FIESTA-1024x819.jpg 1024w, http:\/\/www.eloriente.net\/home\/wp-content\/uploads\/2018\/04\/3.-PARIS-ES-UNA-FIESTA-300x240.jpg 300w, http:\/\/www.eloriente.net\/home\/wp-content\/uploads\/2018\/04\/3.-PARIS-ES-UNA-FIESTA-768x614.jpg 768w, http:\/\/www.eloriente.net\/home\/wp-content\/uploads\/2018\/04\/3.-PARIS-ES-UNA-FIESTA.jpg 1800w\" sizes=\"(max-width: 602px) 100vw, 602px\" \/><\/a><\/p>\n<p>La programaci\u00f3n contin\u00faa el <strong>30 de abril<\/strong> con <em>Deriva<\/em> (Alemania, 2017). \u00d3pera prima de la alemana Helena Wittmann. \u201cNunca se sabe del todo lo que empuja a alguien o a algo a un repentino cambio de orientaci\u00f3n. La propia pel\u00edcula experimenta a los 40 minutos una deriva y se fuga de su tenue hilo narrativo hacia ese espacio de la experiencia del mundo que es uno de los or\u00edgenes privilegiados de la narraci\u00f3n: el oc\u00e9ano. Hasta ah\u00ed, dos amigas, quiz\u00e1s amantes, despu\u00e9s de compartir un tiempo libre frente a un paraje tur\u00edstico en invierno, se despedir\u00e1n. Una seguir\u00e1 en Hamburgo y viajar\u00e1 al Caribe, acaso por trabajo, la otra volver\u00e1 a Argentina. Eso es todo, pero <em>Deriva<\/em> es m\u00e1s que eso.\u201d Roger Koza. <em>Deriva<\/em> tuvo su estreno mundial en el Festival de Cine de Venecia y su Premier en M\u00e9xico en el FICUNAM 2018.<\/p>\n<p><script async src=\"\/\/\"><\/script><br \/>\n<ins class=\"adsbygoogle\" style=\"display: block; text-align: center;\" data-ad-layout=\"in-article\" data-ad-format=\"fluid\" data-ad-client=\"ca-pub-1136171134853753\" data-ad-slot=\"8578966557\"><\/ins><br \/>\n<script>\n     (adsbygoogle = window.adsbygoogle || []).push({});\n<\/script><\/p>\n<p><a href=\"http:\/\/www.eloriente.net\/home\/wp-content\/uploads\/2018\/04\/4.-DERIVA.jpg\"><img loading=\"lazy\" decoding=\"async\" class=\"alignnone wp-image-53249\" src=\"http:\/\/www.eloriente.net\/home\/wp-content\/uploads\/2018\/04\/4.-DERIVA-1024x576.jpg\" alt=\"\" width=\"600\" height=\"338\" srcset=\"http:\/\/www.eloriente.net\/home\/wp-content\/uploads\/2018\/04\/4.-DERIVA-1024x576.jpg 1024w, http:\/\/www.eloriente.net\/home\/wp-content\/uploads\/2018\/04\/4.-DERIVA-300x169.jpg 300w, http:\/\/www.eloriente.net\/home\/wp-content\/uploads\/2018\/04\/4.-DERIVA-768x432.jpg 768w, http:\/\/www.eloriente.net\/home\/wp-content\/uploads\/2018\/04\/4.-DERIVA.jpg 1600w\" sizes=\"(max-width: 600px) 100vw, 600px\" \/><\/a><\/p>\n<p>El <strong>1 de mayo<\/strong> se proyectar\u00e1 <em>El sabor del cemento<\/em> del cineasta sirio Ziad Kalthoum, (Alemania \u2013 L\u00edbano \u2013 Siria \u2013 Emiratos \u00c1rabes Unidos \u2013 Catar, 2017). En Beirut, trabajadores sirios construyen rascacielos, mientras que sus propios hogares en su tierra natal est\u00e1n siendo bombardeados. Estos trabajadores, que sufren la privaci\u00f3n de los derechos humanos y laborales m\u00e1s b\u00e1sicos, est\u00e1n confinados por decreto del gobierno liban\u00e9s. \u201cUn vuelo de p\u00e1jaro a trav\u00e9s de las excavaciones gigantescas que abastecen las obras en construcci\u00f3n de la ciudad de Beirut; una cava colosal para levantar las ruinas de una guerra de quince a\u00f1os. Reconstrucci\u00f3n despu\u00e9s de la destrucci\u00f3n son los polos de un proceso continuo que interesa y atraviesa la regi\u00f3n del Medio Oriente en la historia contempor\u00e1nea.\u201d Eva Sangorgi. <em>El sabor del cemento<\/em> obtuvo el Premio Puma a Mejor Pel\u00edcula en el FICUNAM 2018 y fue la cinta ganadora del Festival Vision du Reel, entre otros reconocimientos.<\/p>\n<p><a href=\"http:\/\/www.eloriente.net\/home\/wp-content\/uploads\/2018\/04\/5.-SABOR-CEMENTO.jpg\"><img loading=\"lazy\" decoding=\"async\" class=\"alignnone wp-image-53250\" src=\"http:\/\/www.eloriente.net\/home\/wp-content\/uploads\/2018\/04\/5.-SABOR-CEMENTO-1024x576.jpg\" alt=\"\" width=\"600\" height=\"338\" srcset=\"http:\/\/www.eloriente.net\/home\/wp-content\/uploads\/2018\/04\/5.-SABOR-CEMENTO-1024x576.jpg 1024w, http:\/\/www.eloriente.net\/home\/wp-content\/uploads\/2018\/04\/5.-SABOR-CEMENTO-300x169.jpg 300w, http:\/\/www.eloriente.net\/home\/wp-content\/uploads\/2018\/04\/5.-SABOR-CEMENTO-768x432.jpg 768w, http:\/\/www.eloriente.net\/home\/wp-content\/uploads\/2018\/04\/5.-SABOR-CEMENTO.jpg 1920w\" sizes=\"(max-width: 600px) 100vw, 600px\" \/><\/a><\/p>\n<p>La programaci\u00f3n concluye el <strong>2 de mayo<\/strong> con <em>M<\/em> de la talentosa directora Eva Villase\u00f1or, M\u00e9xico, 2018. Es el retrato de un personaje de su familia y tambi\u00e9n revela una escena musical y social de M\u00e9xico. Miguel traza su camino intentando sobrevivir, su realidad cada vez se vuelve m\u00e1s laber\u00edntica; le es complicado enfrentarse a s\u00ed mismo, su comportamiento es complejo. Una sociedad represora y una invasi\u00f3n de ideas confusas hacen de este documental una pieza sobre la complejidad humana en un pa\u00eds, dominado por la violencia. Funci\u00f3n con la presencia de su directora.<\/p>\n<p><a href=\"http:\/\/www.eloriente.net\/home\/wp-content\/uploads\/2018\/04\/6.-M.jpg\"><img loading=\"lazy\" decoding=\"async\" class=\"alignnone wp-image-53251\" src=\"http:\/\/www.eloriente.net\/home\/wp-content\/uploads\/2018\/04\/6.-M.jpg\" alt=\"\" width=\"601\" height=\"399\" srcset=\"http:\/\/www.eloriente.net\/home\/wp-content\/uploads\/2018\/04\/6.-M.jpg 1000w, http:\/\/www.eloriente.net\/home\/wp-content\/uploads\/2018\/04\/6.-M-300x199.jpg 300w, http:\/\/www.eloriente.net\/home\/wp-content\/uploads\/2018\/04\/6.-M-768x510.jpg 768w\" sizes=\"(max-width: 601px) 100vw, 601px\" \/><\/a><\/p>\n<p>De esta forma, OaxacaCine, invita al p\u00fablico a disfrutar y ser part\u00edcipe del Festival Internacional de Cine de la UNAM en su octava edici\u00f3n.<br \/>\n\u00a1Bienvenidos todos!<\/p>\n<p>Boletos para las funciones en el Teatro Ju\u00e1rez: $30 general \/ $20 con descuento (estudiantes, maestros e INAPAM, presentando credencial vigente). A la venta en taquilla del teatro de 16 a 19 horas, los d\u00edas de funci\u00f3n.<\/p>\n<p>Cartelera completa: www.oaxacacine.com<\/p>\n<p>Redes: facebook OaxacaCine | twitter <a href=\"https:\/\/twitter.com\/OaxacaCine\" target=\"_blank\" rel=\"noopener\">@OaxacaCine<\/a> | instagram <a href=\"https:\/\/www.instagram.com\/oaxacacine\/\" target=\"_blank\" rel=\"noopener\">@oaxacacine<\/a><br \/>\n#Ficunam8 #GIRAFicunam<\/p>\n<p><script async src=\"\/\/\"><\/script><br \/>\n<ins class=\"adsbygoogle\" style=\"display: block;\" data-ad-format=\"autorelaxed\" data-ad-client=\"ca-pub-1136171134853753\" data-ad-slot=\"4595267748\"><\/ins><br \/>\n<script>\n     (adsbygoogle = window.adsbygoogle || []).push({});\n<\/script><\/p>\n<p>&nbsp;<\/p>\n\n\t\t\t  <div \n\t\t\t  \tclass = \"fb-comments\" \n\t\t\t  \tdata-href = \"http:\/\/www.eloriente.net\/home\/2018\/04\/11\/cine-en-abril-llega-ficunam-a-oaxaca\/\"\n\t\t\t  \tdata-numposts = \"10\"\n\t\t\t\tdata-colorscheme = \"dark\"\n\t\t\t\tdata-order-by = \"social\"\n\t\t\t\tdata-mobile=true>\n\t\t\t  <\/div>\n\t\t  <style>\n\t\t\t.fb_iframe_widget_fluid_desktop iframe {\n\t\t\t    width: 100% !important;\n\t\t\t}\n\t\t  <\/style>\n\t\t  ","protected":false},"excerpt":{"rendered":"<p>&nbsp; eloriente.net 11 de abril de 2018 Por s\u00e9ptimo a\u00f1o consecutivo OaxacaCine presentar\u00e1 una selecci\u00f3n del Festival Internacional de Cine de la UNAM en Oaxaca. Los d\u00edas 24, 25, 26, 30 de abril, 1 y 2 de mayo podremos disfrutar, en OaxacaCine Sala Ju\u00e1rez, de una selecci\u00f3n representativa del festival en su octava edici\u00f3n. FICUNAM [&hellip;]<\/p>\n","protected":false},"author":44,"featured_media":53246,"comment_status":"open","ping_status":"open","sticky":false,"template":"","format":"standard","meta":{"_jetpack_memberships_contains_paid_content":false,"footnotes":""},"categories":[8,56,4300,1588,18,32,13,63,464],"tags":[5255,6263,1032,4076,4445,6121,1513,73,2366],"class_list":["post-53245","post","type-post","status-publish","format-standard","has-post-thumbnail","hentry","category-agenda","category-cine","category-comunicacion","category-comunicados-y-boletines","category-educacion-y-cultura","category-entradas","category-especiales","category-estados","category-oaxaca-estados","tag-5255","tag-abril","tag-agenda-2","tag-cine","tag-festival-internacional-de-cine-de-la-unam","tag-ficunam","tag-mayo","tag-oaxaca","tag-oaxaca-cine"],"jetpack_featured_media_url":"http:\/\/www.eloriente.net\/home\/wp-content\/uploads\/2018\/04\/1.-MILLA.jpg","jetpack_sharing_enabled":true,"_links":{"self":[{"href":"http:\/\/www.eloriente.net\/home\/wp-json\/wp\/v2\/posts\/53245"}],"collection":[{"href":"http:\/\/www.eloriente.net\/home\/wp-json\/wp\/v2\/posts"}],"about":[{"href":"http:\/\/www.eloriente.net\/home\/wp-json\/wp\/v2\/types\/post"}],"author":[{"embeddable":true,"href":"http:\/\/www.eloriente.net\/home\/wp-json\/wp\/v2\/users\/44"}],"replies":[{"embeddable":true,"href":"http:\/\/www.eloriente.net\/home\/wp-json\/wp\/v2\/comments?post=53245"}],"version-history":[{"count":1,"href":"http:\/\/www.eloriente.net\/home\/wp-json\/wp\/v2\/posts\/53245\/revisions"}],"predecessor-version":[{"id":53252,"href":"http:\/\/www.eloriente.net\/home\/wp-json\/wp\/v2\/posts\/53245\/revisions\/53252"}],"wp:featuredmedia":[{"embeddable":true,"href":"http:\/\/www.eloriente.net\/home\/wp-json\/wp\/v2\/media\/53246"}],"wp:attachment":[{"href":"http:\/\/www.eloriente.net\/home\/wp-json\/wp\/v2\/media?parent=53245"}],"wp:term":[{"taxonomy":"category","embeddable":true,"href":"http:\/\/www.eloriente.net\/home\/wp-json\/wp\/v2\/categories?post=53245"},{"taxonomy":"post_tag","embeddable":true,"href":"http:\/\/www.eloriente.net\/home\/wp-json\/wp\/v2\/tags?post=53245"}],"curies":[{"name":"wp","href":"https:\/\/api.w.org\/{rel}","templated":true}]}}