{"id":53261,"date":"2018-04-12T16:05:28","date_gmt":"2018-04-12T22:05:28","guid":{"rendered":"http:\/\/www.eloriente.net\/home\/?p=53261"},"modified":"2018-04-12T17:50:13","modified_gmt":"2018-04-12T23:50:13","slug":"videocolumna-lula-y-el-bronco-debilidad-de-las-instituciones-latinoamericanas-por-mariana-aragon","status":"publish","type":"post","link":"http:\/\/www.eloriente.net\/home\/2018\/04\/12\/videocolumna-lula-y-el-bronco-debilidad-de-las-instituciones-latinoamericanas-por-mariana-aragon\/","title":{"rendered":"VIDEOCOLUMNA: Lula y el Bronco; debilidad de las instituciones latinoamericanas. Por Mariana Arag\u00f3n"},"content":{"rendered":"<p><script src=\"\/\/pagead2.googlesyndication.com\/pagead\/js\/adsbygoogle.js\" async=\"\"><\/script><!-- BANNER ELORIENTE INCRUSTADO NOTAS --> <ins class=\"adsbygoogle\" style=\"display: inline-block; width: 300px; height: 250px;\" data-ad-client=\"ca-pub-1136171134853753\" data-ad-slot=\"7974633627\"><\/ins><script>\/\/ <![CDATA[ (adsbygoogle = window.adsbygoogle || []).push({}); \/\/ ]]><\/script><\/p>\n<p>&nbsp;<\/p>\n<p>eloriente.net<\/p>\n<p>12 de abril de 2018<\/p>\n<p>\u00abEn el mundo entero y en particular en Latinoam\u00e9rica, retumb\u00f3 el eco de la aprehensi\u00f3n de Lula da Silva. La noticia parec\u00eda surrealista, para todos quienes recordamos el milagro brasile\u00f1o que se dio en la d\u00e9cada pasada. Recuerdo cuando era estudiante de la carrera de ciencias pol\u00edticas y administraci\u00f3n p\u00fablica, c\u00f3mo analiz\u00e1bamos con admiraci\u00f3n algunas de las pol\u00edticas de gobierno del Presidente Lula, el crecimiento econ\u00f3mico de pa\u00eds, su fortalecimiento geopol\u00edtico como parte<span class=\"text_exposed_show\">\u00a0del bloque de econom\u00edas emergentes m\u00e1s importantes, el llamado BRIC (conformado por Brasil, Rusia, India y China); la alta aceptaci\u00f3n de su gobierno, as\u00ed como su liderazgo en Am\u00e9rica del Sur.\u00bb<\/span><\/p>\n<p>Esta semana Mariana Arag\u00f3n nos habla sobre el caso del ex presidente brasile\u00f1o Lula da Silva y sobre la reciente candidatura de Jaime Rodr\u00edguez Calder\u00f3n, y nos dice por qu\u00e9 esos casos demuestran el m\u00e1s grave problema de Am\u00e9rica Latina.<\/p>\n<p><iframe loading=\"lazy\" style=\"border: none; overflow: hidden;\" src=\"https:\/\/www.facebook.com\/plugins\/video.php?href=https%3A%2F%2Fwww.facebook.com%2F443535572345554%2Fvideos%2F1909705959061834%2F&amp;show_text=0&amp;width=560\" width=\"560\" height=\"315\" frameborder=\"0\" scrolling=\"no\" allowfullscreen=\"allowfullscreen\"><\/iframe><\/p>\n<p><script async src=\"\/\/\"><\/script><br \/>\n<ins class=\"adsbygoogle\" style=\"display: block; text-align: center;\" data-ad-layout=\"in-article\" data-ad-format=\"fluid\" data-ad-client=\"ca-pub-1136171134853753\" data-ad-slot=\"8578966557\"><\/ins><br \/>\n<script>\n     (adsbygoogle = window.adsbygoogle || []).push({});\n<\/script><\/p>\n<h2>Mariana Arag\u00f3n<\/h2>\n<p>es Directora de PROYECTA, estrategias de Comunicaci\u00f3n Pol\u00edtica. Adem\u00e1s es articulista y tallerista.<\/p>\n<p><a href=\"http:\/\/www.eloriente.net\/home\/wp-content\/uploads\/2018\/04\/MARIANA-RAGO\u0301N-12-DE-ABRIL-2018.jpg\"><img loading=\"lazy\" decoding=\"async\" class=\"alignnone wp-image-53262\" src=\"http:\/\/www.eloriente.net\/home\/wp-content\/uploads\/2018\/04\/MARIANA-RAGO\u0301N-12-DE-ABRIL-2018-1024x576.jpg\" alt=\"\" width=\"600\" height=\"338\" srcset=\"http:\/\/www.eloriente.net\/home\/wp-content\/uploads\/2018\/04\/MARIANA-RAGO\u0301N-12-DE-ABRIL-2018-1024x576.jpg 1024w, http:\/\/www.eloriente.net\/home\/wp-content\/uploads\/2018\/04\/MARIANA-RAGO\u0301N-12-DE-ABRIL-2018-300x169.jpg 300w, http:\/\/www.eloriente.net\/home\/wp-content\/uploads\/2018\/04\/MARIANA-RAGO\u0301N-12-DE-ABRIL-2018-768x432.jpg 768w, http:\/\/www.eloriente.net\/home\/wp-content\/uploads\/2018\/04\/MARIANA-RAGO\u0301N-12-DE-ABRIL-2018.jpg 1920w\" sizes=\"(max-width: 600px) 100vw, 600px\" \/><\/a><\/p>\n<p><script async src=\"\/\/\"><\/script><br \/>\n<ins class=\"adsbygoogle\" style=\"display: block;\" data-ad-format=\"autorelaxed\" data-ad-client=\"ca-pub-1136171134853753\" data-ad-slot=\"4595267748\"><\/ins><br \/>\n<script>\n     (adsbygoogle = window.adsbygoogle || []).push({});\n<\/script><\/p>\n\n\t\t\t  <div \n\t\t\t  \tclass = \"fb-comments\" \n\t\t\t  \tdata-href = \"http:\/\/www.eloriente.net\/home\/2018\/04\/12\/videocolumna-lula-y-el-bronco-debilidad-de-las-instituciones-latinoamericanas-por-mariana-aragon\/\"\n\t\t\t  \tdata-numposts = \"10\"\n\t\t\t\tdata-colorscheme = \"dark\"\n\t\t\t\tdata-order-by = \"social\"\n\t\t\t\tdata-mobile=true>\n\t\t\t  <\/div>\n\t\t  <style>\n\t\t\t.fb_iframe_widget_fluid_desktop iframe {\n\t\t\t    width: 100% !important;\n\t\t\t}\n\t\t  <\/style>\n\t\t  ","protected":false},"excerpt":{"rendered":"<p>&nbsp; eloriente.net 12 de abril de 2018 \u00abEn el mundo entero y en particular en Latinoam\u00e9rica, retumb\u00f3 el eco de la aprehensi\u00f3n de Lula da Silva. La noticia parec\u00eda surrealista, para todos quienes recordamos el milagro brasile\u00f1o que se dio en la d\u00e9cada pasada. Recuerdo cuando era estudiante de la carrera de ciencias pol\u00edticas y [&hellip;]<\/p>\n","protected":false},"author":44,"featured_media":53264,"comment_status":"open","ping_status":"open","sticky":false,"template":"","format":"standard","meta":{"_jetpack_memberships_contains_paid_content":false,"footnotes":""},"categories":[91,22,32,10,8746,21,31,98],"tags":[4578,477,9283,8748,4581,6224],"class_list":["post-53261","post","type-post","status-publish","format-standard","has-post-thumbnail","hentry","category-congreso-y-justicia","category-derechos-humanos","category-entradas","category-lo-mas-reciente","category-mariana-aragon-mijangos","category-politica-y-gobierno","category-principal","category-videoblogs","tag-el-bronco","tag-el-oriente","tag-lula-da-silva","tag-mariana-aragon","tag-politico","tag-videocolumna"],"jetpack_featured_media_url":"http:\/\/www.eloriente.net\/home\/wp-content\/uploads\/2018\/04\/MARIANA-RAGO\u0301N-12-DE-ABRIL-2018-1-e1523573629925.jpg","jetpack_sharing_enabled":true,"_links":{"self":[{"href":"http:\/\/www.eloriente.net\/home\/wp-json\/wp\/v2\/posts\/53261"}],"collection":[{"href":"http:\/\/www.eloriente.net\/home\/wp-json\/wp\/v2\/posts"}],"about":[{"href":"http:\/\/www.eloriente.net\/home\/wp-json\/wp\/v2\/types\/post"}],"author":[{"embeddable":true,"href":"http:\/\/www.eloriente.net\/home\/wp-json\/wp\/v2\/users\/44"}],"replies":[{"embeddable":true,"href":"http:\/\/www.eloriente.net\/home\/wp-json\/wp\/v2\/comments?post=53261"}],"version-history":[{"count":1,"href":"http:\/\/www.eloriente.net\/home\/wp-json\/wp\/v2\/posts\/53261\/revisions"}],"predecessor-version":[{"id":53263,"href":"http:\/\/www.eloriente.net\/home\/wp-json\/wp\/v2\/posts\/53261\/revisions\/53263"}],"wp:featuredmedia":[{"embeddable":true,"href":"http:\/\/www.eloriente.net\/home\/wp-json\/wp\/v2\/media\/53264"}],"wp:attachment":[{"href":"http:\/\/www.eloriente.net\/home\/wp-json\/wp\/v2\/media?parent=53261"}],"wp:term":[{"taxonomy":"category","embeddable":true,"href":"http:\/\/www.eloriente.net\/home\/wp-json\/wp\/v2\/categories?post=53261"},{"taxonomy":"post_tag","embeddable":true,"href":"http:\/\/www.eloriente.net\/home\/wp-json\/wp\/v2\/tags?post=53261"}],"curies":[{"name":"wp","href":"https:\/\/api.w.org\/{rel}","templated":true}]}}