{"id":53314,"date":"2018-04-17T13:51:38","date_gmt":"2018-04-17T19:51:38","guid":{"rendered":"http:\/\/www.eloriente.net\/home\/?p=53314"},"modified":"2018-04-17T15:10:32","modified_gmt":"2018-04-17T21:10:32","slug":"videocolumna-habitabilidad-urbana-y-el-desarrollo-optimo-de-ciudades-por-luz-cecilia-rodriguez","status":"publish","type":"post","link":"http:\/\/www.eloriente.net\/home\/2018\/04\/17\/videocolumna-habitabilidad-urbana-y-el-desarrollo-optimo-de-ciudades-por-luz-cecilia-rodriguez\/","title":{"rendered":"VIDEOCOLUMNA: Habitabilidad urbana y el desarrollo \u00f3ptimo de ciudades. Por Luz Cecilia Rodr\u00edguez"},"content":{"rendered":"<p><script src=\"\/\/pagead2.googlesyndication.com\/pagead\/js\/adsbygoogle.js\" async=\"\"><\/script><!-- BANNER ELORIENTE INCRUSTADO NOTAS --> <ins class=\"adsbygoogle\" style=\"display: inline-block; width: 300px; height: 250px;\" data-ad-client=\"ca-pub-1136171134853753\" data-ad-slot=\"7974633627\"><\/ins><script>\/\/ <![CDATA[ (adsbygoogle = window.adsbygoogle || []).push({}); \/\/ ]]><\/script><\/p>\n<p>&nbsp;<\/p>\n<p>eloriente.net<\/p>\n<p>17 de abril de 2018<\/p>\n<p>\u00abLa habitabilidad urbana como tal contempla diversas \u00e1reas que van desde seguridad, infraestructura, ecolog\u00eda, econom\u00eda, salud, vivienda entre muchas otras m\u00e1s que en conjunto pretenden hacer de nuestras ciudades espacio vivibles, disfrutables y atractivos. Ahora bien yo trabajo cuestiones muy espec\u00edficas relacionadas a la habitabilidad de los entornos peatonales en centros hist\u00f3ricos.<\/p>\n<p>Un entorno peatonal funcional es aquel que nos permite tener un \u00f3ptimo desplazamiento, o sea que es un espacio accesible, libre de obst\u00e1culos.\u00bb<\/p>\n<p>Esta semana presentamos a la Doctora Luz Cecilia Rodriguez, quien actualmente es profesora investigadora en la Facultad de Arquitectura 5 de Mayo. Adem\u00e1s de ser Miembro del Sistema Nacional de Investigadores.<\/p>\n<p>Ella nos comenta en esta ocasi\u00f3n sobre la habitabilidad urbana y la movilidad en la ciudad de Oaxaca.<\/p>\n<p><iframe loading=\"lazy\" style=\"border: none; overflow: hidden;\" src=\"https:\/\/www.facebook.com\/plugins\/video.php?href=https%3A%2F%2Fwww.facebook.com%2F443535572345554%2Fvideos%2F1915283405170756%2F&amp;show_text=0&amp;width=560\" width=\"560\" height=\"315\" frameborder=\"0\" scrolling=\"no\" allowfullscreen=\"allowfullscreen\"><\/iframe><\/p>\n<p><script async src=\"\/\/\"><\/script><br \/>\n<ins class=\"adsbygoogle\" style=\"display: block; text-align: center;\" data-ad-layout=\"in-article\" data-ad-format=\"fluid\" data-ad-client=\"ca-pub-1136171134853753\" data-ad-slot=\"8578966557\"><\/ins><br \/>\n<script>\n     (adsbygoogle = window.adsbygoogle || []).push({});\n<\/script><\/p>\n<p>Luz Cecilia Rodr\u00edguez es Arquitecta y maestra en Conservaci\u00f3n del Patrimonio por la Universidad Aut\u00f3noma Metropolita, Doctora en Historia Moderna y Contempor\u00e1nea por el Instituto Mora. Ha sido profesora en la UAM y en la ENCRYM, actualmente profesora investigadora en la Facultad de Arquitectura 5 de Mayo. Miembro del Sistema Nacional de Investigadores. Especialista en historia urbana, conservaci\u00f3n del patrimonio urbano y regeneraci\u00f3n del espacio p\u00fablico.<\/p>\n<p><a href=\"http:\/\/www.eloriente.net\/home\/wp-content\/uploads\/2017\/10\/UABJO-17-DE-OCTUBRE-2017.jpg\"><img loading=\"lazy\" decoding=\"async\" class=\"alignnone  wp-image-50969\" src=\"http:\/\/www.eloriente.net\/home\/wp-content\/uploads\/2017\/10\/UABJO-17-DE-OCTUBRE-2017-1024x576.jpg\" alt=\"\" width=\"551\" height=\"310\" srcset=\"http:\/\/www.eloriente.net\/home\/wp-content\/uploads\/2017\/10\/UABJO-17-DE-OCTUBRE-2017-1024x576.jpg 1024w, http:\/\/www.eloriente.net\/home\/wp-content\/uploads\/2017\/10\/UABJO-17-DE-OCTUBRE-2017-300x169.jpg 300w, http:\/\/www.eloriente.net\/home\/wp-content\/uploads\/2017\/10\/UABJO-17-DE-OCTUBRE-2017-768x432.jpg 768w, http:\/\/www.eloriente.net\/home\/wp-content\/uploads\/2017\/10\/UABJO-17-DE-OCTUBRE-2017.jpg 1920w\" sizes=\"(max-width: 551px) 100vw, 551px\" \/><\/a><\/p>\n<p><script async src=\"\/\/\"><\/script><br \/>\n<ins class=\"adsbygoogle\" style=\"display: block;\" data-ad-format=\"autorelaxed\" data-ad-client=\"ca-pub-1136171134853753\" data-ad-slot=\"4595267748\"><\/ins><br \/>\n<script>\n     (adsbygoogle = window.adsbygoogle || []).push({});\n<\/script><\/p>\n\n\t\t\t  <div \n\t\t\t  \tclass = \"fb-comments\" \n\t\t\t  \tdata-href = \"http:\/\/www.eloriente.net\/home\/2018\/04\/17\/videocolumna-habitabilidad-urbana-y-el-desarrollo-optimo-de-ciudades-por-luz-cecilia-rodriguez\/\"\n\t\t\t  \tdata-numposts = \"10\"\n\t\t\t\tdata-colorscheme = \"dark\"\n\t\t\t\tdata-order-by = \"social\"\n\t\t\t\tdata-mobile=true>\n\t\t\t  <\/div>\n\t\t  <style>\n\t\t\t.fb_iframe_widget_fluid_desktop iframe {\n\t\t\t    width: 100% !important;\n\t\t\t}\n\t\t  <\/style>\n\t\t  ","protected":false},"excerpt":{"rendered":"<p>&nbsp; eloriente.net 17 de abril de 2018 \u00abLa habitabilidad urbana como tal contempla diversas \u00e1reas que van desde seguridad, infraestructura, ecolog\u00eda, econom\u00eda, salud, vivienda entre muchas otras m\u00e1s que en conjunto pretenden hacer de nuestras ciudades espacio vivibles, disfrutables y atractivos. Ahora bien yo trabajo cuestiones muy espec\u00edficas relacionadas a la habitabilidad de los entornos [&hellip;]<\/p>\n","protected":false},"author":44,"featured_media":50969,"comment_status":"open","ping_status":"open","sticky":false,"template":"","format":"standard","meta":{"_jetpack_memberships_contains_paid_content":false,"footnotes":""},"categories":[18,32,63,35,464,8677,84,98],"tags":[1767,1600,9297,8576,568,197,187,8577,182,6224],"class_list":["post-53314","post","type-post","status-publish","format-standard","has-post-thumbnail","hentry","category-educacion-y-cultura","category-entradas","category-estados","category-secciones-oriente","category-oaxaca-estados","category-uabjo","category-universidades","category-videoblogs","tag-autos","tag-centro-historico","tag-e-studios","tag-habitabilidad-urbana","tag-movilidad","tag-opinion","tag-patrimonio","tag-transeuntes","tag-uabjo","tag-videocolumna"],"jetpack_featured_media_url":"http:\/\/www.eloriente.net\/home\/wp-content\/uploads\/2017\/10\/UABJO-17-DE-OCTUBRE-2017.jpg","jetpack_sharing_enabled":true,"_links":{"self":[{"href":"http:\/\/www.eloriente.net\/home\/wp-json\/wp\/v2\/posts\/53314"}],"collection":[{"href":"http:\/\/www.eloriente.net\/home\/wp-json\/wp\/v2\/posts"}],"about":[{"href":"http:\/\/www.eloriente.net\/home\/wp-json\/wp\/v2\/types\/post"}],"author":[{"embeddable":true,"href":"http:\/\/www.eloriente.net\/home\/wp-json\/wp\/v2\/users\/44"}],"replies":[{"embeddable":true,"href":"http:\/\/www.eloriente.net\/home\/wp-json\/wp\/v2\/comments?post=53314"}],"version-history":[{"count":2,"href":"http:\/\/www.eloriente.net\/home\/wp-json\/wp\/v2\/posts\/53314\/revisions"}],"predecessor-version":[{"id":53318,"href":"http:\/\/www.eloriente.net\/home\/wp-json\/wp\/v2\/posts\/53314\/revisions\/53318"}],"wp:featuredmedia":[{"embeddable":true,"href":"http:\/\/www.eloriente.net\/home\/wp-json\/wp\/v2\/media\/50969"}],"wp:attachment":[{"href":"http:\/\/www.eloriente.net\/home\/wp-json\/wp\/v2\/media?parent=53314"}],"wp:term":[{"taxonomy":"category","embeddable":true,"href":"http:\/\/www.eloriente.net\/home\/wp-json\/wp\/v2\/categories?post=53314"},{"taxonomy":"post_tag","embeddable":true,"href":"http:\/\/www.eloriente.net\/home\/wp-json\/wp\/v2\/tags?post=53314"}],"curies":[{"name":"wp","href":"https:\/\/api.w.org\/{rel}","templated":true}]}}