{"id":53415,"date":"2018-04-27T21:11:41","date_gmt":"2018-04-28T03:11:41","guid":{"rendered":"http:\/\/www.eloriente.net\/home\/?p=53415"},"modified":"2018-04-27T21:15:12","modified_gmt":"2018-04-28T03:15:12","slug":"diputados-otorgan-impunidad-penal-a-medicos-el-senado-puede-frenarlos","status":"publish","type":"post","link":"http:\/\/www.eloriente.net\/home\/2018\/04\/27\/diputados-otorgan-impunidad-penal-a-medicos-el-senado-puede-frenarlos\/","title":{"rendered":"DIPUTADOS otorgan impunidad penal a M\u00e9dicos; el Senado puede frenarlos"},"content":{"rendered":"<p><script src=\"\/\/pagead2.googlesyndication.com\/pagead\/js\/adsbygoogle.js\" async=\"\"><\/script><!-- BANNER ELORIENTE INCRUSTADO NOTAS --> <ins class=\"adsbygoogle\" style=\"display: inline-block; width: 300px; height: 250px;\" data-ad-client=\"ca-pub-1136171134853753\" data-ad-slot=\"7974633627\"><\/ins><script>\/\/ <![CDATA[ (adsbygoogle = window.adsbygoogle || []).push({}); \/\/ ]]><\/script><\/p>\n<p>(www.eloriente.net, M\u00e9xico, a 27 de abril de 2018, por: Sergio M\u00e9ndez Baz\u00e1n).- Los m\u00e9dicos \u00absiempre\u00bb act\u00faan para preservar la vida y hacer todo lo que est\u00e9 en sus manos para lograr tal fin, se\u00f1ala el <a href=\"http:\/\/gaceta.diputados.gob.mx\/PDF\/63\/2018\/abr\/20180426-XXI.pdf\">dictamen de la Comisi\u00f3n de Salud<\/a> que finalmente fue votado por el pleno de la C\u00e1mara de Diputados, mediante el cual se considerar\u00e1 culposa toda conducta de m\u00e9dicos y otros profesionales de la salud, que pudiera devenir en lesi\u00f3n o a\u00fan en la p\u00e9rdida de vida del paciente.<\/p>\n<p>En base a esa generalizaci\u00f3n, se vot\u00f3 por a\u00f1adir el siguiente art\u00edculo 470 bis a la Ley General de Salud: \u00abCuando la conducta sea realizada por profesionales, t\u00e9cnicos, auxiliares o personal relacionado con las disciplinas de la salud en cualesquiera de sus ramas, conforme a la Lex Artis Ad Hoc y disposiciones jur\u00eddicas aplicables a los procedimientos m\u00e9dicos, y se tenga como resultado alguna lesi\u00f3n o p\u00e9rdida de la vida del paciente, se estar\u00e1 a lo dispuesto por el Libro Primero, T\u00edtulo Tercero, Cap\u00edtulo II del C\u00f3digo Penal Federal\u00bb.<\/p>\n<p>Siendo \u00e9ste \u00faltimo el relativo a la aplicaci\u00f3n de sanciones a <a href=\"http:\/\/www.diputados.gob.mx\/LeyesBiblio\/pdf\/9_090318.pdf\">los delitos culposos<\/a>.<\/p>\n<p>De esta manera, el gremio m\u00e9dico pudo convencer a los legisladores federales de que son profesionales que \u00absiempre\u00bb act\u00faan con el af\u00e1n de no salvar vidas y recuperar la salud de los pacientes.<\/p>\n<p><script async src=\"\/\/pagead2.googlesyndication.com\/pagead\/js\/adsbygoogle.js\"><\/script><br \/>\n<ins class=\"adsbygoogle\" style=\"display: block; text-align: center;\" data-ad-layout=\"in-article\" data-ad-format=\"fluid\" data-ad-client=\"ca-pub-1136171134853753\" data-ad-slot=\"8578966557\"><\/ins><br \/>\n<script>\n\u00a0\u00a0\u00a0\u00a0\u00a0(adsbygoogle\u00a0=\u00a0window.adsbygoogle\u00a0||\u00a0[]).push({});\n<\/script><\/p>\n<h3>Tiempo r\u00e9cord para aprobar dictamen<\/h3>\n<p>El dictamen fue votado ayer por <a href=\"http:\/\/gaceta.diputados.gob.mx\/\">280 votos a favor y 6 abstenciones<\/a>. En dichos votos a favor hubo diputados pr\u00e1cticamente de todas las fuerzas pol\u00edticas e incluso de una representante independiente.<\/p>\n<p>Cabe hacer menci\u00f3n que fue el diputado por Jalisco El\u00edas Octavio \u00cd\u00f1iguez Mej\u00eda, del grupo parlamentario de Acci\u00f3n Nacional y presidente de la Comisi\u00f3n de Salud, quien present\u00f3 esta iniciativa el pasado 19 de abril de 2018; con esa misma fecha, la mesa directiva turn\u00f3 a la comisi\u00f3n que \u00e9l mismo preside el documento y <strong>en 7 d\u00edas fue aprobada por el pleno en tiempo r\u00e9cord.<\/strong><\/p>\n<p>\u00cd\u00f1iguez <a href=\"http:\/\/sil.gobernacion.gob.mx\/Librerias\/pp_PerfilLegislador.php?Referencia=9221507\">es m\u00e9dico cirujano y partero<\/a> por la Universidad de Guadalajara; es maestro en salud p\u00fablica y tiene una trayectoria activa en hospitales y en el campo de la salud.<\/p>\n<h3><strong>Pasa al Senado<\/strong><\/h3>\n<p>El dictamen aprobado por la C\u00e1mara de Diputados pas\u00f3 al Senado para sus efectos constitucionales.<\/p>\n<p>Sin embargo, se espera que en el Senado s\u00ed se efect\u00fae un debate m\u00e1s amplio sobre este tema, pues el dictamen aprobado por el Senado no contempla, por ejemplo, estad\u00edsticas y conceptos relativos a las quejas y casos que en el pa\u00eds han existido sobre muertes por negligencia m\u00e9dica.<\/p>\n<p>Lo anterior, pues ha trascendido p\u00fablicamente que el propio Instituto Belisario Dom\u00ednguez del Senado <a href=\"http:\/\/www.mvsnoticias.com\/#!\/noticias\/fuiste-victima-de-negligencia-medica-507\">consideraba \u00aburgente tipificar como delito la negligencia m\u00e9dica<\/a>, falta que ocurre cuando el m\u00e9dico tiene los conocimientos y recursos necesarios para atender a un paciente, pero no los utiliza por descuido u omisi\u00f3n\u00bb.<\/p>\n<figure id=\"attachment_53416\" aria-describedby=\"caption-attachment-53416\" style=\"width: 450px\" class=\"wp-caption alignnone\"><a href=\"http:\/\/www.eloriente.net\/home\/wp-content\/uploads\/2018\/04\/Eli\u0301as-I\u0301n\u0303iguez-enero-2018-en-cuenta-twitter.jpg\"><img loading=\"lazy\" decoding=\"async\" class=\"wp-image-53416\" src=\"http:\/\/www.eloriente.net\/home\/wp-content\/uploads\/2018\/04\/Eli\u0301as-I\u0301n\u0303iguez-enero-2018-en-cuenta-twitter.jpg\" alt=\"\" width=\"450\" height=\"360\" srcset=\"http:\/\/www.eloriente.net\/home\/wp-content\/uploads\/2018\/04\/Eli\u0301as-I\u0301n\u0303iguez-enero-2018-en-cuenta-twitter.jpg 960w, http:\/\/www.eloriente.net\/home\/wp-content\/uploads\/2018\/04\/Eli\u0301as-I\u0301n\u0303iguez-enero-2018-en-cuenta-twitter-300x240.jpg 300w, http:\/\/www.eloriente.net\/home\/wp-content\/uploads\/2018\/04\/Eli\u0301as-I\u0301n\u0303iguez-enero-2018-en-cuenta-twitter-768x614.jpg 768w\" sizes=\"(max-width: 450px) 100vw, 450px\" \/><\/a><figcaption id=\"caption-attachment-53416\" class=\"wp-caption-text\"><em>Foto: @EliasI\u00f1iguezM en Enero de 2018 con el director general del ISSSTE Jos\u00e9 Reyes Baeza.<\/em><\/figcaption><\/figure>\n<p><script async src=\"\/\/pagead2.googlesyndication.com\/pagead\/js\/adsbygoogle.js\"><\/script><br \/>\n<ins class=\"adsbygoogle\" style=\"display: block;\" data-ad-format=\"autorelaxed\" data-ad-client=\"ca-pub-1136171134853753\" data-ad-slot=\"4595267748\"><\/ins><br \/>\n<script>\n\u00a0\u00a0\u00a0\u00a0\u00a0(adsbygoogle\u00a0=\u00a0window.adsbygoogle\u00a0||\u00a0[]).push({});\n<\/script><\/p>\n\n\t\t\t  <div \n\t\t\t  \tclass = \"fb-comments\" \n\t\t\t  \tdata-href = \"http:\/\/www.eloriente.net\/home\/2018\/04\/27\/diputados-otorgan-impunidad-penal-a-medicos-el-senado-puede-frenarlos\/\"\n\t\t\t  \tdata-numposts = \"10\"\n\t\t\t\tdata-colorscheme = \"dark\"\n\t\t\t\tdata-order-by = \"social\"\n\t\t\t\tdata-mobile=true>\n\t\t\t  <\/div>\n\t\t  <style>\n\t\t\t.fb_iframe_widget_fluid_desktop iframe {\n\t\t\t    width: 100% !important;\n\t\t\t}\n\t\t  <\/style>\n\t\t  ","protected":false},"excerpt":{"rendered":"<p>(www.eloriente.net, M\u00e9xico, a 27 de abril de 2018, por: Sergio M\u00e9ndez Baz\u00e1n).- Los m\u00e9dicos \u00absiempre\u00bb act\u00faan para preservar la vida y hacer todo lo que est\u00e9 en sus manos para lograr tal fin, se\u00f1ala el dictamen de la Comisi\u00f3n de Salud que finalmente fue votado por el pleno de la C\u00e1mara de Diputados, mediante el [&hellip;]<\/p>\n","protected":false},"author":1,"featured_media":53416,"comment_status":"open","ping_status":"open","sticky":false,"template":"","format":"standard","meta":{"_jetpack_memberships_contains_paid_content":false,"footnotes":""},"categories":[91,9,32,10,24,21,30],"tags":[2699,9336,1103,9288,9337],"class_list":["post-53415","post","type-post","status-publish","format-standard","has-post-thumbnail","hentry","category-congreso-y-justicia","category-editorial","category-entradas","category-lo-mas-reciente","category-mexico-y-el-mundo","category-politica-y-gobierno","category-salud","tag-doctores","tag-ley-general-de-salud","tag-medicos","tag-negligencia-medica","tag-reforma-legal"],"jetpack_featured_media_url":"http:\/\/www.eloriente.net\/home\/wp-content\/uploads\/2018\/04\/Eli\u0301as-I\u0301n\u0303iguez-enero-2018-en-cuenta-twitter.jpg","jetpack_sharing_enabled":true,"_links":{"self":[{"href":"http:\/\/www.eloriente.net\/home\/wp-json\/wp\/v2\/posts\/53415"}],"collection":[{"href":"http:\/\/www.eloriente.net\/home\/wp-json\/wp\/v2\/posts"}],"about":[{"href":"http:\/\/www.eloriente.net\/home\/wp-json\/wp\/v2\/types\/post"}],"author":[{"embeddable":true,"href":"http:\/\/www.eloriente.net\/home\/wp-json\/wp\/v2\/users\/1"}],"replies":[{"embeddable":true,"href":"http:\/\/www.eloriente.net\/home\/wp-json\/wp\/v2\/comments?post=53415"}],"version-history":[{"count":3,"href":"http:\/\/www.eloriente.net\/home\/wp-json\/wp\/v2\/posts\/53415\/revisions"}],"predecessor-version":[{"id":53419,"href":"http:\/\/www.eloriente.net\/home\/wp-json\/wp\/v2\/posts\/53415\/revisions\/53419"}],"wp:featuredmedia":[{"embeddable":true,"href":"http:\/\/www.eloriente.net\/home\/wp-json\/wp\/v2\/media\/53416"}],"wp:attachment":[{"href":"http:\/\/www.eloriente.net\/home\/wp-json\/wp\/v2\/media?parent=53415"}],"wp:term":[{"taxonomy":"category","embeddable":true,"href":"http:\/\/www.eloriente.net\/home\/wp-json\/wp\/v2\/categories?post=53415"},{"taxonomy":"post_tag","embeddable":true,"href":"http:\/\/www.eloriente.net\/home\/wp-json\/wp\/v2\/tags?post=53415"}],"curies":[{"name":"wp","href":"https:\/\/api.w.org\/{rel}","templated":true}]}}