{"id":53455,"date":"2018-05-02T13:20:26","date_gmt":"2018-05-02T19:20:26","guid":{"rendered":"http:\/\/www.eloriente.net\/home\/?p=53455"},"modified":"2018-05-16T17:44:21","modified_gmt":"2018-05-16T23:44:21","slug":"observatorio-de-participacion-politica-de-las-mujeres-en-oaxaca-instalado-debera-pronunciarse-por-temas-graves","status":"publish","type":"post","link":"http:\/\/www.eloriente.net\/home\/2018\/05\/02\/observatorio-de-participacion-politica-de-las-mujeres-en-oaxaca-instalado-debera-pronunciarse-por-temas-graves\/","title":{"rendered":"Observatorio de Participaci\u00f3n Pol\u00edtica de las Mujeres en Oaxaca instalado; deber\u00e1 pronunciarse por temas graves"},"content":{"rendered":"<p><script src=\"\/\/pagead2.googlesyndication.com\/pagead\/js\/adsbygoogle.js\" async=\"\"><\/script><!-- BANNER ELORIENTE INCRUSTADO NOTAS --> <ins class=\"adsbygoogle\" style=\"display: inline-block; width: 300px; height: 250px;\" data-ad-client=\"ca-pub-1136171134853753\" data-ad-slot=\"7974633627\"><\/ins><script>\/\/ <![CDATA[ (adsbygoogle = window.adsbygoogle || []).push({}); \/\/ ]]><\/script><\/p>\n<p>(<a href=\"http:\/\/www.eloriente.net\">www.eloriente.net<\/a>, M\u00e9xico, a 2 de mayo de 2018, por: Sergio M\u00e9ndez Baz\u00e1n).- La instalaci\u00f3n de este Observatorio es fruto del esfuerzo colaborativo de las organizaciones y personas que apoyan la lucha feminista, dijo hoy Ana V\u00e1squez Colmenares, secretaria de la Mujer en Oaxaca y desde ahora presidenta de esta instancia para impulsar la participaci\u00f3n pol\u00edtica de las mujeres en la entidad.<\/p>\n<p>\u201cCuando vayamos a votar, en las casillas veremos a tres mujeres por cada dos hombres\u201d, se\u00f1al\u00f3, enfatizando que ya no se puede hablar de democracia sin las mujeres. Por lo tanto, es necesario aplicar una pol\u00edtica de \u201ccero tolerancia\u201d a la violencia pol\u00edtica contra ellas en Oaxaca.<\/p>\n<p>Lo anterior, en el marco de la instalaci\u00f3n de esta instancia cuyos integrantes adem\u00e1s de establecerlo formalmente, efectuaron hoy su primera sesi\u00f3n ordinaria.<\/p>\n<p>Por ello, fue Miguel \u00c1ngel Carballido D\u00edaz, presidente del Tribunal Electoral del Estado de Oaxaca, el encargado de se\u00f1alar las instituciones que integran el Observatorio, asignando a la titular de la Secretar\u00eda de la Mujer Oaxaque\u00f1a, Ana Isabel V\u00e1squez Colmenares como Presidenta, y al titular del Instituto Estatal Electoral y de Participaci\u00f3n Ciudadana, Gustavo Meixuiero N\u00e1jera como Secretario T\u00e9cnico.<\/p>\n<p><script async src=\"\/\/pagead2.googlesyndication.com\/pagead\/js\/adsbygoogle.js\"><\/script><br \/>\n<ins class=\"adsbygoogle\" style=\"display: block; text-align: center;\" data-ad-layout=\"in-article\" data-ad-format=\"fluid\" data-ad-client=\"ca-pub-1136171134853753\" data-ad-slot=\"8578966557\"><\/ins><br \/>\n<script>\n     (adsbygoogle = window.adsbygoogle || []).push({});\n<\/script><br \/>\nAdem\u00e1s, se\u00f1al\u00f3 que la Comisi\u00f3n de Igualdad y G\u00e9nero del Congreso, la SAI, SEGEGO, Fiscal\u00eda General del Estado, Defensor\u00eda Especializada para Pueblos y Comunidades Ind\u00edgenas, la Fiscal\u00eda por delitos cometidos por raz\u00f3n de g\u00e9nero, la Defensor\u00eda de los Derechos Humanos del Pueblo de Oaxaca, los partidos pol\u00edticos, as\u00ed como la UABJO, Universidad An\u00e1huac, Universidad La Salle, Universidad Regional del Sureste, Universidad Mesoamericana y Jos\u00e9 Vasconcelos, tambi\u00e9n forman parte del mismo.<\/p>\n<p>El presidente del Tribunal resalt\u00f3 los logros que diversas ciudadanas y organizaciones han conseguido en Oaxaca y en el pa\u00eds, como la paridad en cargos de car\u00e1cter electoral.<\/p>\n<p>Por su lado, Gustavo Meixueiro N\u00e1jera, consign\u00f3 los avances que se han dado para conseguir que las mujeres compitan en las elecciones con equidad, pero tambi\u00e9n los obst\u00e1culos observados para que ello se logre:<\/p>\n<ul>\n<li>La Simulaci\u00f3n de candidaturas<\/li>\n<li>La Violencia Pol\u00edtica de G\u00e9nero<\/li>\n<li>La Inequidad de Acceso a los Medios de Comunicaci\u00f3n<\/li>\n<li>Las dobles o triples jornadas que realizan las mujeres<\/li>\n<li>La falta de capacitaci\u00f3n<\/li>\n<li>La restricci\u00f3n para que participen en las Asambleas comunitarias donde se eligen a las autoridades.<\/li>\n<\/ul>\n<p>Incluso, diversos partidos intentaron burlar la obligaci\u00f3n legal de registrar candidatas y candidatos en paridad, pues registraron a hombres en vez de mujeres, simulando que se trataba de personas transg\u00e9nero.<\/p>\n<p>Durante la primera sesi\u00f3n ordinaria, la consejera electoral Rita Bell L\u00f3pez Vences present\u00f3 los informes de trabajo del Observatorio. Lo mismo las instituciones como el IEEPCO y EL TEEPJO.<\/p>\n<p>No tuvieron voz en la sesi\u00f3n los dem\u00e1s integrantes del mismo.<\/p>\n<p><iframe loading=\"lazy\" src=\"https:\/\/www.youtube.com\/embed\/r4_KbwBtYRQ\" width=\"450\" height=\"315\" frameborder=\"0\" allowfullscreen=\"allowfullscreen\"><span data-mce-type=\"bookmark\" style=\"display: inline-block; width: 0px; overflow: hidden; line-height: 0;\" class=\"mce_SELRES_start\">\ufeff<\/span><\/iframe><\/p>\n<p><script async src=\"\/\/pagead2.googlesyndication.com\/pagead\/js\/adsbygoogle.js\"><\/script><br \/>\n<ins class=\"adsbygoogle\" style=\"display: block;\" data-ad-format=\"autorelaxed\" data-ad-client=\"ca-pub-1136171134853753\" data-ad-slot=\"4595267748\"><\/ins><br \/>\n<script>\n     (adsbygoogle = window.adsbygoogle || []).push({});\n<\/script><\/p>\n\n\t\t\t  <div \n\t\t\t  \tclass = \"fb-comments\" \n\t\t\t  \tdata-href = \"http:\/\/www.eloriente.net\/home\/2018\/05\/02\/observatorio-de-participacion-politica-de-las-mujeres-en-oaxaca-instalado-debera-pronunciarse-por-temas-graves\/\"\n\t\t\t  \tdata-numposts = \"10\"\n\t\t\t\tdata-colorscheme = \"dark\"\n\t\t\t\tdata-order-by = \"social\"\n\t\t\t\tdata-mobile=true>\n\t\t\t  <\/div>\n\t\t  <style>\n\t\t\t.fb_iframe_widget_fluid_desktop iframe {\n\t\t\t    width: 100% !important;\n\t\t\t}\n\t\t  <\/style>\n\t\t  ","protected":false},"excerpt":{"rendered":"<p>(www.eloriente.net, M\u00e9xico, a 2 de mayo de 2018, por: Sergio M\u00e9ndez Baz\u00e1n).- La instalaci\u00f3n de este Observatorio es fruto del esfuerzo colaborativo de las organizaciones y personas que apoyan la lucha feminista, dijo hoy Ana V\u00e1squez Colmenares, secretaria de la Mujer en Oaxaca y desde ahora presidenta de esta instancia para impulsar la participaci\u00f3n pol\u00edtica [&hellip;]<\/p>\n","protected":false},"author":1,"featured_media":53458,"comment_status":"open","ping_status":"open","sticky":false,"template":"","format":"standard","meta":{"_jetpack_memberships_contains_paid_content":false,"footnotes":""},"categories":[6,71,32,63,464,21,31],"tags":[],"class_list":["post-53455","post","type-post","status-publish","format-standard","has-post-thumbnail","hentry","category-canal-4-especiales","category-elecciones","category-entradas","category-estados","category-oaxaca-estados","category-politica-y-gobierno","category-principal"],"jetpack_featured_media_url":"http:\/\/www.eloriente.net\/home\/wp-content\/uploads\/2018\/05\/observatorio-de-participacion-politica-de-la-mujer.jpg","jetpack_sharing_enabled":true,"_links":{"self":[{"href":"http:\/\/www.eloriente.net\/home\/wp-json\/wp\/v2\/posts\/53455"}],"collection":[{"href":"http:\/\/www.eloriente.net\/home\/wp-json\/wp\/v2\/posts"}],"about":[{"href":"http:\/\/www.eloriente.net\/home\/wp-json\/wp\/v2\/types\/post"}],"author":[{"embeddable":true,"href":"http:\/\/www.eloriente.net\/home\/wp-json\/wp\/v2\/users\/1"}],"replies":[{"embeddable":true,"href":"http:\/\/www.eloriente.net\/home\/wp-json\/wp\/v2\/comments?post=53455"}],"version-history":[{"count":1,"href":"http:\/\/www.eloriente.net\/home\/wp-json\/wp\/v2\/posts\/53455\/revisions"}],"predecessor-version":[{"id":53459,"href":"http:\/\/www.eloriente.net\/home\/wp-json\/wp\/v2\/posts\/53455\/revisions\/53459"}],"wp:featuredmedia":[{"embeddable":true,"href":"http:\/\/www.eloriente.net\/home\/wp-json\/wp\/v2\/media\/53458"}],"wp:attachment":[{"href":"http:\/\/www.eloriente.net\/home\/wp-json\/wp\/v2\/media?parent=53455"}],"wp:term":[{"taxonomy":"category","embeddable":true,"href":"http:\/\/www.eloriente.net\/home\/wp-json\/wp\/v2\/categories?post=53455"},{"taxonomy":"post_tag","embeddable":true,"href":"http:\/\/www.eloriente.net\/home\/wp-json\/wp\/v2\/tags?post=53455"}],"curies":[{"name":"wp","href":"https:\/\/api.w.org\/{rel}","templated":true}]}}