{"id":53528,"date":"2018-05-30T13:53:59","date_gmt":"2018-05-30T19:53:59","guid":{"rendered":"http:\/\/www.eloriente.net\/home\/?p=53528"},"modified":"2018-05-30T13:53:59","modified_gmt":"2018-05-30T19:53:59","slug":"videocolumna-turismo-de-salud-por-juan-antonio-gomez","status":"publish","type":"post","link":"http:\/\/www.eloriente.net\/home\/2018\/05\/30\/videocolumna-turismo-de-salud-por-juan-antonio-gomez\/","title":{"rendered":"VIDEOCOLUMNA: Turismo de salud. Por Juan Antonio G\u00f3mez"},"content":{"rendered":"<p><script src=\"\/\/pagead2.googlesyndication.com\/pagead\/js\/adsbygoogle.js\" async=\"\"><\/script><!-- BANNER ELORIENTE INCRUSTADO NOTAS --> <ins class=\"adsbygoogle\" style=\"display: inline-block; width: 300px; height: 250px;\" data-ad-client=\"ca-pub-1136171134853753\" data-ad-slot=\"7974633627\"><\/ins><script>\/\/ <![CDATA[ (adsbygoogle = window.adsbygoogle || []).push({}); \/\/ ]]><\/script><\/p>\n<p>&nbsp;<\/p>\n<p>eloriente.net<\/p>\n<p>30 de mayo de 2018<\/p>\n<p>\u00abA trav\u00e9s de la historia muchos exploradores y viajeros buscaron incansable pero inutilmente, las aguas milagrosas de la fuente de la juventud. Sin embargo, en principio, ellos no estaban tan equivocados al conferir a ciertas aguas efectos curativos y, \u00bfpor qu\u00e9 no -hasta cierto punto- rejuvenecedores?<\/p>\n<p>La tradici\u00f3n es milenaria, ya nuestros antepasados latinos, en los tiempos del Imperio Romano derivaron de la expresi\u00f3n \u201cSalute per Aqua\u201d, la palabra Spa con la que designaron a<span class=\"text_exposed_show\">\u00a0todos aquellos lugares de aguas minerales y termales, en los que la gente practic\u00f3 la balneoterapia con resultados curativos para diversas afecciones.\u00bb<\/span><\/p>\n<p>Esta semana\u00a0<a class=\"profileLink\" href=\"https:\/\/www.facebook.com\/JuanAntonioGomezCardenas?fref=mentions\" data-hovercard=\"\/ajax\/hovercard\/user.php?id=1178523739&amp;extragetparams=%7B%22fref%22%3A%22mentions%22%7D\" data-hovercard-prefer-more-content-show=\"1\">Juan Antonio G\u00f3mez C\u00e1rdenas<\/a>\u00a0nos habla sobre el turismo de salud, sus inicios y c\u00f3mo ha evolucionado a lo largo de la historia.<\/p>\n<p><iframe loading=\"lazy\" style=\"border: none; overflow: hidden;\" src=\"https:\/\/www.facebook.com\/plugins\/video.php?href=https%3A%2F%2Fwww.facebook.com%2F443535572345554%2Fvideos%2F1959889894043440%2F&amp;show_text=0&amp;width=560\" width=\"560\" height=\"315\" frameborder=\"0\" scrolling=\"no\" allowfullscreen=\"allowfullscreen\"><\/iframe><\/p>\n<p><script async src=\"\/\/\"><\/script><br \/>\n<ins class=\"adsbygoogle\" style=\"display: block; text-align: center;\" data-ad-layout=\"in-article\" data-ad-format=\"fluid\" data-ad-client=\"ca-pub-1136171134853753\" data-ad-slot=\"8578966557\"><\/ins><br \/>\n<script>\n     (adsbygoogle = window.adsbygoogle || []).push({});\n<\/script><\/p>\n<h2>Juan Antonio G\u00f3mez C\u00e1rdenas<\/h2>\n<p>es Licenciado en Turismo por la Universidad de Guadalajara. Cuenta tambi\u00e9n con una Maestr\u00eda en Educaci\u00f3n por el Instituto Tecnol\u00f3gico de Estudios Superiores de Monterrey.<\/p>\n<p>Fue Jefe del Departamento de Capacitaci\u00f3n y Desarrollo Tur\u00edstico de la Secretaria de Turismo del H. Ayuntamiento de Oaxaca de Ju\u00e1rez. Actualmente es Presidente de la Asociaci\u00f3n Mexicana de Profesionistas y T\u00e9cnicos en Turismo A.C. Oaxaca.<\/p>\n<p><a href=\"http:\/\/www.eloriente.net\/home\/wp-content\/uploads\/2018\/05\/JUAN-ANTONIO-GO\u0301MEZ-27-DE-MAYO-2018.jpg\"><img loading=\"lazy\" decoding=\"async\" class=\"alignnone wp-image-53531\" src=\"http:\/\/www.eloriente.net\/home\/wp-content\/uploads\/2018\/05\/JUAN-ANTONIO-GO\u0301MEZ-27-DE-MAYO-2018-1024x576.jpg\" alt=\"\" width=\"551\" height=\"310\" srcset=\"http:\/\/www.eloriente.net\/home\/wp-content\/uploads\/2018\/05\/JUAN-ANTONIO-GO\u0301MEZ-27-DE-MAYO-2018-1024x576.jpg 1024w, http:\/\/www.eloriente.net\/home\/wp-content\/uploads\/2018\/05\/JUAN-ANTONIO-GO\u0301MEZ-27-DE-MAYO-2018-300x169.jpg 300w, http:\/\/www.eloriente.net\/home\/wp-content\/uploads\/2018\/05\/JUAN-ANTONIO-GO\u0301MEZ-27-DE-MAYO-2018-768x432.jpg 768w, http:\/\/www.eloriente.net\/home\/wp-content\/uploads\/2018\/05\/JUAN-ANTONIO-GO\u0301MEZ-27-DE-MAYO-2018.jpg 1920w\" sizes=\"(max-width: 551px) 100vw, 551px\" \/><\/a><\/p>\n<p><script async src=\"\/\/\"><\/script><br \/>\n<ins class=\"adsbygoogle\" style=\"display: block;\" data-ad-format=\"autorelaxed\" data-ad-client=\"ca-pub-1136171134853753\" data-ad-slot=\"4595267748\"><\/ins><br \/>\n<script>\n     (adsbygoogle = window.adsbygoogle || []).push({});\n<\/script><\/p>\n<p>&nbsp;<\/p>\n\n\t\t\t  <div \n\t\t\t  \tclass = \"fb-comments\" \n\t\t\t  \tdata-href = \"http:\/\/www.eloriente.net\/home\/2018\/05\/30\/videocolumna-turismo-de-salud-por-juan-antonio-gomez\/\"\n\t\t\t  \tdata-numposts = \"10\"\n\t\t\t\tdata-colorscheme = \"dark\"\n\t\t\t\tdata-order-by = \"social\"\n\t\t\t\tdata-mobile=true>\n\t\t\t  <\/div>\n\t\t  <style>\n\t\t\t.fb_iframe_widget_fluid_desktop iframe {\n\t\t\t    width: 100% !important;\n\t\t\t}\n\t\t  <\/style>\n\t\t  ","protected":false},"excerpt":{"rendered":"<p>&nbsp; eloriente.net 30 de mayo de 2018 \u00abA trav\u00e9s de la historia muchos exploradores y viajeros buscaron incansable pero inutilmente, las aguas milagrosas de la fuente de la juventud. Sin embargo, en principio, ellos no estaban tan equivocados al conferir a ciertas aguas efectos curativos y, \u00bfpor qu\u00e9 no -hasta cierto punto- rejuvenecedores? La tradici\u00f3n [&hellip;]<\/p>\n","protected":false},"author":44,"featured_media":53531,"comment_status":"open","ping_status":"open","sticky":false,"template":"","format":"standard","meta":{"_jetpack_memberships_contains_paid_content":false,"footnotes":""},"categories":[18,32,63,7858,464,30,19,98],"tags":[477,7859,197,144,109,6224],"class_list":["post-53528","post","type-post","status-publish","format-standard","has-post-thumbnail","hentry","category-educacion-y-cultura","category-entradas","category-estados","category-juan-antonio-gomez","category-oaxaca-estados","category-salud","category-turismo-y-negocios","category-videoblogs","tag-el-oriente","tag-juan-antonio-gomez","tag-opinion","tag-salud-2","tag-turismo","tag-videocolumna"],"jetpack_featured_media_url":"http:\/\/www.eloriente.net\/home\/wp-content\/uploads\/2018\/05\/JUAN-ANTONIO-GO\u0301MEZ-27-DE-MAYO-2018.jpg","jetpack_sharing_enabled":true,"_links":{"self":[{"href":"http:\/\/www.eloriente.net\/home\/wp-json\/wp\/v2\/posts\/53528"}],"collection":[{"href":"http:\/\/www.eloriente.net\/home\/wp-json\/wp\/v2\/posts"}],"about":[{"href":"http:\/\/www.eloriente.net\/home\/wp-json\/wp\/v2\/types\/post"}],"author":[{"embeddable":true,"href":"http:\/\/www.eloriente.net\/home\/wp-json\/wp\/v2\/users\/44"}],"replies":[{"embeddable":true,"href":"http:\/\/www.eloriente.net\/home\/wp-json\/wp\/v2\/comments?post=53528"}],"version-history":[{"count":1,"href":"http:\/\/www.eloriente.net\/home\/wp-json\/wp\/v2\/posts\/53528\/revisions"}],"predecessor-version":[{"id":53533,"href":"http:\/\/www.eloriente.net\/home\/wp-json\/wp\/v2\/posts\/53528\/revisions\/53533"}],"wp:featuredmedia":[{"embeddable":true,"href":"http:\/\/www.eloriente.net\/home\/wp-json\/wp\/v2\/media\/53531"}],"wp:attachment":[{"href":"http:\/\/www.eloriente.net\/home\/wp-json\/wp\/v2\/media?parent=53528"}],"wp:term":[{"taxonomy":"category","embeddable":true,"href":"http:\/\/www.eloriente.net\/home\/wp-json\/wp\/v2\/categories?post=53528"},{"taxonomy":"post_tag","embeddable":true,"href":"http:\/\/www.eloriente.net\/home\/wp-json\/wp\/v2\/tags?post=53528"}],"curies":[{"name":"wp","href":"https:\/\/api.w.org\/{rel}","templated":true}]}}