{"id":53546,"date":"2018-05-31T08:36:09","date_gmt":"2018-05-31T14:36:09","guid":{"rendered":"http:\/\/www.eloriente.net\/home\/?p=53546"},"modified":"2018-05-31T08:36:09","modified_gmt":"2018-05-31T14:36:09","slug":"las-actividades-extractivas-en-mexico-presentacion-de-informe","status":"publish","type":"post","link":"http:\/\/www.eloriente.net\/home\/2018\/05\/31\/las-actividades-extractivas-en-mexico-presentacion-de-informe\/","title":{"rendered":"Las actividades extractivas en M\u00e9xico; presentaci\u00f3n de informe"},"content":{"rendered":"<p><script src=\"\/\/pagead2.googlesyndication.com\/pagead\/js\/adsbygoogle.js\" async=\"\"><\/script><!-- BANNER ELORIENTE INCRUSTADO NOTAS --> <ins class=\"adsbygoogle\" style=\"display: inline-block; width: 300px; height: 250px;\" data-ad-client=\"ca-pub-1136171134853753\" data-ad-slot=\"7974633627\"><\/ins><script>\/\/ <![CDATA[ (adsbygoogle = window.adsbygoogle || []).push({}); \/\/ ]]><\/script><\/p>\n<p>eloriente.net\/Fundar<\/p>\n<p>31 de mayo de 2018<\/p>\n<p>Esta ma\u00f1ana en punto de las 9 de la ma\u00f1ana, Fundar A.C. presenta su informe sobre Las actividades extractivas en M\u00e9xico. La transmisi\u00f3n en vivo a continuaci\u00f3n:<\/p>\n<h3>En Vivo<\/h3>\n<p><iframe loading=\"lazy\" src=\"https:\/\/www.youtube.com\/embed\/17Eja6h6GPM\" width=\"450\" height=\"315\" frameborder=\"0\" allowfullscreen=\"allowfullscreen\"><span data-mce-type=\"bookmark\" style=\"display: inline-block; width: 0px; overflow: hidden; line-height: 0;\" class=\"mce_SELRES_start\">\ufeff<\/span><\/iframe><\/p>\n<p><script async src=\"\/\/pagead2.googlesyndication.com\/pagead\/js\/adsbygoogle.js\"><\/script><br \/>\n<ins class=\"adsbygoogle\" style=\"display: block; text-align: center;\" data-ad-layout=\"in-article\" data-ad-format=\"fluid\" data-ad-client=\"ca-pub-1136171134853753\" data-ad-slot=\"8578966557\"><\/ins><br \/>\n<script>\n     (adsbygoogle = window.adsbygoogle || []).push({});\n<\/script><\/p>\n<p>Cabe recordar que en ELORIENTE.NET nos hemos propuesto dar seguimiento a este tema en particular, que es de primera importancia para entidades como Oaxaca, as\u00ed como Guanajuato, Zacatecas y m\u00e1s en M\u00e9xico, donde gran parte de su actividad econ\u00f3mica y social se apoya en estas actividades.<\/p>\n<p><script async src=\"\/\/pagead2.googlesyndication.com\/pagead\/js\/adsbygoogle.js\"><\/script><br \/>\n<ins class=\"adsbygoogle\" style=\"display: block;\" data-ad-format=\"autorelaxed\" data-ad-client=\"ca-pub-1136171134853753\" data-ad-slot=\"4595267748\"><\/ins><br \/>\n<script>\n     (adsbygoogle = window.adsbygoogle || []).push({});\n<\/script><\/p>\n\n\t\t\t  <div \n\t\t\t  \tclass = \"fb-comments\" \n\t\t\t  \tdata-href = \"http:\/\/www.eloriente.net\/home\/2018\/05\/31\/las-actividades-extractivas-en-mexico-presentacion-de-informe\/\"\n\t\t\t  \tdata-numposts = \"10\"\n\t\t\t\tdata-colorscheme = \"dark\"\n\t\t\t\tdata-order-by = \"social\"\n\t\t\t\tdata-mobile=true>\n\t\t\t  <\/div>\n\t\t  <style>\n\t\t\t.fb_iframe_widget_fluid_desktop iframe {\n\t\t\t    width: 100% !important;\n\t\t\t}\n\t\t  <\/style>\n\t\t  ","protected":false},"excerpt":{"rendered":"<p>eloriente.net\/Fundar 31 de mayo de 2018 Esta ma\u00f1ana en punto de las 9 de la ma\u00f1ana, Fundar A.C. presenta su informe sobre Las actividades extractivas en M\u00e9xico. La transmisi\u00f3n en vivo a continuaci\u00f3n: En Vivo \ufeff Cabe recordar que en ELORIENTE.NET nos hemos propuesto dar seguimiento a este tema en particular, que es de primera [&hellip;]<\/p>\n","protected":false},"author":1,"featured_media":53547,"comment_status":"open","ping_status":"open","sticky":false,"template":"","format":"standard","meta":{"_jetpack_memberships_contains_paid_content":false,"footnotes":""},"categories":[3,22,49,32,63,35,10,20,24,21],"tags":[9389,9391,9390,708],"class_list":["post-53546","post","type-post","status-publish","format-standard","has-post-thumbnail","hentry","category-canal-1-tu-aula","category-derechos-humanos","category-destacadas","category-entradas","category-estados","category-secciones-oriente","category-lo-mas-reciente","category-medio-ambiente","category-mexico-y-el-mundo","category-politica-y-gobierno","tag-actividades-extractivas","tag-anuario-mineria","tag-fundar-ac","tag-hidrocarburos"],"jetpack_featured_media_url":"http:\/\/www.eloriente.net\/home\/wp-content\/uploads\/2018\/05\/fundar-extractivas-en-vivo-31-mayo-2018.jpg","jetpack_sharing_enabled":true,"_links":{"self":[{"href":"http:\/\/www.eloriente.net\/home\/wp-json\/wp\/v2\/posts\/53546"}],"collection":[{"href":"http:\/\/www.eloriente.net\/home\/wp-json\/wp\/v2\/posts"}],"about":[{"href":"http:\/\/www.eloriente.net\/home\/wp-json\/wp\/v2\/types\/post"}],"author":[{"embeddable":true,"href":"http:\/\/www.eloriente.net\/home\/wp-json\/wp\/v2\/users\/1"}],"replies":[{"embeddable":true,"href":"http:\/\/www.eloriente.net\/home\/wp-json\/wp\/v2\/comments?post=53546"}],"version-history":[{"count":1,"href":"http:\/\/www.eloriente.net\/home\/wp-json\/wp\/v2\/posts\/53546\/revisions"}],"predecessor-version":[{"id":53548,"href":"http:\/\/www.eloriente.net\/home\/wp-json\/wp\/v2\/posts\/53546\/revisions\/53548"}],"wp:featuredmedia":[{"embeddable":true,"href":"http:\/\/www.eloriente.net\/home\/wp-json\/wp\/v2\/media\/53547"}],"wp:attachment":[{"href":"http:\/\/www.eloriente.net\/home\/wp-json\/wp\/v2\/media?parent=53546"}],"wp:term":[{"taxonomy":"category","embeddable":true,"href":"http:\/\/www.eloriente.net\/home\/wp-json\/wp\/v2\/categories?post=53546"},{"taxonomy":"post_tag","embeddable":true,"href":"http:\/\/www.eloriente.net\/home\/wp-json\/wp\/v2\/tags?post=53546"}],"curies":[{"name":"wp","href":"https:\/\/api.w.org\/{rel}","templated":true}]}}