{"id":53573,"date":"2018-06-04T09:16:16","date_gmt":"2018-06-04T15:16:16","guid":{"rendered":"http:\/\/www.eloriente.net\/home\/?p=53573"},"modified":"2018-06-04T09:17:18","modified_gmt":"2018-06-04T15:17:18","slug":"es-la-cultura-si-es-asunto-nuestro-por-juan-pablo-vasconcelos","status":"publish","type":"post","link":"http:\/\/www.eloriente.net\/home\/2018\/06\/04\/es-la-cultura-si-es-asunto-nuestro-por-juan-pablo-vasconcelos\/","title":{"rendered":"ES LA CULTURA: S\u00ed es asunto nuestro, por Juan Pablo Vasconcelos"},"content":{"rendered":"<p><script src=\"\/\/pagead2.googlesyndication.com\/pagead\/js\/adsbygoogle.js\" async=\"\"><\/script><!-- BANNER ELORIENTE INCRUSTADO NOTAS --> <ins class=\"adsbygoogle\" style=\"display: inline-block; width: 300px; height: 250px;\" data-ad-client=\"ca-pub-1136171134853753\" data-ad-slot=\"7974633627\"><\/ins><script>\/\/ <![CDATA[ (adsbygoogle = window.adsbygoogle || []).push({}); \/\/ ]]><\/script><\/p>\n<p style=\"text-align: right;\"><em>\u201cLa Catedral de Oaxaca y el Teatro Macedonio Alcal\u00e1 fueron protagonistas de las redes sociales en los \u00faltimos d\u00edas.<\/em><\/p>\n<p style=\"text-align: right;\"><em>No lo fueron por su grandeza, sino por su cantera perforada y sus bombillas rotas\u201d.<\/em><\/p>\n<p>(www.eloriente.net, M\u00e9xico, a 4 de junio de 2018, por: <a href=\"http:\/\/www.eloriente.net\/home\/category\/colaboradores\/juan-pablo-vasconcelos\/\">Juan Pablo Vasconcelos<\/a>\u00a0<a href=\"https:\/\/twitter.com\/JPVmx\">@JPVmx<\/a>).-\u00a0Vivimos en la \u00e9poca del hartazgo y la indignaci\u00f3n. Nos lo han repetido hasta el hartazgo.<\/p>\n<p>De hecho, se han levantado encuestas y escrito reflexiones para justificar esta etiqueta. A mis manos han llegado estudios cualitativos inclusive, que pretenden explicar y describir el tama\u00f1o del monstruo. Uno cuyas fauces, nos explican, est\u00e1 a punto de devorarse los resultados electorales, pero lo m\u00e1s grave, se engulle cotidianamente el bienestar emocional de los ciudadanos.<\/p>\n<p>Todos los d\u00edas, deglute los minutos de serenidad y mente clara de las personas de este pa\u00eds y a\u00fan del mundo, para luego expulsar a trav\u00e9s de sus palabras, sus miradas, sus comunicaciones en la redes sociales, una violencia hacia los otros cuyos componentes recuerdan los peores combates entre hombres y bestias en los tiempos de la prehistoria.<\/p>\n<p>Hoy, la inmensa mayor\u00eda parece molesta, agraviada, enojada, anestesiada por tantas ofensas hist\u00f3ricas, recientes y hasta futuras, porque ya la indignaci\u00f3n es tan preclara, que los agravios futuros duelen desde ahora. Por lo tanto, ya no importan los hechos, sino su costado lastimoso, ese cuyo aguij\u00f3n ha de envenenarnos a muerte.<\/p>\n<p>Y todo tiene un costado as\u00ed, \u00fanicamente hay que encontrarlo.<\/p>\n<p>Incluso lo bello, ofende. El lujo. Los salarios dignos. La virtud de un hombre cualquiera. El cambio clim\u00e1tico y sus temperaturas insoportables. Lo que saque el cuello m\u00e1s all\u00e1 de una determinada l\u00ednea aceptable para el indignado, es motivo de agravio personal, y justificaci\u00f3n suficiente para esparcir esa consideraci\u00f3n al m\u00e1ximo n\u00famero de amigos, perfiles en Facebook y seguidores.<\/p>\n<p>Lo importante es que la gente conozca la bondad que anega nuestros corazones, en tanto mayor es la capacidad de ofendernos por cuanto pasa en el mundo.<\/p>\n<p>Es verdad: la realidad a veces no admite medias tintas.<\/p>\n<p>Los sonoros casos de corrupci\u00f3n, procesados con distintas varas en el mundo: el Brasil un ex presidente en la c\u00e1rcel; en Espa\u00f1a, censurado y depuesto; en M\u00e9xico, sin consecuencias. Los cr\u00edmenes impunes. Los medios de comunicaci\u00f3n convirtiendo en un entretenimiento los debates electorales y ganando audiencias gracias a esta misma actitud entre santurrona y rebelde\u2026 Es verdad que motivos no hacen falta para tales desplantes.<\/p>\n<p>Pero tambi\u00e9n es cierto que hay dos factores del mismo tama\u00f1o pero ausentes en esta reacci\u00f3n generalizada: el autoexamen y la sensatez.<\/p>\n<p>Es decir, la indignaci\u00f3n no hace superior a quien la expresa y tampoco lo purifica.<\/p>\n<p>Siempre es m\u00e1s c\u00f3modo sentarse en el jurado que en el banquillo. Sin embargo, para ejercer un juicio, hay que tener al menos el mismo conocimiento, estatura, informaci\u00f3n, nivel de responsabilidad, que el enjuiciado.<\/p>\n<p>Enjuiciar es siempre un boomerang.<\/p>\n<p><script async src=\"\/\/pagead2.googlesyndication.com\/pagead\/js\/adsbygoogle.js\"><\/script><br \/>\n<ins class=\"adsbygoogle\" style=\"display: block; text-align: center;\" data-ad-layout=\"in-article\" data-ad-format=\"fluid\" data-ad-client=\"ca-pub-1136171134853753\" data-ad-slot=\"8578966557\"><\/ins><br \/>\n<script>\n     (adsbygoogle = window.adsbygoogle || []).push({});\n<\/script><\/p>\n<h3><strong>Patrimonio<\/strong><\/h3>\n<p>Por eso, cuando escucho diversas opiniones en relaci\u00f3n a los actos de da\u00f1o y destrucci\u00f3n del patrimonio cultural que han sufrido diversos monumentos de Oaxaca en los \u00faltimos d\u00edas, me da la sensaci\u00f3n de que se trata de una oleada movida por esta moda, y no tanto por un sentido aut\u00e9ntico de preocupaci\u00f3n por la integridad de estas construcciones.<\/p>\n<p>Seamos sinceros. En Oaxaca, el desinter\u00e9s por el patrimonio y el desconocimiento del mismo es una enfermedad cr\u00f3nica.<\/p>\n<p>En sentido contrario de lo que hemos forjado como creencia, expresada por la frase: \u201ctraemos en las venas una herencia cultural e hist\u00f3rica extraordinaria\u201d, lo cierto es que contad\u00edsimos ciudadanos tienen acceso a esa dimensi\u00f3n de la cultura que permite entender, comprender, asimilar, dotar de sentido e identidad edificios como el Teatro Macedonio Alcal\u00e1 y la Catedral de Oaxaca, por mencionar solo los m\u00e1s referidos en los \u00faltimos d\u00edas como objetos de agravio.<\/p>\n<p>No es verdad que las venas vengan cargadas de sentido.<\/p>\n<p>Lo que es verdad es que las generaciones se transmiten unas a otras este sentido a trav\u00e9s de otros procesos humanos, culturales, educativos, sociales, incluso medio ambientales, que propician esa identificaci\u00f3n, esa (trans)formaci\u00f3n interior.<\/p>\n<p>Y en estos procesos est\u00e1 la causa de los efectos observados en los \u00faltimos d\u00edas.<\/p>\n<p>Con respeto, \u00bfcu\u00e1ntas oaxaque\u00f1as y oaxaque\u00f1os han acudido a una funci\u00f3n o evento en el Teatro Macedonio Alcal\u00e1 en los \u00faltimos cinco a\u00f1os? \u00bfQui\u00e9n puede mencionar al vuelo el a\u00f1o de su fundaci\u00f3n o los principales motivos de su estilo arquitect\u00f3nico? \u00bfQu\u00e9 personajes est\u00e1n dibujados en su b\u00f3veda principal? Es m\u00e1s, \u00bfMacedonio Alcal\u00e1 es el autor de la Canci\u00f3n Mixteca o del Dios Nunca Muere?<\/p>\n<p>Seg\u00fan la Encuesta de H\u00e1bitos Culturales de 2010 \u2014misma que por cierto, a pesar de numerosas excitativas las instancias responsables se han negado a levantar desde entonces\u2014, solamente el 19,3% de los entrevistados, alguna vez ha ido a ver una obra de teatro en general. Solo 2 de cada 10. \u00bfImaginan cu\u00e1l es el universo de las personas del estado que han acudido a ese teatro en espec\u00edfico, por el cual hoy nos desgarramos las vestiduras?<\/p>\n<p>Quiz\u00e1 una pregunta m\u00e1s \u00edntima: \u00bfcu\u00e1ntos libros sobre historia o cultura de Oaxaca tenemos ahora mismo en alg\u00fan estante de la casa? \u00bfCu\u00e1ndo fue la \u00faltima conversaci\u00f3n que tuvimos con nuestros hijos sobre ese patrimonio, cuya destrucci\u00f3n nos causa ahora tal indignaci\u00f3n o remordimiento de conciencia?<\/p>\n<h3><strong>Ley y realidad<\/strong><\/h3>\n<p>Por ello, adicionalmente a solicitar la aplicaci\u00f3n de los art\u00edculos correspondientes, cuya redacci\u00f3n es clara y no mueve a confusi\u00f3n alguna \u2014Ley Federal de Monumentos, Art\u00edculo 52: \u201cAl que por cualquier medio da\u00f1e, altere o destruya un monumento arqueol\u00f3gico, art\u00edstico o hist\u00f3rico, se le impondr\u00e1 prisi\u00f3n de tres a diez a\u00f1os y multa hasta por el valor del da\u00f1o causado\u201d\u2014, incluyendo los relacionado con el C\u00f3digo Penal de Oaxaca \u2014Art\u00edculo 388: \u201cAl que causare da\u00f1os mediante inundaci\u00f3n, incendio, minas, bombas o explosivos, o los causare de cualquier modo en bienes de valor cient\u00edfico, art\u00edstico, cultural o de utilidad p\u00fablico, se le aplicar\u00e1: I.- De dos a cinco a\u00f1os de prisi\u00f3n y de treinta a doscientos d\u00edas de multa, si el momento del da\u00f1o no excede a quinientos salarios; y de II.- De cinco a doce a\u00f1os de prisi\u00f3n y de doscientos a quinientos d\u00edas de multa, si el monto excede de quinientos salarios\u201d, se debe dar incluso un paso adelante.<\/p>\n<p>Pensar como relevante para la vida p\u00fablica y a\u00fan para la vida privada, invertir tiempo, recursos, inter\u00e9s, en devolverle el sentido al trabajo de (re)construcci\u00f3n cultural que tanto falta nos hace.<\/p>\n<p>Imposible evitar m\u00e1s da\u00f1o al patrimonio, solamente con medidas coercitivas. Menos a\u00fan, con reacciones pasajeras, medi\u00e1ticas, fruto m\u00e1s de la b\u00fasqueda de atenci\u00f3n y ratings artificiales, que de un verdadero inter\u00e9s por el fondo cultural de los asuntos.<\/p>\n<p>Tambi\u00e9n el descuido por la formaci\u00f3n y la cultura, es un boomerang que ahora nos estalla en la frente.<\/p>\n<p>Todo esto debemos asumirlo como un asunto propio y no solo indignarnos.<\/p>\n<p>Actuar en consecuencia. Actuar ahora.<\/p>\n<p><script async src=\"\/\/pagead2.googlesyndication.com\/pagead\/js\/adsbygoogle.js\"><\/script><br \/>\n<ins class=\"adsbygoogle\" style=\"display: block;\" data-ad-format=\"autorelaxed\" data-ad-client=\"ca-pub-1136171134853753\" data-ad-slot=\"4595267748\"><\/ins><br \/>\n<script>\n     (adsbygoogle = window.adsbygoogle || []).push({});\n<\/script><\/p>\n\n\t\t\t  <div \n\t\t\t  \tclass = \"fb-comments\" \n\t\t\t  \tdata-href = \"http:\/\/www.eloriente.net\/home\/2018\/06\/04\/es-la-cultura-si-es-asunto-nuestro-por-juan-pablo-vasconcelos\/\"\n\t\t\t  \tdata-numposts = \"10\"\n\t\t\t\tdata-colorscheme = \"dark\"\n\t\t\t\tdata-order-by = \"social\"\n\t\t\t\tdata-mobile=true>\n\t\t\t  <\/div>\n\t\t  <style>\n\t\t\t.fb_iframe_widget_fluid_desktop iframe {\n\t\t\t    width: 100% !important;\n\t\t\t}\n\t\t  <\/style>\n\t\t  ","protected":false},"excerpt":{"rendered":"<p>\u201cLa Catedral de Oaxaca y el Teatro Macedonio Alcal\u00e1 fueron protagonistas de las redes sociales en los \u00faltimos d\u00edas. No lo fueron por su grandeza, sino por su cantera perforada y sus bombillas rotas\u201d. (www.eloriente.net, M\u00e9xico, a 4 de junio de 2018, por: Juan Pablo Vasconcelos\u00a0@JPVmx).-\u00a0Vivimos en la \u00e9poca del hartazgo y la indignaci\u00f3n. Nos [&hellip;]<\/p>\n","protected":false},"author":13,"featured_media":41672,"comment_status":"open","ping_status":"open","sticky":false,"template":"","format":"standard","meta":{"_jetpack_memberships_contains_paid_content":false,"footnotes":""},"categories":[29,11,32,63,54,464,31,12],"tags":[2560,6022,7229,1285,73,8330],"class_list":["post-53573","post","type-post","status-publish","format-standard","has-post-thumbnail","hentry","category-capital","category-colaboradores","category-entradas","category-estados","category-juan-pablo-vasconcelos","category-oaxaca-estados","category-principal","category-todo-oaxaca-radio","tag-catedral-de-oaxaca","tag-cultura-de-oaxaca","tag-es-la-cultura","tag-juan-pablo-vasconcelos-2","tag-oaxaca","tag-teatro-macedonio-alcala"],"jetpack_featured_media_url":"http:\/\/www.eloriente.net\/home\/wp-content\/uploads\/2016\/01\/Interior-Macedonio-Alcala\u0301.jpg","jetpack_sharing_enabled":true,"_links":{"self":[{"href":"http:\/\/www.eloriente.net\/home\/wp-json\/wp\/v2\/posts\/53573"}],"collection":[{"href":"http:\/\/www.eloriente.net\/home\/wp-json\/wp\/v2\/posts"}],"about":[{"href":"http:\/\/www.eloriente.net\/home\/wp-json\/wp\/v2\/types\/post"}],"author":[{"embeddable":true,"href":"http:\/\/www.eloriente.net\/home\/wp-json\/wp\/v2\/users\/13"}],"replies":[{"embeddable":true,"href":"http:\/\/www.eloriente.net\/home\/wp-json\/wp\/v2\/comments?post=53573"}],"version-history":[{"count":1,"href":"http:\/\/www.eloriente.net\/home\/wp-json\/wp\/v2\/posts\/53573\/revisions"}],"predecessor-version":[{"id":53574,"href":"http:\/\/www.eloriente.net\/home\/wp-json\/wp\/v2\/posts\/53573\/revisions\/53574"}],"wp:featuredmedia":[{"embeddable":true,"href":"http:\/\/www.eloriente.net\/home\/wp-json\/wp\/v2\/media\/41672"}],"wp:attachment":[{"href":"http:\/\/www.eloriente.net\/home\/wp-json\/wp\/v2\/media?parent=53573"}],"wp:term":[{"taxonomy":"category","embeddable":true,"href":"http:\/\/www.eloriente.net\/home\/wp-json\/wp\/v2\/categories?post=53573"},{"taxonomy":"post_tag","embeddable":true,"href":"http:\/\/www.eloriente.net\/home\/wp-json\/wp\/v2\/tags?post=53573"}],"curies":[{"name":"wp","href":"https:\/\/api.w.org\/{rel}","templated":true}]}}