{"id":53626,"date":"2018-06-07T20:13:39","date_gmt":"2018-06-08T02:13:39","guid":{"rendered":"http:\/\/www.eloriente.net\/home\/?p=53626"},"modified":"2018-06-09T16:04:23","modified_gmt":"2018-06-09T22:04:23","slug":"xochilt-jazmin-velazquez-solicita-a-ieepco-debate-para-distrito-xv-xoxocotlan","status":"publish","type":"post","link":"http:\/\/www.eloriente.net\/home\/2018\/06\/07\/xochilt-jazmin-velazquez-solicita-a-ieepco-debate-para-distrito-xv-xoxocotlan\/","title":{"rendered":"X\u00f3chilt Jazm\u00edn Vel\u00e1zquez solicita a IEEPCO debate para Distrito XV Xoxocotl\u00e1n"},"content":{"rendered":"<p><script src=\"\/\/pagead2.googlesyndication.com\/pagead\/js\/adsbygoogle.js\" async=\"\"><\/script><!-- BANNER ELORIENTE INCRUSTADO NOTAS --> <ins class=\"adsbygoogle\" style=\"display: inline-block; width: 300px; height: 250px;\" data-ad-client=\"ca-pub-1136171134853753\" data-ad-slot=\"7974633627\"><\/ins><script>\/\/ <![CDATA[ (adsbygoogle = window.adsbygoogle || []).push({}); \/\/ ]]><\/script><\/p>\n<p>&nbsp;<\/p>\n<p>Actualizaci\u00f3n:<\/p>\n<p>9 de junio de 2018<\/p>\n<p>Este mediod\u00eda, sesion\u00f3 en Santa Cruz Xoxocotl\u00e1n el 15 Consejo Distrital Electoral el IEEPCO, con la presencia de los consejeros y representantes de partidos pol\u00edticos para poner sobre la mesa la solicitud de la candidata del Partido Unidad Popular.<\/p>\n<p>En la sesi\u00f3n, solo se encontraban presentes los representantes de los partidos del Trabajo (PT) y PUP; en este sentido, se notific\u00f3 formalmente que no basta con que una candidata solicite el debate entre aspirantes a la diputaci\u00f3n local, sino que es necesario que por lo menos 4 se pronuncien a favor de debatir.<\/p>\n<p>El plazo para que otros y otras candidatas lo soliciten al Consejo vence ma\u00f1ana 10 de junio.<\/p>\n<p><script async src=\"\/\/pagead2.googlesyndication.com\/pagead\/js\/adsbygoogle.js\"><\/script><br \/>\n<ins class=\"adsbygoogle\" style=\"display: block; text-align: center;\" data-ad-layout=\"in-article\" data-ad-format=\"fluid\" data-ad-client=\"ca-pub-1136171134853753\" data-ad-slot=\"8578966557\"><\/ins><br \/>\n<script>\n\u00a0\u00a0\u00a0\u00a0\u00a0(adsbygoogle\u00a0=\u00a0window.adsbygoogle\u00a0||\u00a0[]).push({});\n<\/script><br \/>\n(www.eloriente.net, M\u00e9xico, a 7 de junio de 2018, por: Fernando Garc\u00eda Osorio).- Mediante un video en las redes sociales, la candidata del Partido Unidad Popular (PUP) a la diputaci\u00f3n local por el distrito XV local, X\u00f3chitl Jazm\u00edn Vel\u00e1zquez, inform\u00f3 que ha solicitado al Instituto Estatal Electoral y de Participaci\u00f3n Ciudadana de Oaxaca (IEEPCO) la realizaci\u00f3n de un debate entre candidatas y candidato en esa demarcaci\u00f3n.<\/p>\n<p>Cabe hacer menci\u00f3n que el distrito XV con cabecera en Santa Cruz Xoxocotl\u00e1n abarca los municipios de Xoxo, Zaachila, \u00a0San Antonio de la Cal, Jalpan y Cuil\u00e1pam de Guerrero.<\/p>\n<p>Para estos municipios y para el distrito en particular, no se ha convocado a debate alguno entre aspirantes, por lo cual la aspirante por el PUP ha sido la primera que de forma oficial efect\u00faa esta solicitud.<\/p>\n<p>Sin embargo, es sabido que por normatividad oficial, esta solicitud debe ser presentada o apoyada por dos tercios de las candidaturas registradas dentro de un plazo fijado por el IEEPCO a partir de la presentaci\u00f3n de este documento, lo cual se calcula al 10 de junio pr\u00f3ximo. As\u00ed, los candidatos contendientes con la voluntad de debatir solo tendr\u00edan cerca de 72 horas m\u00e1s para hacerlo saber a a la autoridad electoral.<\/p>\n<p>Dichos otros contendientes son: Antonio \u00c1lvarez por la coalici\u00f3n PAN-PRD-MC; Araceli Hern\u00e1ndez por el PRI; Magaly L\u00f3pez Dom\u00ednguez por Morena-PT-PES; Rosa Elena Villanueva por PMR; y Guadalupe Gonz\u00e1lez por PSD.<\/p>\n<p><iframe loading=\"lazy\" style=\"border: none; overflow: hidden;\" src=\"https:\/\/www.facebook.com\/plugins\/video.php?href=https%3A%2F%2Fwww.facebook.com%2FXochitlJazminVelazquez%2Fvideos%2F598612083842817%2F&amp;show_text=0&amp;width=267\" width=\"267\" height=\"476\" frameborder=\"0\" scrolling=\"no\" allowfullscreen=\"allowfullscreen\"><\/iframe><br \/>\n<script async src=\"\/\/pagead2.googlesyndication.com\/pagead\/js\/adsbygoogle.js\"><\/script><br \/>\n<ins class=\"adsbygoogle\" style=\"display: block; text-align: center;\" data-ad-layout=\"in-article\" data-ad-format=\"fluid\" data-ad-client=\"ca-pub-1136171134853753\" data-ad-slot=\"8578966557\"><\/ins><br \/>\n<script>\n\u00a0\u00a0\u00a0\u00a0\u00a0(adsbygoogle\u00a0=\u00a0window.adsbygoogle\u00a0||\u00a0[]).push({});\n<\/script><\/p>\n<h3>Otro encuentro en Xoxo<\/h3>\n<p>Asimismo, al margen de esta solicitud la misma candidata Vel\u00e1zquez V\u00e1squez ret\u00f3 al resto de los contendientes para que, adicionalmente a un debate formal seg\u00fan la convocatoria del Instituto, puedan encontrarse informalmente en p\u00fablico y en un lugar donde toda la ciudadan\u00eda tenga acceso a conocer sus respectivas propuestas.<\/p>\n<p>Tambi\u00e9n en redes sociales, propuso para dicho encuentro informal la plaza central de Santa Cruz Xoxocotl\u00e1n para este viernes 8 de junio a las 19 horas.<\/p>\n<p><a href=\"http:\/\/www.eloriente.net\/home\/wp-content\/uploads\/2018\/06\/Xochitl-jazmin-redes.jpg\"><img loading=\"lazy\" decoding=\"async\" class=\"alignnone wp-image-53627\" src=\"http:\/\/www.eloriente.net\/home\/wp-content\/uploads\/2018\/06\/Xochitl-jazmin-redes.jpg\" alt=\"\" width=\"449\" height=\"449\" srcset=\"http:\/\/www.eloriente.net\/home\/wp-content\/uploads\/2018\/06\/Xochitl-jazmin-redes.jpg 960w, http:\/\/www.eloriente.net\/home\/wp-content\/uploads\/2018\/06\/Xochitl-jazmin-redes-150x150.jpg 150w, http:\/\/www.eloriente.net\/home\/wp-content\/uploads\/2018\/06\/Xochitl-jazmin-redes-300x300.jpg 300w, http:\/\/www.eloriente.net\/home\/wp-content\/uploads\/2018\/06\/Xochitl-jazmin-redes-768x768.jpg 768w, http:\/\/www.eloriente.net\/home\/wp-content\/uploads\/2018\/06\/Xochitl-jazmin-redes-50x50.jpg 50w\" sizes=\"(max-width: 449px) 100vw, 449px\" \/><\/a><\/p>\n<p><a href=\"https:\/\/www.facebook.com\/XochitlJazminVelazquez\/\"><em>Imagen: @Xochitl Jazm\u00edn Vel\u00e1zquez<\/em><\/a><\/p>\n<p>&nbsp;<\/p>\n<p><script async src=\"\/\/pagead2.googlesyndication.com\/pagead\/js\/adsbygoogle.js\"><\/script><br \/>\n<ins class=\"adsbygoogle\" style=\"display: block;\" data-ad-format=\"autorelaxed\" data-ad-client=\"ca-pub-1136171134853753\" data-ad-slot=\"4595267748\"><\/ins><br \/>\n<script>\n\u00a0\u00a0\u00a0\u00a0\u00a0(adsbygoogle\u00a0=\u00a0window.adsbygoogle\u00a0||\u00a0[]).push({});\n<\/script><\/p>\n\n\t\t\t  <div \n\t\t\t  \tclass = \"fb-comments\" \n\t\t\t  \tdata-href = \"http:\/\/www.eloriente.net\/home\/2018\/06\/07\/xochilt-jazmin-velazquez-solicita-a-ieepco-debate-para-distrito-xv-xoxocotlan\/\"\n\t\t\t  \tdata-numposts = \"10\"\n\t\t\t\tdata-colorscheme = \"dark\"\n\t\t\t\tdata-order-by = \"social\"\n\t\t\t\tdata-mobile=true>\n\t\t\t  <\/div>\n\t\t  <style>\n\t\t\t.fb_iframe_widget_fluid_desktop iframe {\n\t\t\t    width: 100% !important;\n\t\t\t}\n\t\t  <\/style>\n\t\t  ","protected":false},"excerpt":{"rendered":"<p>&nbsp; Actualizaci\u00f3n: 9 de junio de 2018 Este mediod\u00eda, sesion\u00f3 en Santa Cruz Xoxocotl\u00e1n el 15 Consejo Distrital Electoral el IEEPCO, con la presencia de los consejeros y representantes de partidos pol\u00edticos para poner sobre la mesa la solicitud de la candidata del Partido Unidad Popular. En la sesi\u00f3n, solo se encontraban presentes los representantes [&hellip;]<\/p>\n","protected":false},"author":1,"featured_media":53627,"comment_status":"open","ping_status":"open","sticky":false,"template":"","format":"standard","meta":{"_jetpack_memberships_contains_paid_content":false,"footnotes":""},"categories":[32,63,23,464,9411],"tags":[9412,3653,1330,9118,2097],"class_list":["post-53626","post","type-post","status-publish","format-standard","has-post-thumbnail","hentry","category-entradas","category-estados","category-municipios","category-oaxaca-estados","category-xoxocotlan","tag-candidatas-oaxaca","tag-elecciones-mexico","tag-elecciones-oaxaca","tag-xochitl-jazmin-velazquez","tag-xoxocotlan"],"jetpack_featured_media_url":"http:\/\/www.eloriente.net\/home\/wp-content\/uploads\/2018\/06\/Xochitl-jazmin-redes.jpg","jetpack_sharing_enabled":true,"_links":{"self":[{"href":"http:\/\/www.eloriente.net\/home\/wp-json\/wp\/v2\/posts\/53626"}],"collection":[{"href":"http:\/\/www.eloriente.net\/home\/wp-json\/wp\/v2\/posts"}],"about":[{"href":"http:\/\/www.eloriente.net\/home\/wp-json\/wp\/v2\/types\/post"}],"author":[{"embeddable":true,"href":"http:\/\/www.eloriente.net\/home\/wp-json\/wp\/v2\/users\/1"}],"replies":[{"embeddable":true,"href":"http:\/\/www.eloriente.net\/home\/wp-json\/wp\/v2\/comments?post=53626"}],"version-history":[{"count":3,"href":"http:\/\/www.eloriente.net\/home\/wp-json\/wp\/v2\/posts\/53626\/revisions"}],"predecessor-version":[{"id":53648,"href":"http:\/\/www.eloriente.net\/home\/wp-json\/wp\/v2\/posts\/53626\/revisions\/53648"}],"wp:featuredmedia":[{"embeddable":true,"href":"http:\/\/www.eloriente.net\/home\/wp-json\/wp\/v2\/media\/53627"}],"wp:attachment":[{"href":"http:\/\/www.eloriente.net\/home\/wp-json\/wp\/v2\/media?parent=53626"}],"wp:term":[{"taxonomy":"category","embeddable":true,"href":"http:\/\/www.eloriente.net\/home\/wp-json\/wp\/v2\/categories?post=53626"},{"taxonomy":"post_tag","embeddable":true,"href":"http:\/\/www.eloriente.net\/home\/wp-json\/wp\/v2\/tags?post=53626"}],"curies":[{"name":"wp","href":"https:\/\/api.w.org\/{rel}","templated":true}]}}