{"id":53776,"date":"2018-06-21T18:00:12","date_gmt":"2018-06-22T00:00:12","guid":{"rendered":"http:\/\/www.eloriente.net\/home\/?p=53776"},"modified":"2018-06-21T20:11:13","modified_gmt":"2018-06-22T02:11:13","slug":"videocolumna-a-mexico-le-urge-de-un-gobierno-valiente-por-alejandra-garcia-morlan","status":"publish","type":"post","link":"http:\/\/www.eloriente.net\/home\/2018\/06\/21\/videocolumna-a-mexico-le-urge-de-un-gobierno-valiente-por-alejandra-garcia-morlan\/","title":{"rendered":"VIDEOCOLUMNA: A M\u00e9xico le urge de un gobierno valiente. Por Alejandra Garc\u00eda Morlan"},"content":{"rendered":"<p><script src=\"\/\/pagead2.googlesyndication.com\/pagead\/js\/adsbygoogle.js\" async=\"\"><\/script><!-- BANNER ELORIENTE INCRUSTADO NOTAS --> <ins class=\"adsbygoogle\" style=\"display: inline-block; width: 300px; height: 250px;\" data-ad-client=\"ca-pub-1136171134853753\" data-ad-slot=\"7974633627\"><\/ins><script>\/\/ <![CDATA[ (adsbygoogle = window.adsbygoogle || []).push({}); \/\/ ]]><\/script><\/p>\n<p>&nbsp;<\/p>\n<p>eloriente.net<\/p>\n<p>21 de junio de 2018<\/p>\n<p>\u00abIndignaci\u00f3n, tristeza, coraje, impotencia, rabia son algunos de los adjetivos con los que puedo calificar c\u00f3mo me sent\u00ed despu\u00e9s de ver las fotograf\u00edas que circularon en distintos medios sobre la situaci\u00f3n que estaban viviendo miles de ni\u00f1os mexicanos y centroamericanos migrantes que fueron separados de sus padres y madres, esto como represalia por haber tenido la osad\u00eda de cruzar la frontera de manera ilegal.\u00bb<\/p>\n<p>Esta semana\u00a0<a class=\"profileLink\" href=\"https:\/\/www.facebook.com\/alejandra.morlan?fref=mentions\" data-hovercard=\"\/ajax\/hovercard\/user.php?id=671441853&amp;extragetparams=%7B%22fref%22%3A%22mentions%22%7D\" data-hovercard-prefer-more-content-show=\"1\">Alejandra Garc\u00eda Morlan<\/a>\u00a0nos da su opini\u00f3n acerca del terrible tema de los ni\u00f1os separados de sus padres y enjaulados por el gobierno de Donald Trump.<\/p>\n<p><iframe loading=\"lazy\" style=\"border: none; overflow: hidden;\" src=\"https:\/\/www.facebook.com\/plugins\/video.php?href=https%3A%2F%2Fwww.facebook.com%2F443535572345554%2Fvideos%2F1992351167463979%2F&amp;show_text=0&amp;width=560\" width=\"560\" height=\"315\" frameborder=\"0\" scrolling=\"no\" allowfullscreen=\"allowfullscreen\"><\/iframe><\/p>\n<p><script async src=\"\/\/\"><\/script><br \/>\n<ins class=\"adsbygoogle\" style=\"display: block; text-align: center;\" data-ad-layout=\"in-article\" data-ad-format=\"fluid\" data-ad-client=\"ca-pub-1136171134853753\" data-ad-slot=\"8578966557\"><\/ins><br \/>\n<script>\n     (adsbygoogle = window.adsbygoogle || []).push({});\n<\/script><\/p>\n<h2>Alejandra Garc\u00eda Morlan<\/h2>\n<p>es Licenciada en Comercio Exterior. Funge como Consejera Nacional Partido Acci\u00f3n Nacional y adem\u00e1s fue diputada local.<\/p>\n<p><a href=\"http:\/\/www.eloriente.net\/home\/wp-content\/uploads\/2018\/06\/ALEJANDRA-GARCI\u0301A-MORLAN-21-DE-JUNIO-2018.jpg\"><img loading=\"lazy\" decoding=\"async\" class=\"alignnone wp-image-53777\" src=\"http:\/\/www.eloriente.net\/home\/wp-content\/uploads\/2018\/06\/ALEJANDRA-GARCI\u0301A-MORLAN-21-DE-JUNIO-2018-1024x576.jpg\" alt=\"\" width=\"553\" height=\"311\" srcset=\"http:\/\/www.eloriente.net\/home\/wp-content\/uploads\/2018\/06\/ALEJANDRA-GARCI\u0301A-MORLAN-21-DE-JUNIO-2018-1024x576.jpg 1024w, http:\/\/www.eloriente.net\/home\/wp-content\/uploads\/2018\/06\/ALEJANDRA-GARCI\u0301A-MORLAN-21-DE-JUNIO-2018-300x169.jpg 300w, http:\/\/www.eloriente.net\/home\/wp-content\/uploads\/2018\/06\/ALEJANDRA-GARCI\u0301A-MORLAN-21-DE-JUNIO-2018-768x432.jpg 768w, http:\/\/www.eloriente.net\/home\/wp-content\/uploads\/2018\/06\/ALEJANDRA-GARCI\u0301A-MORLAN-21-DE-JUNIO-2018.jpg 1920w\" sizes=\"(max-width: 553px) 100vw, 553px\" \/><\/a><\/p>\n<p><script async src=\"\/\/\"><\/script><br \/>\n<ins class=\"adsbygoogle\" style=\"display: block;\" data-ad-format=\"autorelaxed\" data-ad-client=\"ca-pub-1136171134853753\" data-ad-slot=\"4595267748\"><\/ins><br \/>\n<script>\n     (adsbygoogle = window.adsbygoogle || []).push({});\n<\/script><\/p>\n\n\t\t\t  <div \n\t\t\t  \tclass = \"fb-comments\" \n\t\t\t  \tdata-href = \"http:\/\/www.eloriente.net\/home\/2018\/06\/21\/videocolumna-a-mexico-le-urge-de-un-gobierno-valiente-por-alejandra-garcia-morlan\/\"\n\t\t\t  \tdata-numposts = \"10\"\n\t\t\t\tdata-colorscheme = \"dark\"\n\t\t\t\tdata-order-by = \"social\"\n\t\t\t\tdata-mobile=true>\n\t\t\t  <\/div>\n\t\t  <style>\n\t\t\t.fb_iframe_widget_fluid_desktop iframe {\n\t\t\t    width: 100% !important;\n\t\t\t}\n\t\t  <\/style>\n\t\t  ","protected":false},"excerpt":{"rendered":"<p>&nbsp; eloriente.net 21 de junio de 2018 \u00abIndignaci\u00f3n, tristeza, coraje, impotencia, rabia son algunos de los adjetivos con los que puedo calificar c\u00f3mo me sent\u00ed despu\u00e9s de ver las fotograf\u00edas que circularon en distintos medios sobre la situaci\u00f3n que estaban viviendo miles de ni\u00f1os mexicanos y centroamericanos migrantes que fueron separados de sus padres y [&hellip;]<\/p>\n","protected":false},"author":44,"featured_media":53782,"comment_status":"open","ping_status":"open","sticky":false,"template":"","format":"standard","meta":{"_jetpack_memberships_contains_paid_content":false,"footnotes":""},"categories":[9016,32,10,24,21,31,98],"tags":[2431,1917,274,1746,212,197,6224],"class_list":["post-53776","post","type-post","status-publish","format-standard","has-post-thumbnail","hentry","category-alejandra-garcia-morlan","category-entradas","category-lo-mas-reciente","category-mexico-y-el-mundo","category-politica-y-gobierno","category-principal","category-videoblogs","tag-alejandra-garcia-morlan","tag-donald-trump","tag-estados-unidos","tag-migrantes","tag-ninos","tag-opinion","tag-videocolumna"],"jetpack_featured_media_url":"http:\/\/www.eloriente.net\/home\/wp-content\/uploads\/2018\/06\/ALEJANDRA-GARCI\u0301A-MORLAN-21-DE-JUNIO-2018-768x432-1-e1529633462821.jpg","jetpack_sharing_enabled":true,"_links":{"self":[{"href":"http:\/\/www.eloriente.net\/home\/wp-json\/wp\/v2\/posts\/53776"}],"collection":[{"href":"http:\/\/www.eloriente.net\/home\/wp-json\/wp\/v2\/posts"}],"about":[{"href":"http:\/\/www.eloriente.net\/home\/wp-json\/wp\/v2\/types\/post"}],"author":[{"embeddable":true,"href":"http:\/\/www.eloriente.net\/home\/wp-json\/wp\/v2\/users\/44"}],"replies":[{"embeddable":true,"href":"http:\/\/www.eloriente.net\/home\/wp-json\/wp\/v2\/comments?post=53776"}],"version-history":[{"count":1,"href":"http:\/\/www.eloriente.net\/home\/wp-json\/wp\/v2\/posts\/53776\/revisions"}],"predecessor-version":[{"id":53778,"href":"http:\/\/www.eloriente.net\/home\/wp-json\/wp\/v2\/posts\/53776\/revisions\/53778"}],"wp:featuredmedia":[{"embeddable":true,"href":"http:\/\/www.eloriente.net\/home\/wp-json\/wp\/v2\/media\/53782"}],"wp:attachment":[{"href":"http:\/\/www.eloriente.net\/home\/wp-json\/wp\/v2\/media?parent=53776"}],"wp:term":[{"taxonomy":"category","embeddable":true,"href":"http:\/\/www.eloriente.net\/home\/wp-json\/wp\/v2\/categories?post=53776"},{"taxonomy":"post_tag","embeddable":true,"href":"http:\/\/www.eloriente.net\/home\/wp-json\/wp\/v2\/tags?post=53776"}],"curies":[{"name":"wp","href":"https:\/\/api.w.org\/{rel}","templated":true}]}}