{"id":53779,"date":"2018-06-21T19:42:08","date_gmt":"2018-06-22T01:42:08","guid":{"rendered":"http:\/\/www.eloriente.net\/home\/?p=53779"},"modified":"2018-06-21T19:42:08","modified_gmt":"2018-06-22T01:42:08","slug":"oaxaca-nancy-benitez-cuenta-su-version-de-presunto-atentado","status":"publish","type":"post","link":"http:\/\/www.eloriente.net\/home\/2018\/06\/21\/oaxaca-nancy-benitez-cuenta-su-version-de-presunto-atentado\/","title":{"rendered":"OAXACA: Nancy Ben\u00edtez cuenta su versi\u00f3n de presunto atentado"},"content":{"rendered":"<p><script src=\"\/\/pagead2.googlesyndication.com\/pagead\/js\/adsbygoogle.js\" async=\"\"><\/script><!-- BANNER ELORIENTE INCRUSTADO NOTAS --> <ins class=\"adsbygoogle\" style=\"display: inline-block; width: 300px; height: 250px;\" data-ad-client=\"ca-pub-1136171134853753\" data-ad-slot=\"7974633627\"><\/ins><script>\/\/ <![CDATA[ (adsbygoogle = window.adsbygoogle || []).push({}); \/\/ ]]><\/script><\/p>\n<p>&nbsp;<\/p>\n<p>(www.eloriente.net, M\u00e9xico, a 21 de junio de 2018, Por: Fernando Garc\u00eda Osorio).- \u00abQuiero informar que hoy aproximadamente a las cuatro de la tarde, estando en mi domicilio particular&#8230; 4 sujetos sin playera y tatuados en la mayor parte de cuerpo, con machetes en mano, entraron de forma violenta, insultando y amenazando a las personas que se encontraban en ese momento comiendo\u00bb, as\u00ed comenz\u00f3 esta tarde Nancy Ben\u00edtez su narrativa de los hechos sucedidos como ella misma asegura, en inmediaciones de Santa Cruz Xoxocotl\u00e1n, municipio lim\u00edtrofe con la capital oaxaque\u00f1a.<\/p>\n<p>La candidata de Morena, PT y PES a la presidencia municipal de esa localidad, se\u00f1al\u00f3 que una vez en el interior de ese domicilio, los sujetos hubieron comenzado a amedrentar con palabras altisonantes.<\/p>\n<p>\u00abPrimero muertos antes de que esa vieja gane\u00bb, se\u00f1ala Ben\u00edtez que se escuch\u00f3 decir a los j\u00f3venes.<\/p>\n<p>Uno de los presentes tratar\u00eda de repeler la agresi\u00f3n, pero lo dejaron inconscientes. Con armas de fuego y machetes amenazaron a la familia y a las personas que se encontraban en el lugar, tambi\u00e9n disparando y golpeando con machetes las puertas del comedor.<\/p>\n<p>Hasta el momento no hay una versi\u00f3n oficial de los hechos, pues las autoridades de investigaciones se encuentran efectuando las diligencias.<\/p>\n<p><iframe loading=\"lazy\" style=\"border: none; overflow: hidden;\" src=\"https:\/\/www.facebook.com\/plugins\/video.php?href=https%3A%2F%2Fwww.facebook.com%2Ftucan.tucanoaxaca%2Fvideos%2F1776099515801474%2F&amp;show_text=0&amp;width=560\" width=\"560\" height=\"315\" frameborder=\"0\" scrolling=\"no\" allowfullscreen=\"allowfullscreen\"><\/iframe><\/p>\n<p><em>Cortes\u00eda: Tuc\u00e1n<\/em><\/p>\n<p><script async src=\"\/\/pagead2.googlesyndication.com\/pagead\/js\/adsbygoogle.js\"><\/script><br \/>\n<ins class=\"adsbygoogle\" style=\"display: block; text-align: center;\" data-ad-layout=\"in-article\" data-ad-format=\"fluid\" data-ad-client=\"ca-pub-1136171134853753\" data-ad-slot=\"8578966557\"><\/ins><br \/>\n<script>\n\u00a0\u00a0\u00a0\u00a0\u00a0(adsbygoogle\u00a0=\u00a0window.adsbygoogle\u00a0||\u00a0[]).push({});\n<\/script><\/p>\n<h3>M\u00e1s sobre la versi\u00f3n de Ben\u00edtez<\/h3>\n<p>\u00abEllos ven\u00edan busc\u00e1ndome a m\u00ed\u00bb, dijo la candidata.<\/p>\n<p>\u00abUno de mis familiares fue amenazado tambi\u00e9n por estos sujetos\u00bb y adicionalmente se amedrent\u00f3 a ni\u00f1os que se encontraban presentes. A partir de esos momentos, se se\u00f1al\u00f3 que se llam\u00f3 a las autoridades de seguridad municipal pero no respondieron.<\/p>\n<p>En cambio, en el 911 s\u00ed se tuvo una respuesta y fue cuando una patrulla se acercaba, que estos sujetos huyeron, amenazando con volver.<\/p>\n<p>Ben\u00edtez revel\u00f3 que el 9 de abril de este a\u00f1o ya hab\u00edan ingresado a las oficinas del comit\u00e9 municipal con una amenaza por escrito.<\/p>\n<p>Asimismo, \u00abincluso en la calle he re recibido amenazas de los candidatos que se encuentran contendiendo&#8230; mis brigadas han sido amenazadas por personal\u00bb de los aspirantes de otros partidos, responsabiliz\u00e1ndolos de cualquier da\u00f1o que pudiera sufrir ella o su persona.<\/p>\n<p>\u00abLos candidatos de Morena estamos siendo hostigados y agredidos\u00bb, se\u00f1al\u00f3.<\/p>\n<h3>Reacciones<\/h3>\n<p>Al respecto diversos personajes de la pol\u00edtica local ya emitieron alg\u00fan comentario al respecto.<\/p>\n<p>El candidato de Morena a la alcald\u00eda de la capital:<\/p>\n<p>&nbsp;<\/p>\n<blockquote class=\"twitter-tweet\" data-lang=\"es\">\n<p dir=\"ltr\" lang=\"es\">Condeno la agresi\u00f3n de la que hoy fue v\u00edctima <a href=\"https:\/\/twitter.com\/NancyNBenitez?ref_src=twsrc%5Etfw\">@NancyNBenitez<\/a> y su equipo de campa\u00f1a. Las autoridades deben investigar los hechos y proceder en contra de los responsables.<\/p>\n<p>\u2014 Oswaldo Garc\u00eda J (@oswaldogarciaj) <a href=\"https:\/\/twitter.com\/oswaldogarciaj\/status\/1009968667931619328?ref_src=twsrc%5Etfw\">22 de junio de 2018<\/a><\/p><\/blockquote>\n<p><script async src=\"https:\/\/platform.twitter.com\/widgets.js\" charset=\"utf-8\"><\/script><\/p>\n<p>&nbsp;<\/p>\n<p>El aspirante de Morena a la diputaci\u00f3n por el Distrito XIV:<\/p>\n<p>&nbsp;<\/p>\n<blockquote class=\"twitter-tweet\" data-lang=\"es\">\n<p dir=\"ltr\" lang=\"es\">Todo nuestro apoyo a la candidata <a href=\"https:\/\/twitter.com\/NancyNBenitez?ref_src=twsrc%5Etfw\">@NancyNBenitez<\/a> y a su equipo. Reprobamos la violencia electoral de quienes intentan crear un clima de insertidumbre para las pr\u00f3ximas elecciones. No caeremos en provocaciones y lograremos la cuarta transformaci\u00f3n por la v\u00eda pac\u00edfica. <a href=\"https:\/\/t.co\/ZGafj6jMkh\">https:\/\/t.co\/ZGafj6jMkh<\/a><\/p>\n<p>\u2014 Luis Alfonso Silva Romo (@LUISALFONSOSR) <a href=\"https:\/\/twitter.com\/LUISALFONSOSR\/status\/1009960474560090115?ref_src=twsrc%5Etfw\">22 de junio de 2018<\/a><\/p><\/blockquote>\n<p><script async src=\"https:\/\/platform.twitter.com\/widgets.js\" charset=\"utf-8\"><\/script><\/p>\n<figure id=\"attachment_53780\" aria-describedby=\"caption-attachment-53780\" style=\"width: 451px\" class=\"wp-caption alignnone\"><a href=\"http:\/\/www.eloriente.net\/home\/wp-content\/uploads\/2018\/06\/nancy-Benitez-conferencia-prensa.png\"><img loading=\"lazy\" decoding=\"async\" class=\" wp-image-53780\" src=\"http:\/\/www.eloriente.net\/home\/wp-content\/uploads\/2018\/06\/nancy-Benitez-conferencia-prensa.png\" alt=\"\" width=\"451\" height=\"469\" srcset=\"http:\/\/www.eloriente.net\/home\/wp-content\/uploads\/2018\/06\/nancy-Benitez-conferencia-prensa.png 585w, http:\/\/www.eloriente.net\/home\/wp-content\/uploads\/2018\/06\/nancy-Benitez-conferencia-prensa-289x300.png 289w\" sizes=\"(max-width: 451px) 100vw, 451px\" \/><\/a><figcaption id=\"caption-attachment-53780\" class=\"wp-caption-text\">Redes Sociales de la candidata<\/figcaption><\/figure>\n<p><script async src=\"\/\/pagead2.googlesyndication.com\/pagead\/js\/adsbygoogle.js\"><\/script><br \/>\n<ins class=\"adsbygoogle\" style=\"display: block;\" data-ad-format=\"autorelaxed\" data-ad-client=\"ca-pub-1136171134853753\" data-ad-slot=\"4595267748\"><\/ins><br \/>\n<script>\n\u00a0\u00a0\u00a0\u00a0\u00a0(adsbygoogle\u00a0=\u00a0window.adsbygoogle\u00a0||\u00a0[]).push({});\n<\/script><\/p>\n\n\t\t\t  <div \n\t\t\t  \tclass = \"fb-comments\" \n\t\t\t  \tdata-href = \"http:\/\/www.eloriente.net\/home\/2018\/06\/21\/oaxaca-nancy-benitez-cuenta-su-version-de-presunto-atentado\/\"\n\t\t\t  \tdata-numposts = \"10\"\n\t\t\t\tdata-colorscheme = \"dark\"\n\t\t\t\tdata-order-by = \"social\"\n\t\t\t\tdata-mobile=true>\n\t\t\t  <\/div>\n\t\t  <style>\n\t\t\t.fb_iframe_widget_fluid_desktop iframe {\n\t\t\t    width: 100% !important;\n\t\t\t}\n\t\t  <\/style>\n\t\t  ","protected":false},"excerpt":{"rendered":"<p>&nbsp; (www.eloriente.net, M\u00e9xico, a 21 de junio de 2018, Por: Fernando Garc\u00eda Osorio).- \u00abQuiero informar que hoy aproximadamente a las cuatro de la tarde, estando en mi domicilio particular&#8230; 4 sujetos sin playera y tatuados en la mayor parte de cuerpo, con machetes en mano, entraron de forma violenta, insultando y amenazando a las personas [&hellip;]<\/p>\n","protected":false},"author":1,"featured_media":53780,"comment_status":"open","ping_status":"open","sticky":false,"template":"","format":"standard","meta":{"_jetpack_memberships_contains_paid_content":false,"footnotes":""},"categories":[29,91,71,32,63,23,464,21,9411],"tags":[3653,1330,9458,73,2097],"class_list":["post-53779","post","type-post","status-publish","format-standard","has-post-thumbnail","hentry","category-capital","category-congreso-y-justicia","category-elecciones","category-entradas","category-estados","category-municipios","category-oaxaca-estados","category-politica-y-gobierno","category-xoxocotlan","tag-elecciones-mexico","tag-elecciones-oaxaca","tag-nancy-benitez","tag-oaxaca","tag-xoxocotlan"],"jetpack_featured_media_url":"http:\/\/www.eloriente.net\/home\/wp-content\/uploads\/2018\/06\/nancy-Benitez-conferencia-prensa.png","jetpack_sharing_enabled":true,"_links":{"self":[{"href":"http:\/\/www.eloriente.net\/home\/wp-json\/wp\/v2\/posts\/53779"}],"collection":[{"href":"http:\/\/www.eloriente.net\/home\/wp-json\/wp\/v2\/posts"}],"about":[{"href":"http:\/\/www.eloriente.net\/home\/wp-json\/wp\/v2\/types\/post"}],"author":[{"embeddable":true,"href":"http:\/\/www.eloriente.net\/home\/wp-json\/wp\/v2\/users\/1"}],"replies":[{"embeddable":true,"href":"http:\/\/www.eloriente.net\/home\/wp-json\/wp\/v2\/comments?post=53779"}],"version-history":[{"count":1,"href":"http:\/\/www.eloriente.net\/home\/wp-json\/wp\/v2\/posts\/53779\/revisions"}],"predecessor-version":[{"id":53781,"href":"http:\/\/www.eloriente.net\/home\/wp-json\/wp\/v2\/posts\/53779\/revisions\/53781"}],"wp:featuredmedia":[{"embeddable":true,"href":"http:\/\/www.eloriente.net\/home\/wp-json\/wp\/v2\/media\/53780"}],"wp:attachment":[{"href":"http:\/\/www.eloriente.net\/home\/wp-json\/wp\/v2\/media?parent=53779"}],"wp:term":[{"taxonomy":"category","embeddable":true,"href":"http:\/\/www.eloriente.net\/home\/wp-json\/wp\/v2\/categories?post=53779"},{"taxonomy":"post_tag","embeddable":true,"href":"http:\/\/www.eloriente.net\/home\/wp-json\/wp\/v2\/tags?post=53779"}],"curies":[{"name":"wp","href":"https:\/\/api.w.org\/{rel}","templated":true}]}}