{"id":53949,"date":"2018-07-06T14:42:15","date_gmt":"2018-07-06T20:42:15","guid":{"rendered":"http:\/\/www.eloriente.net\/home\/?p=53949"},"modified":"2018-07-07T18:46:41","modified_gmt":"2018-07-08T00:46:41","slug":"cultura-reporte-arete-digital-sobre-gestion-cultural-julio-2018","status":"publish","type":"post","link":"http:\/\/www.eloriente.net\/home\/2018\/07\/06\/cultura-reporte-arete-digital-sobre-gestion-cultural-julio-2018\/","title":{"rendered":"CULTURA: Reporte Aret\u00e9 Digital sobre gesti\u00f3n cultural, julio 2018"},"content":{"rendered":"<p><script src=\"\/\/pagead2.googlesyndication.com\/pagead\/js\/adsbygoogle.js\" async=\"\"><\/script><!-- BANNER ELORIENTE INCRUSTADO NOTAS --> <ins class=\"adsbygoogle\" style=\"display: inline-block; width: 300px; height: 250px;\" data-ad-client=\"ca-pub-1136171134853753\" data-ad-slot=\"7974633627\"><\/ins><script>\/\/ <![CDATA[ (adsbygoogle = window.adsbygoogle || []).push({}); \/\/ ]]><\/script><\/p>\n<p>&nbsp;<\/p>\n<p>(www.eloriente.net, M\u00e9xico, 6 de julio de 2018).- La Asociaci\u00f3n Espa\u00f1ola de Gestores de Patrimonio Cultural (AEGPC) public\u00f3 su reporte mensual sobre gesti\u00f3n cultural, Aret\u00e9 Digital, julio de 2018, en el cual muestra una s\u00edntesis sobre las actividades, convocatorias, cursos, jornadas, congresos, seminarios y noticias de la instituci\u00f3n.<\/p>\n<p>En esta edici\u00f3n destaca la XXXVII Reuni\u00f3n de Asociaciones y Entidades Culturales, el cu\u00e1l se llevar\u00e1 a cabo del 21 al 23 de septiembre en Santiago de Compostela. Este a\u00f1o la reuni\u00f3n tiene como objetivo convertirse en un foro m\u00e1s abierto y participativo, por lo que se ha dise\u00f1ado un programa de meses redondas, ponencias y actividades conjuntas que girar\u00e1n en torno al tema de los caminos y rutas culturales como motor de crecimiento econ\u00f3mico y social. .<\/p>\n<p>De igual forma destaca el Congreso Internacional \u201cPatrimonio Cultural y Cat\u00e1strofes: Lorca como referencia\u201d. \u00c9ste se llevar\u00e1 a cabo del 3 al 5 de octubre de 2018 en el teatro Guerra en Plaza Calder\u00f3n de la Barca, Lorca. El importe para el congreso es de 50 euros para el p\u00fablico general y de 20 para estudiantes menores de 26 a\u00f1os y socios de Hispana Nostra, los autores de comunicaciones, ponentes y miembros de los comit\u00e9s tienen inscripci\u00f3n gratuita. Las inscripciones terminan el 21 de septiembre.<\/p>\n<p><script async src=\"\/\/\"><\/script><br \/>\n<ins class=\"adsbygoogle\" style=\"display: block; text-align: center;\" data-ad-layout=\"in-article\" data-ad-format=\"fluid\" data-ad-client=\"ca-pub-1136171134853753\" data-ad-slot=\"8578966557\"><\/ins><br \/>\n<script>\n     (adsbygoogle = window.adsbygoogle || []).push({});\n<\/script><\/p>\n<p>&nbsp;<\/p>\n<p>Por \u00faltimo encontramos el encuentro Cultura y Ciudadan\u00eda, que tendr\u00e1 lugar los d\u00edas 3 y 4 de octubre de 2018 en el Centro Cultural Daoiz y Velarde de Madrid. Este encuentro girar\u00e1 en torno a tres ejes fundamentales: educaci\u00f3n, mediaci\u00f3n y p\u00fablicos.<\/p>\n<p>Cabe recordar que el Bolet\u00edn Aret\u00e9 es producido, dise\u00f1ado y distribuido por la Asociaci\u00f3n Espa\u00f1ola de Gestores del Patrimonio Cultural y contiene noticias, convocatorias, cursos y otro contenido de inter\u00e9s para el sector.<\/p>\n<p>A continuaci\u00f3n el visor oficial:<\/p>\n<p><iframe title=\"Arete digital julio 2018\" src=\"https:\/\/e.issuu.com\/embed.html?u=aegpc&#038;d=arete_digital_julio_2018\" style=\"border:none; width: 640px; height: 491px;\" allow=\"clipboard-write,allow-top-navigation,allow-top-navigation-by-user-activation,allow-downloads,allow-scripts,allow-same-origin,allow-popups,allow-modals,allow-popups-to-escape-sandbox,allow-forms\"  allowfullscreen=\"true\"><\/iframe><\/p>\n<p><a href=\"http:\/\/www.eloriente.net\/home\/wp-content\/uploads\/2018\/07\/Catedral-de-Santiago-de-Compostela-por-Jose\u0301-Luis-Cernadas-Iglesias.jpg\"><img loading=\"lazy\" decoding=\"async\" class=\"alignnone wp-image-53950\" src=\"http:\/\/www.eloriente.net\/home\/wp-content\/uploads\/2018\/07\/Catedral-de-Santiago-de-Compostela-por-Jose\u0301-Luis-Cernadas-Iglesias-1024x780.jpg\" alt=\"\" width=\"550\" height=\"419\" srcset=\"http:\/\/www.eloriente.net\/home\/wp-content\/uploads\/2018\/07\/Catedral-de-Santiago-de-Compostela-por-Jose\u0301-Luis-Cernadas-Iglesias-1024x780.jpg 1024w, http:\/\/www.eloriente.net\/home\/wp-content\/uploads\/2018\/07\/Catedral-de-Santiago-de-Compostela-por-Jose\u0301-Luis-Cernadas-Iglesias-300x228.jpg 300w, http:\/\/www.eloriente.net\/home\/wp-content\/uploads\/2018\/07\/Catedral-de-Santiago-de-Compostela-por-Jose\u0301-Luis-Cernadas-Iglesias-768x585.jpg 768w, http:\/\/www.eloriente.net\/home\/wp-content\/uploads\/2018\/07\/Catedral-de-Santiago-de-Compostela-por-Jose\u0301-Luis-Cernadas-Iglesias.jpg 2048w\" sizes=\"(max-width: 550px) 100vw, 550px\" \/><\/a><\/p>\n<p><script async src=\"\/\/\"><\/script><br \/>\n<ins class=\"adsbygoogle\" style=\"display: block;\" data-ad-format=\"autorelaxed\" data-ad-client=\"ca-pub-1136171134853753\" data-ad-slot=\"4595267748\"><\/ins><br \/>\n<script>\n     (adsbygoogle = window.adsbygoogle || []).push({});\n<\/script><\/p>\n\n\t\t\t  <div \n\t\t\t  \tclass = \"fb-comments\" \n\t\t\t  \tdata-href = \"http:\/\/www.eloriente.net\/home\/2018\/07\/06\/cultura-reporte-arete-digital-sobre-gestion-cultural-julio-2018\/\"\n\t\t\t  \tdata-numposts = \"10\"\n\t\t\t\tdata-colorscheme = \"dark\"\n\t\t\t\tdata-order-by = \"social\"\n\t\t\t\tdata-mobile=true>\n\t\t\t  <\/div>\n\t\t  <style>\n\t\t\t.fb_iframe_widget_fluid_desktop iframe {\n\t\t\t    width: 100% !important;\n\t\t\t}\n\t\t  <\/style>\n\t\t  ","protected":false},"excerpt":{"rendered":"<p>&nbsp; (www.eloriente.net, M\u00e9xico, 6 de julio de 2018).- La Asociaci\u00f3n Espa\u00f1ola de Gestores de Patrimonio Cultural (AEGPC) public\u00f3 su reporte mensual sobre gesti\u00f3n cultural, Aret\u00e9 Digital, julio de 2018, en el cual muestra una s\u00edntesis sobre las actividades, convocatorias, cursos, jornadas, congresos, seminarios y noticias de la instituci\u00f3n. En esta edici\u00f3n destaca la XXXVII Reuni\u00f3n [&hellip;]<\/p>\n","protected":false},"author":44,"featured_media":53950,"comment_status":"open","ping_status":"open","sticky":false,"template":"","format":"standard","meta":{"_jetpack_memberships_contains_paid_content":false,"footnotes":""},"categories":[8,4300,1588,18,32,10],"tags":[5255,2559,110,775,1526,1989,9506],"class_list":{"0":"post-53949","1":"post","2":"type-post","3":"status-publish","4":"format-standard","5":"has-post-thumbnail","6":"hentry","7":"category-agenda","8":"category-comunicacion","9":"category-comunicados-y-boletines","10":"category-educacion-y-cultura","11":"category-entradas","12":"category-lo-mas-reciente","13":"tag-5255","14":"tag-arete-digital","16":"tag-europa","17":"tag-gestion-cultural","18":"tag-julio","19":"tag-reunion-de-asociaciones-y-entidades-culturales"},"jetpack_featured_media_url":"http:\/\/www.eloriente.net\/home\/wp-content\/uploads\/2018\/07\/Catedral-de-Santiago-de-Compostela-por-Jose\u0301-Luis-Cernadas-Iglesias.jpg","jetpack_sharing_enabled":true,"_links":{"self":[{"href":"http:\/\/www.eloriente.net\/home\/wp-json\/wp\/v2\/posts\/53949"}],"collection":[{"href":"http:\/\/www.eloriente.net\/home\/wp-json\/wp\/v2\/posts"}],"about":[{"href":"http:\/\/www.eloriente.net\/home\/wp-json\/wp\/v2\/types\/post"}],"author":[{"embeddable":true,"href":"http:\/\/www.eloriente.net\/home\/wp-json\/wp\/v2\/users\/44"}],"replies":[{"embeddable":true,"href":"http:\/\/www.eloriente.net\/home\/wp-json\/wp\/v2\/comments?post=53949"}],"version-history":[{"count":2,"href":"http:\/\/www.eloriente.net\/home\/wp-json\/wp\/v2\/posts\/53949\/revisions"}],"predecessor-version":[{"id":53953,"href":"http:\/\/www.eloriente.net\/home\/wp-json\/wp\/v2\/posts\/53949\/revisions\/53953"}],"wp:featuredmedia":[{"embeddable":true,"href":"http:\/\/www.eloriente.net\/home\/wp-json\/wp\/v2\/media\/53950"}],"wp:attachment":[{"href":"http:\/\/www.eloriente.net\/home\/wp-json\/wp\/v2\/media?parent=53949"}],"wp:term":[{"taxonomy":"category","embeddable":true,"href":"http:\/\/www.eloriente.net\/home\/wp-json\/wp\/v2\/categories?post=53949"},{"taxonomy":"post_tag","embeddable":true,"href":"http:\/\/www.eloriente.net\/home\/wp-json\/wp\/v2\/tags?post=53949"}],"curies":[{"name":"wp","href":"https:\/\/api.w.org\/{rel}","templated":true}]}}