{"id":54047,"date":"2018-07-20T08:17:06","date_gmt":"2018-07-20T14:17:06","guid":{"rendered":"http:\/\/www.eloriente.net\/home\/?p=54047"},"modified":"2019-06-17T17:04:39","modified_gmt":"2019-06-17T23:04:39","slug":"endemismo-por-nancy-mayagoitia","status":"publish","type":"post","link":"http:\/\/www.eloriente.net\/home\/2018\/07\/20\/endemismo-por-nancy-mayagoitia\/","title":{"rendered":"Endemismo, por Nancy Mayagoitia"},"content":{"rendered":"<p><script src=\"\/\/pagead2.googlesyndication.com\/pagead\/js\/adsbygoogle.js\" async=\"\"><\/script><!-- BANNER ELORIENTE INCRUSTADO NOTAS --> <ins class=\"adsbygoogle\" style=\"display: inline-block; width: 300px; height: 250px;\" data-ad-client=\"ca-pub-1136171134853753\" data-ad-slot=\"7974633627\"><\/ins><script>\/\/ <![CDATA[ (adsbygoogle = window.adsbygoogle || []).push({}); \/\/ ]]><\/script><\/p>\n<p>eloriente.net<\/p>\n<p>20 de julio de 2018<\/p>\n<p><em>El 21 de julio de 2018 abre en el Museo de los Pintores Oaxaque\u00f1os (MUPO) la exposici\u00f3n \u00abEndemismo\u00bb, una muestra de una veintena de artistas pl\u00e1sticas que trabajan alrededor de la <a href=\"http:\/\/www.eloriente.net\/home\/2018\/06\/28\/la-reserva-de-la-biosfera-tehuacan-cuicatlan\/\">Reserva de la Bi\u00f3sfera Tehuac\u00e1n-Cuicatl\u00e1n<\/a>. La misma que adicionalmente ha sido agregada por la UNESCO en la <a href=\"http:\/\/www.eloriente.net\/home\/2018\/07\/02\/oaxaca-ya-tiene-nuevo-sitio-en-lista-de-patrimonio-mundial\/\">Lista del Patrimonio Mundial<\/a>.<\/em><\/p>\n<p><em>La Coordinadora de la exposici\u00f3n, Nancy Mayagoitia, ha escrito el presente texto introduciendo la misma. Le agradecemos cumplidamente la posibilidad de reproducirlo para los lectores de eloriente.net<\/em><\/p>\n<p><iframe loading=\"lazy\" style=\"border: none; overflow: hidden;\" src=\"https:\/\/www.facebook.com\/plugins\/video.php?href=https%3A%2F%2Fwww.facebook.com%2F443535572345554%2Fvideos%2F2040233909342371%2F&amp;show_text=0&amp;width=560\" width=\"560\" height=\"316\" frameborder=\"0\" scrolling=\"no\" allowfullscreen=\"allowfullscreen\"><\/iframe><\/p>\n<h3>Endemismo<\/h3>\n<div class=\"column\">\n<p>La exposicio\u0301n temporal Endemismo, que ahora se presenta en el Museo de los Pintores Oaxaquen\u0303os, gracias al decisivo apoyo de la Secretari\u0301a de las Culturas y Artes del Estado de Oaxaca \u2013en particular, al entusiasmo del maestro Ignacio Toscano\u2013 tiene, como todos los proyectos musei\u0301sticos, un inicio, un objetivo y una historia.<\/p>\n<p>El inicio sucedio\u0301 cuando tuve la oportunidad de conocer el jardi\u0301n bota\u0301nico Helia Bravo Hollis, en Zapotitla\u0301n Salinas, lugar favorito en todo el planeta del buen Henry Wangeman. Las visitas frecuentes acompan\u0303adas de amigos artistas fueron dejando una impronta difi\u0301cil de precisar, como inabarcable es la belleza de un sitio que deja sin aliento, a la vez que inspira y conmueve, ubicado en una zona emblema\u0301tica de la frontera entre los estados de Oaxaca y Puebla, sitio que apenas unos di\u0301as atra\u0301s recibio\u0301 por la UNESCO el reconocimiento de Patrimonio Cultural y Natural (Mixto) de la Humanidad: Valle Tehuaca\u0301n-Cuicatla\u0301n.<\/p>\n<p>Este espacio, detenido en el tiempo, posee una riqueza tangible e intangible, que abarca no so\u0301lo un vasto territorio de microclimas, flora y fauna ende\u0301mica: no existe en ningu\u0301n otro lugar del planeta. Nos presenta, adema\u0301s, el testimonio de la memoria civilizatoria humana, con vestigios de asentamientos de quienes empezaron a cultivar el mai\u0301z hace 7,000 an\u0303os.<\/p>\n<p>Estaba poco consciente de este patrimonio, es cierto, cuando comence\u0301 a visitar la zona. Tambie\u0301n es cierto que algunos artistas la habi\u0301an conocido, espora\u0301dicamente, sin advertir su compleja importancia biolo\u0301gica, histo\u0301rica y diversa; lo que si\u0301 fue evidente en ellos es el impacto incuestionable que les sedujo la mirada a lo largo del tiempo. Fue asi\u0301 y por eso que me propuse traducir mi entusiasmo en la construccio\u0301n de un proyecto de promocio\u0301n cultural que recuperara esta memoria vivida por los artistas, ante la sabiduri\u0301a milenaria de una naturaleza que se iba revelando desde el asombro y arrobamiento en cada visita.<\/p>\n<p>Endemismo es una exposicio\u0301n colectiva. Convergen varias generaciones de pintores y foto\u0301grafos, viviendo y trabajando en Oaxaca, aqui\u0301 y ahora; por tanto, es una manifestacio\u0301n del estado de las artes y de los problemas abordados hoy en di\u0301a en el arte. Reu\u0301ne a algunos artistas que constituyen la columna vertebral del arte que se trabaja en Oaxaca, la cual posee una trayectoria contundente y prolongada, contribuyendo para que Oaxaca ocupe un lugar de honor privilegiado como regio\u0301n donde nacen numerosos y muy buenos artistas desde hace siglos.<\/p>\n<\/div>\n<p><script async src=\"\/\/pagead2.googlesyndication.com\/pagead\/js\/adsbygoogle.js\"><\/script><br \/>\n<ins class=\"adsbygoogle\" style=\"display: block; text-align: center;\" data-ad-layout=\"in-article\" data-ad-format=\"fluid\" data-ad-client=\"ca-pub-1136171134853753\" data-ad-slot=\"8578966557\"><\/ins><br \/>\n<script>\n\u00a0\u00a0\u00a0\u00a0\u00a0(adsbygoogle\u00a0=\u00a0window.adsbygoogle\u00a0||\u00a0[]).push({});\n<\/script><\/p>\n<div class=\"column\">\n<p>La convocatoria se extendio\u0301 a artistas de jo\u0301venes generaciones para que visitaran la bio\u0301sfera y compartieran lo vivido desde sus preocupaciones este\u0301ticas, desde sus miradas personales y desde otros lenguajes visuales. La inquietud tomo\u0301 forma y el proceso de seleccio\u0301n considero\u0301 veinte\u00a0<span style=\"line-height: 1.5;\">pintores y seis foto\u0301grafos, hombres y mujeres, que sometieron de dos a siete obras suyas a un comite\u0301 de seleccio\u0301n curatorial, cuyo escrutinio es el resultado de esta seleccio\u0301n que esta\u0301 a consideracio\u0301n del pu\u0301blico visitante.<\/span><\/p>\n<\/div>\n<div class=\"column\">\n<p>La mirada de cada artista en tan ende\u0301mica como las especies que habitan la bio\u0301sfera. No pudo surgir desde ninguna otra coyuntura cultural, salvo la que se vive en Oaxaca. De esta diversidad expresiva, inquietud por conocer, rigor por investigar y compromiso por crear propuestas desde su condicio\u0301n contempora\u0301nea es de lo que trata la colectiva de Endemismo.<\/p>\n<p>Estas li\u0301neas seri\u0301an insuficientes si antes no agradeciesen con sinceridad al Museo de los Pintores Oaxaquen\u0303os: su hospitalidad al acoger esta iniciativa lo engrandece; tambie\u0301n a su joven y entusiasta equipo de trabajo; gratitudes tambie\u0301n a la Asociacio\u0301n Amigos del MUPO por compartir inquietudes y a todo el personal de Galeri\u0301a La Mano Ma\u0301gica y Manuel Garci\u0301a Arte Contempora\u0301neo, quienes sumaron esfuerzos para consolidar la presente exposicio\u0301n.<\/p>\n<p>El ma\u0301ximo reconocimiento y gratitud a quien dedico\u0301 tiempo en entrevistas individuales con cada artista, colaboro\u0301 en la seleccio\u0301n de las obras, elaboro\u0301 el guion museogra\u0301fico y me dio sabios consejos, valiosas lecciones y certero esti\u0301mulo durante todo el an\u0303o que trabaje\u0301 haciendo posible este proyecto: Luis Marti\u0301n Lozano.<\/p>\n<p>&nbsp;<\/p>\n<\/div>\n<p><script async src=\"\/\/pagead2.googlesyndication.com\/pagead\/js\/adsbygoogle.js\"><\/script><br \/>\n<ins class=\"adsbygoogle\" style=\"display: block;\" data-ad-format=\"autorelaxed\" data-ad-client=\"ca-pub-1136171134853753\" data-ad-slot=\"4595267748\"><\/ins><br \/>\n<script>\n\u00a0\u00a0\u00a0\u00a0\u00a0(adsbygoogle\u00a0=\u00a0window.adsbygoogle\u00a0||\u00a0[]).push({});\n<\/script><\/p>\n\n\t\t\t  <div \n\t\t\t  \tclass = \"fb-comments\" \n\t\t\t  \tdata-href = \"http:\/\/www.eloriente.net\/home\/2018\/07\/20\/endemismo-por-nancy-mayagoitia\/\"\n\t\t\t  \tdata-numposts = \"10\"\n\t\t\t\tdata-colorscheme = \"dark\"\n\t\t\t\tdata-order-by = \"social\"\n\t\t\t\tdata-mobile=true>\n\t\t\t  <\/div>\n\t\t  <style>\n\t\t\t.fb_iframe_widget_fluid_desktop iframe {\n\t\t\t    width: 100% !important;\n\t\t\t}\n\t\t  <\/style>\n\t\t  ","protected":false},"excerpt":{"rendered":"<p>eloriente.net 20 de julio de 2018 El 21 de julio de 2018 abre en el Museo de los Pintores Oaxaque\u00f1os (MUPO) la exposici\u00f3n \u00abEndemismo\u00bb, una muestra de una veintena de artistas pl\u00e1sticas que trabajan alrededor de la Reserva de la Bi\u00f3sfera Tehuac\u00e1n-Cuicatl\u00e1n. La misma que adicionalmente ha sido agregada por la UNESCO en la Lista [&hellip;]<\/p>\n","protected":false},"author":1,"featured_media":54048,"comment_status":"open","ping_status":"open","sticky":false,"template":"","format":"standard","meta":{"_jetpack_memberships_contains_paid_content":false,"footnotes":""},"categories":[8,6,29,32,63,10504,464,31],"tags":[3432,9537,8910,4094,9538],"class_list":["post-54047","post","type-post","status-publish","format-standard","has-post-thumbnail","hentry","category-agenda","category-canal-4-especiales","category-capital","category-entradas","category-estados","category-las-ultimas-12","category-oaxaca-estados","category-principal","tag-arte-oaxaca","tag-endemismo","tag-museo-de-los-pintores-de-oaxaca","tag-patrimonio-mundial","tag-reserva-tehuacan-cuicatlan"],"jetpack_featured_media_url":"http:\/\/www.eloriente.net\/home\/wp-content\/uploads\/2018\/07\/Captura-de-pantalla-2018-07-20-a-las-08.37.49.png","jetpack_sharing_enabled":true,"_links":{"self":[{"href":"http:\/\/www.eloriente.net\/home\/wp-json\/wp\/v2\/posts\/54047"}],"collection":[{"href":"http:\/\/www.eloriente.net\/home\/wp-json\/wp\/v2\/posts"}],"about":[{"href":"http:\/\/www.eloriente.net\/home\/wp-json\/wp\/v2\/types\/post"}],"author":[{"embeddable":true,"href":"http:\/\/www.eloriente.net\/home\/wp-json\/wp\/v2\/users\/1"}],"replies":[{"embeddable":true,"href":"http:\/\/www.eloriente.net\/home\/wp-json\/wp\/v2\/comments?post=54047"}],"version-history":[{"count":2,"href":"http:\/\/www.eloriente.net\/home\/wp-json\/wp\/v2\/posts\/54047\/revisions"}],"predecessor-version":[{"id":54050,"href":"http:\/\/www.eloriente.net\/home\/wp-json\/wp\/v2\/posts\/54047\/revisions\/54050"}],"wp:featuredmedia":[{"embeddable":true,"href":"http:\/\/www.eloriente.net\/home\/wp-json\/wp\/v2\/media\/54048"}],"wp:attachment":[{"href":"http:\/\/www.eloriente.net\/home\/wp-json\/wp\/v2\/media?parent=54047"}],"wp:term":[{"taxonomy":"category","embeddable":true,"href":"http:\/\/www.eloriente.net\/home\/wp-json\/wp\/v2\/categories?post=54047"},{"taxonomy":"post_tag","embeddable":true,"href":"http:\/\/www.eloriente.net\/home\/wp-json\/wp\/v2\/tags?post=54047"}],"curies":[{"name":"wp","href":"https:\/\/api.w.org\/{rel}","templated":true}]}}