{"id":541,"date":"2012-07-10T15:58:28","date_gmt":"2012-07-10T15:58:28","guid":{"rendered":"http:\/\/www.eloriente.net\/home\/?p=541"},"modified":"2015-11-10T12:35:18","modified_gmt":"2015-11-10T18:35:18","slug":"economia-en-temporada-postelectoral","status":"publish","type":"post","link":"http:\/\/www.eloriente.net\/home\/2012\/07\/10\/economia-en-temporada-postelectoral\/","title":{"rendered":"Econom\u00eda en temporada postelectoral"},"content":{"rendered":"<p><script src=\"\/\/pagead2.googlesyndication.com\/pagead\/js\/adsbygoogle.js\" async=\"\"><\/script><!-- BANNER ELORIENTE INCRUSTADO NOTAS --> <ins class=\"adsbygoogle\" style=\"display: inline-block; width: 300px; height: 250px;\" data-ad-client=\"ca-pub-1136171134853753\" data-ad-slot=\"7974633627\"><\/ins><script>\/\/ <![CDATA[\n(adsbygoogle = window.adsbygoogle || []).push({});\n\/\/ ]]><\/script><\/p>\n<p>&nbsp;<\/p>\n<p>Los temas de conversaci\u00f3n de la \u00faltima semana en M\u00e9xico se han centrado mayoritariamente en los resultados de las elecciones del pasado 2 de julio y respecto a las perspectivas que cada uno de los ciudadanos generamos al pensar en los pr\u00f3ximos seis a\u00f1os.<\/p>\n<p>En este sentido, considero que es importante la generaci\u00f3n de expectativas &#8211; los mexicanos seg\u00fan varios estudios somos optimistas ante el futuro \u2013 pero, antes, es considerable tomar en cuenta en qu\u00e9 condiciones se encuentra nuestro pa\u00eds actualmente para enfrentar el cambio del Poder Ejecutivo.<\/p>\n<p>Previo a las elecciones siempre se habla del \u201cblindaje del sistema econ\u00f3mico\u201d, esto es b\u00e1sicamente evitar que los resultados y el cambio de poder en diciembre alteren dr\u00e1sticamente el sensible equilibrio de las finanzas p\u00fablicas, el tipo de cambio y el r\u00e9gimen burs\u00e1til; interpretado como \u201cmandar buenas se\u00f1ales\u201d al mercado para generar certidumbre.<\/p>\n<p>Sin embargo, debemos considerar que actualmente\u00a0 nuestro pa\u00eds se enfrenta a la inestabilidad financiera del contexto internacional, marcado principalmente por la crisis de la zona euro, con especial seguimiento a la situaci\u00f3n en Grecia, Espa\u00f1a, Italia y Portugal; el proceso de recuperaci\u00f3n de 2009 en Estados Unidos; las reformas econ\u00f3micas de Argentina, que en nuestro caso aplica respecto al sector automotriz; la guerra en Siria, entre otras.<\/p>\n<p><script src=\"\/\/pagead2.googlesyndication.com\/pagead\/js\/adsbygoogle.js\" async=\"\"><\/script><!-- BANNER PEQUE\u00d1O PARA ENTRENOTAS EL ORIENTE --> <ins class=\"adsbygoogle\" style=\"display: inline-block; width: 468px; height: 60px;\" data-ad-client=\"ca-pub-1136171134853753\" data-ad-slot=\"4953536424\"><\/ins><script>\/\/ <![CDATA[\n(adsbygoogle = window.adsbygoogle || []).push({});\n\/\/ ]]><\/script><\/p>\n<p>En cuanto al desempe\u00f1o macroecon\u00f3mico mexicano, \u00e9ste muestra relativa fortaleza, donde los indicadores resaltan que se han logrado sortear los embates del exterior; por ejemplo, seg\u00fan la SHCP en los \u00faltimos seis meses la econom\u00eda se encuentra en un proceso de expansi\u00f3n, debido a que el PIB registr\u00f3 un crecimiento anual de 4.6% durante el primer trimestre de 2012; la demanda externa marc\u00f3 una tendencia positiva gracias a un mayor dinamismo de las exportaciones no petroleras y la demanda interna tambi\u00e9n registr\u00f3 un crecimiento reportado por el aumento de 7.2% en las ventas de la ANTAD en el periodo enero-mayo; de igual forma la inversi\u00f3n creci\u00f3 6.8% en el primer trimestre del a\u00f1o. En cuanto la inflaci\u00f3n en la primera quincena de junio, registra un 4.3% general anual y el tipo de cambio presenta una apreciaci\u00f3n del 4.5% en lo que va del a\u00f1o.<\/p>\n<p>En el caso del empleo, \u00e9ste registr\u00f3 cifras hist\u00f3ricas para el mes de junio, alcanzando la generaci\u00f3n de 91 564 asegurados al IMSS, tanto permanentes como eventuales urbanos, destacando que en lo que va del a\u00f1o se han creado medio mill\u00f3n de empleos.<\/p>\n<p>Sin embargo, a pesar de estas cifras, no podemos decir que la situaci\u00f3n econ\u00f3mica de M\u00e9xico es la mejor, desde una visi\u00f3n micro los habitantes siguen enfrentando carencias importantes, por ejemplo, altos precios de la canasta b\u00e1sica, bajos niveles de salarios, poca capacidad de ahorro, etc.; traduci\u00e9ndose en altos niveles de pobreza, ya que, seg\u00fan el CONEVAL, un promedio del 50% de los mexicanos viven alg\u00fan grado de pobreza y marginaci\u00f3n.<\/p>\n<p>Finalmente, no podemos dejar de lado que se debe procurar la transparencia en los procesos electorales, pero procuremos no olvidar que m\u00e1s all\u00e1 de qui\u00e9n est\u00e9 en el poder, lo importante es que se tenga la capacidad de mejorar las condiciones de vida de los que habitamos esta naci\u00f3n.<\/p>\n<p>&nbsp;<\/p>\n<p>&nbsp;<\/p>\n\n\t\t\t  <div \n\t\t\t  \tclass = \"fb-comments\" \n\t\t\t  \tdata-href = \"http:\/\/www.eloriente.net\/home\/2012\/07\/10\/economia-en-temporada-postelectoral\/\"\n\t\t\t  \tdata-numposts = \"10\"\n\t\t\t\tdata-colorscheme = \"dark\"\n\t\t\t\tdata-order-by = \"social\"\n\t\t\t\tdata-mobile=true>\n\t\t\t  <\/div>\n\t\t  <style>\n\t\t\t.fb_iframe_widget_fluid_desktop iframe {\n\t\t\t    width: 100% !important;\n\t\t\t}\n\t\t  <\/style>\n\t\t  ","protected":false},"excerpt":{"rendered":"<p>&nbsp; Los temas de conversaci\u00f3n de la \u00faltima semana en M\u00e9xico se han centrado mayoritariamente en los resultados de las elecciones del pasado 2 de julio y respecto a las perspectivas que cada uno de los ciudadanos generamos al pensar en los pr\u00f3ximos seis a\u00f1os. En este sentido, considero que es importante la generaci\u00f3n de [&hellip;]<\/p>\n","protected":false},"author":8,"featured_media":0,"comment_status":"open","ping_status":"open","sticky":false,"template":"","format":"standard","meta":{"_jetpack_memberships_contains_paid_content":false,"footnotes":""},"categories":[43],"tags":[],"class_list":["post-541","post","type-post","status-publish","format-standard","hentry","category-adriana-vasconcelos"],"jetpack_featured_media_url":"","jetpack_sharing_enabled":true,"_links":{"self":[{"href":"http:\/\/www.eloriente.net\/home\/wp-json\/wp\/v2\/posts\/541"}],"collection":[{"href":"http:\/\/www.eloriente.net\/home\/wp-json\/wp\/v2\/posts"}],"about":[{"href":"http:\/\/www.eloriente.net\/home\/wp-json\/wp\/v2\/types\/post"}],"author":[{"embeddable":true,"href":"http:\/\/www.eloriente.net\/home\/wp-json\/wp\/v2\/users\/8"}],"replies":[{"embeddable":true,"href":"http:\/\/www.eloriente.net\/home\/wp-json\/wp\/v2\/comments?post=541"}],"version-history":[{"count":2,"href":"http:\/\/www.eloriente.net\/home\/wp-json\/wp\/v2\/posts\/541\/revisions"}],"predecessor-version":[{"id":40360,"href":"http:\/\/www.eloriente.net\/home\/wp-json\/wp\/v2\/posts\/541\/revisions\/40360"}],"wp:attachment":[{"href":"http:\/\/www.eloriente.net\/home\/wp-json\/wp\/v2\/media?parent=541"}],"wp:term":[{"taxonomy":"category","embeddable":true,"href":"http:\/\/www.eloriente.net\/home\/wp-json\/wp\/v2\/categories?post=541"},{"taxonomy":"post_tag","embeddable":true,"href":"http:\/\/www.eloriente.net\/home\/wp-json\/wp\/v2\/tags?post=541"}],"curies":[{"name":"wp","href":"https:\/\/api.w.org\/{rel}","templated":true}]}}