{"id":54101,"date":"2018-08-02T10:18:21","date_gmt":"2018-08-02T16:18:21","guid":{"rendered":"http:\/\/www.eloriente.net\/home\/?p=54101"},"modified":"2018-08-02T10:18:21","modified_gmt":"2018-08-02T16:18:21","slug":"videocolumna-que-hacer-para-desarrollar-capacidades-en-el-aula-por-sofia-martinez","status":"publish","type":"post","link":"http:\/\/www.eloriente.net\/home\/2018\/08\/02\/videocolumna-que-hacer-para-desarrollar-capacidades-en-el-aula-por-sofia-martinez\/","title":{"rendered":"VIDEOCOLUMNA: Qu\u00e9 hacer para desarrollar capacidades en el aula, por Sof\u00eda Mart\u00ednez"},"content":{"rendered":"<p><script src=\"\/\/pagead2.googlesyndication.com\/pagead\/js\/adsbygoogle.js\" async=\"\"><\/script><!-- BANNER ELORIENTE INCRUSTADO NOTAS --> <ins class=\"adsbygoogle\" style=\"display: inline-block; width: 300px; height: 250px;\" data-ad-client=\"ca-pub-1136171134853753\" data-ad-slot=\"7974633627\"><\/ins><script>\/\/ <![CDATA[ (adsbygoogle = window.adsbygoogle || []).push({}); \/\/ ]]><\/script><\/p>\n<p>&nbsp;<\/p>\n<p>eloriente.net<\/p>\n<p>2 de agosto de 2018<\/p>\n<p>\u201cHoy en d\u00eda comprendemos la importancia del desarrollo de las habilidades cognitivas de nuestros alumnos, en conjunto con el desarrollo emocional resiliente, para generar un aprendizaje significativo\u201d.<\/p>\n<p>Esta semana la maestra Sof\u00eda Mart\u00ednez Ruiz nos habla sobre la serie de actividades implementadas en el aula para que los alumnos puedan desarrollar dichas capacidades.<\/p>\n<p>&nbsp;<\/p>\n<p><iframe loading=\"lazy\" style=\"border: none; overflow: hidden;\" src=\"https:\/\/www.facebook.com\/plugins\/video.php?href=https%3A%2F%2Fwww.facebook.com%2F443535572345554%2Fvideos%2F2062267567139005%2F&amp;show_text=0&amp;width=560\" width=\"560\" height=\"315\" frameborder=\"0\" scrolling=\"no\" allowfullscreen=\"allowfullscreen\"><\/iframe><\/p>\n<p><script async src=\"\/\/\"><\/script><br \/>\n<ins class=\"adsbygoogle\" style=\"display: block; text-align: center;\" data-ad-layout=\"in-article\" data-ad-format=\"fluid\" data-ad-client=\"ca-pub-1136171134853753\" data-ad-slot=\"8578966557\"><\/ins><br \/>\n<script>\n     (adsbygoogle = window.adsbygoogle || []).push({});\n<\/script><\/p>\n<h3>La maestra Sof\u00eda Mart\u00ednez<\/h3>\n<p>es catedr\u00e1tica de la\u00a0Preparatoria n\u00famero 2 de la Universidad Aut\u00f3noma Benito Ju\u00e1rez de Oaxaca (UABJO).<\/p>\n<figure id=\"attachment_54102\" aria-describedby=\"caption-attachment-54102\" style=\"width: 450px\" class=\"wp-caption alignnone\"><a href=\"http:\/\/www.eloriente.net\/home\/wp-content\/uploads\/2018\/08\/UABJO-Mtra-Sofi\u0301a-Marti\u0301nez.png\"><img loading=\"lazy\" decoding=\"async\" class=\" wp-image-54102\" src=\"http:\/\/www.eloriente.net\/home\/wp-content\/uploads\/2018\/08\/UABJO-Mtra-Sofi\u0301a-Marti\u0301nez.png\" alt=\"\" width=\"450\" height=\"259\" srcset=\"http:\/\/www.eloriente.net\/home\/wp-content\/uploads\/2018\/08\/UABJO-Mtra-Sofi\u0301a-Marti\u0301nez.png 932w, http:\/\/www.eloriente.net\/home\/wp-content\/uploads\/2018\/08\/UABJO-Mtra-Sofi\u0301a-Marti\u0301nez-300x173.png 300w, http:\/\/www.eloriente.net\/home\/wp-content\/uploads\/2018\/08\/UABJO-Mtra-Sofi\u0301a-Marti\u0301nez-768x442.png 768w\" sizes=\"(max-width: 450px) 100vw, 450px\" \/><\/a><figcaption id=\"caption-attachment-54102\" class=\"wp-caption-text\"><em>Mtra. Sof\u00eda Mart\u00ednez \/ UABJO. DR. eloriente.net<\/em><\/figcaption><\/figure>\n<p><script async src=\"\/\/\"><\/script><br \/>\n<ins class=\"adsbygoogle\" style=\"display: block;\" data-ad-format=\"autorelaxed\" data-ad-client=\"ca-pub-1136171134853753\" data-ad-slot=\"4595267748\"><\/ins><br \/>\n<script>\n     (adsbygoogle = window.adsbygoogle || []).push({});\n<\/script><\/p>\n\n\t\t\t  <div \n\t\t\t  \tclass = \"fb-comments\" \n\t\t\t  \tdata-href = \"http:\/\/www.eloriente.net\/home\/2018\/08\/02\/videocolumna-que-hacer-para-desarrollar-capacidades-en-el-aula-por-sofia-martinez\/\"\n\t\t\t  \tdata-numposts = \"10\"\n\t\t\t\tdata-colorscheme = \"dark\"\n\t\t\t\tdata-order-by = \"social\"\n\t\t\t\tdata-mobile=true>\n\t\t\t  <\/div>\n\t\t  <style>\n\t\t\t.fb_iframe_widget_fluid_desktop iframe {\n\t\t\t    width: 100% !important;\n\t\t\t}\n\t\t  <\/style>\n\t\t  ","protected":false},"excerpt":{"rendered":"<p>&nbsp; eloriente.net 2 de agosto de 2018 \u201cHoy en d\u00eda comprendemos la importancia del desarrollo de las habilidades cognitivas de nuestros alumnos, en conjunto con el desarrollo emocional resiliente, para generar un aprendizaje significativo\u201d. Esta semana la maestra Sof\u00eda Mart\u00ednez Ruiz nos habla sobre la serie de actividades implementadas en el aula para que los [&hellip;]<\/p>\n","protected":false},"author":1,"featured_media":54102,"comment_status":"open","ping_status":"open","sticky":false,"template":"","format":"standard","meta":{"_jetpack_memberships_contains_paid_content":false,"footnotes":""},"categories":[3,32,63,464,8677],"tags":[9559,3909,9558,3946],"class_list":["post-54101","post","type-post","status-publish","format-standard","has-post-thumbnail","hentry","category-canal-1-tu-aula","category-entradas","category-estados","category-oaxaca-estados","category-uabjo","tag-catedraticos-oaxaca","tag-educacion-universitaria","tag-sofia-martinez","tag-uabjo-oaxaca"],"jetpack_featured_media_url":"http:\/\/www.eloriente.net\/home\/wp-content\/uploads\/2018\/08\/UABJO-Mtra-Sofi\u0301a-Marti\u0301nez.png","jetpack_sharing_enabled":true,"_links":{"self":[{"href":"http:\/\/www.eloriente.net\/home\/wp-json\/wp\/v2\/posts\/54101"}],"collection":[{"href":"http:\/\/www.eloriente.net\/home\/wp-json\/wp\/v2\/posts"}],"about":[{"href":"http:\/\/www.eloriente.net\/home\/wp-json\/wp\/v2\/types\/post"}],"author":[{"embeddable":true,"href":"http:\/\/www.eloriente.net\/home\/wp-json\/wp\/v2\/users\/1"}],"replies":[{"embeddable":true,"href":"http:\/\/www.eloriente.net\/home\/wp-json\/wp\/v2\/comments?post=54101"}],"version-history":[{"count":1,"href":"http:\/\/www.eloriente.net\/home\/wp-json\/wp\/v2\/posts\/54101\/revisions"}],"predecessor-version":[{"id":54103,"href":"http:\/\/www.eloriente.net\/home\/wp-json\/wp\/v2\/posts\/54101\/revisions\/54103"}],"wp:featuredmedia":[{"embeddable":true,"href":"http:\/\/www.eloriente.net\/home\/wp-json\/wp\/v2\/media\/54102"}],"wp:attachment":[{"href":"http:\/\/www.eloriente.net\/home\/wp-json\/wp\/v2\/media?parent=54101"}],"wp:term":[{"taxonomy":"category","embeddable":true,"href":"http:\/\/www.eloriente.net\/home\/wp-json\/wp\/v2\/categories?post=54101"},{"taxonomy":"post_tag","embeddable":true,"href":"http:\/\/www.eloriente.net\/home\/wp-json\/wp\/v2\/tags?post=54101"}],"curies":[{"name":"wp","href":"https:\/\/api.w.org\/{rel}","templated":true}]}}