{"id":54119,"date":"2018-08-05T10:00:07","date_gmt":"2018-08-05T16:00:07","guid":{"rendered":"http:\/\/www.eloriente.net\/home\/?p=54119"},"modified":"2018-08-05T10:00:07","modified_gmt":"2018-08-05T16:00:07","slug":"cuajimoloyas-en-oaxaca-recibio-por-vez-primera-asamblea-comunitaria-internacional","status":"publish","type":"post","link":"http:\/\/www.eloriente.net\/home\/2018\/08\/05\/cuajimoloyas-en-oaxaca-recibio-por-vez-primera-asamblea-comunitaria-internacional\/","title":{"rendered":"Cuajimoloyas en Oaxaca recibi\u00f3 por vez primera Asamblea Comunitaria Internacional"},"content":{"rendered":"<p><script src=\"\/\/pagead2.googlesyndication.com\/pagead\/js\/adsbygoogle.js\" async=\"\"><\/script><!-- BANNER ELORIENTE INCRUSTADO NOTAS --> <ins class=\"adsbygoogle\" style=\"display: inline-block; width: 300px; height: 250px;\" data-ad-client=\"ca-pub-1136171134853753\" data-ad-slot=\"7974633627\"><\/ins><script>\/\/ <![CDATA[ (adsbygoogle = window.adsbygoogle || []).push({}); \/\/ ]]><\/script><\/p>\n<p>eloriente.net\/Asamblea CIT<\/p>\n<p>5 de agosto de 2018<\/p>\n<p>San Antonio Cuajimoloyas, Oax.- Desde el pasado jueves 2 se llevan a cabo las actividades de la Primera Asamblea Comunitaria Internacional Transfronteriza organizada por el Centro de Lenguas y Cultura Mexicana Ollin Tlahtoalli, mismo que es dirigido por el Mtro. Omar N\u00fa\u00f1ez M\u00e9ndez.<\/p>\n<p>Con exposiciones, mesas redondas tem\u00e1ticas, pl\u00e1ticas plenarias, ceremonias tradicionales, caminatas, recolecci\u00f3n de hongos, talleres grupales, proyecciones de documentales y su an\u00e1lisis, conciertos musicales, este evento conjunt\u00f3 nacionales y extranjeros, con el objetivo de compartir conocimientos y generar una asamblea siguiendo el modelo de las comunidades ind\u00edgenas.<\/p>\n<p>Con el objetivo de generar una construcci\u00f3n de sociedades justas e igualitarias, conscientes y cr\u00edticas de la realidad social, educativa, econ\u00f3mica, pol\u00edtica y de medio ambiente, as\u00ed como entender la importancia de los pueblos originarios tanto de M\u00e9xico como el extranjero.<\/p>\n<p>En esta primera edici\u00f3n participaron representantes de comunidades, acad\u00e9micos, cocineras tradicionales, curanderos, investigadores nacionales y extranjeros, chefs, artistas, fot\u00f3grafos, periodistas, defensores de los derechos humanos, productores de caf\u00e9 y artesanos, expertos en temas de migraci\u00f3n y organizaciones, as\u00ed como estudiantes provenientes de universidades de Oaxaca, Estados Unidos y Canad\u00e1.<\/p>\n<p><script async src=\"\/\/pagead2.googlesyndication.com\/pagead\/js\/adsbygoogle.js\"><\/script><br \/>\n<ins class=\"adsbygoogle\" style=\"display: block; text-align: center;\" data-ad-layout=\"in-article\" data-ad-format=\"fluid\" data-ad-client=\"ca-pub-1136171134853753\" data-ad-slot=\"8578966557\"><\/ins><br \/>\n<script>\n\u00a0\u00a0\u00a0\u00a0\u00a0(adsbygoogle\u00a0=\u00a0window.adsbygoogle\u00a0||\u00a0[]).push({});\n<\/script><\/p>\n<h3>Los Participantes<\/h3>\n<p>Los eventos se realizaron durante el transcurso del d\u00eda, algunos asistentes viajaron diariamente de la ciudad de Oaxaca a esta comunidad, localizada en la Sierra Norte y la mayor\u00eda de los ponentes y asistentes pernoctaron en las caba\u00f1as que ofrece la comunidad.<\/p>\n<p>Los participantes fueron: Eutorgio Mart\u00ednez Vargas, de Cujimoloyas;\u00a0 Branden Born de la Universidad de Washington; Kau&#8217;i Keliipio, ind\u00edgena hawaiana; Jaime Mart\u00ednez Luna, acad\u00e9mico y defensor de los derechos de las comunidades ind\u00edgenas; Perla Fuentes S\u00e1nchez, periodista; Alejandro Ruiz Olmedo, chef internacional; Tel\u00e9sfora Ju\u00e1rez, representante de medicina tradicional; Eugenia Santiago Reyes, presidenta de Analco; Yolanda Valencia; inmigrante y profesora de Universidad de Washington; Javier Fausto Cruz; experto en comunicaci\u00f3n pol\u00edtica enfocada en comunidades ind\u00edgenas; Suree Towfighnia, documentalista de Chicago; Angelina Mart\u00ednez P\u00e9rez, de ecoturismo en la Sierra Norte; David Moreno; comunicador; Eleazar Garc\u00eda Jim\u00e9nez, de Cedicam y muchos m\u00e1s.<\/p>\n<p>Las actividades terminar\u00e1n este 5 de agosto con la presentaci\u00f3n del Amco (Arte Mural Comunitarios) realizado por el colectivo Tlakolulocos, se har\u00e1 una Asamblea Final General (Afige), una ceremonia de clausura por el comit\u00e9 organizador y l\u00edderes comunitarios de San Antonio Cuajimoloyas y una Guelaguetza Infantil.<\/p>\n<p><a href=\"http:\/\/www.eloriente.net\/home\/wp-content\/uploads\/2018\/08\/Cuajimoloyas-encuentro-DR.jpeg\"><img loading=\"lazy\" decoding=\"async\" class=\"alignnone wp-image-54120\" src=\"http:\/\/www.eloriente.net\/home\/wp-content\/uploads\/2018\/08\/Cuajimoloyas-encuentro-DR-1024x573.jpeg\" alt=\"\" width=\"500\" height=\"280\" srcset=\"http:\/\/www.eloriente.net\/home\/wp-content\/uploads\/2018\/08\/Cuajimoloyas-encuentro-DR-1024x573.jpeg 1024w, http:\/\/www.eloriente.net\/home\/wp-content\/uploads\/2018\/08\/Cuajimoloyas-encuentro-DR-300x168.jpeg 300w, http:\/\/www.eloriente.net\/home\/wp-content\/uploads\/2018\/08\/Cuajimoloyas-encuentro-DR-768x430.jpeg 768w, http:\/\/www.eloriente.net\/home\/wp-content\/uploads\/2018\/08\/Cuajimoloyas-encuentro-DR.jpeg 1280w\" sizes=\"(max-width: 500px) 100vw, 500px\" \/><\/a><\/p>\n<p><script async src=\"\/\/pagead2.googlesyndication.com\/pagead\/js\/adsbygoogle.js\"><\/script><br \/>\n<ins class=\"adsbygoogle\" style=\"display: block;\" data-ad-format=\"autorelaxed\" data-ad-client=\"ca-pub-1136171134853753\" data-ad-slot=\"4595267748\"><\/ins><br \/>\n<script>\n\u00a0\u00a0\u00a0\u00a0\u00a0(adsbygoogle\u00a0=\u00a0window.adsbygoogle\u00a0||\u00a0[]).push({});\n<\/script><\/p>\n\n\t\t\t  <div \n\t\t\t  \tclass = \"fb-comments\" \n\t\t\t  \tdata-href = \"http:\/\/www.eloriente.net\/home\/2018\/08\/05\/cuajimoloyas-en-oaxaca-recibio-por-vez-primera-asamblea-comunitaria-internacional\/\"\n\t\t\t  \tdata-numposts = \"10\"\n\t\t\t\tdata-colorscheme = \"dark\"\n\t\t\t\tdata-order-by = \"social\"\n\t\t\t\tdata-mobile=true>\n\t\t\t  <\/div>\n\t\t  <style>\n\t\t\t.fb_iframe_widget_fluid_desktop iframe {\n\t\t\t    width: 100% !important;\n\t\t\t}\n\t\t  <\/style>\n\t\t  ","protected":false},"excerpt":{"rendered":"<p>eloriente.net\/Asamblea CIT 5 de agosto de 2018 San Antonio Cuajimoloyas, Oax.- Desde el pasado jueves 2 se llevan a cabo las actividades de la Primera Asamblea Comunitaria Internacional Transfronteriza organizada por el Centro de Lenguas y Cultura Mexicana Ollin Tlahtoalli, mismo que es dirigido por el Mtro. Omar N\u00fa\u00f1ez M\u00e9ndez. Con exposiciones, mesas redondas tem\u00e1ticas, [&hellip;]<\/p>\n","protected":false},"author":1,"featured_media":54120,"comment_status":"open","ping_status":"open","sticky":false,"template":"","format":"standard","meta":{"_jetpack_memberships_contains_paid_content":false,"footnotes":""},"categories":[4300,1588,22,32,63,20,23,464],"tags":[9568,9569,9566,9567],"class_list":["post-54119","post","type-post","status-publish","format-standard","has-post-thumbnail","hentry","category-comunicacion","category-comunicados-y-boletines","category-derechos-humanos","category-entradas","category-estados","category-medio-ambiente","category-municipios","category-oaxaca-estados","tag-asamblea-comunitaria","tag-comunalidad","tag-cuajimoloyas","tag-sierra-oaxaca"],"jetpack_featured_media_url":"http:\/\/www.eloriente.net\/home\/wp-content\/uploads\/2018\/08\/Cuajimoloyas-encuentro-DR.jpeg","jetpack_sharing_enabled":true,"_links":{"self":[{"href":"http:\/\/www.eloriente.net\/home\/wp-json\/wp\/v2\/posts\/54119"}],"collection":[{"href":"http:\/\/www.eloriente.net\/home\/wp-json\/wp\/v2\/posts"}],"about":[{"href":"http:\/\/www.eloriente.net\/home\/wp-json\/wp\/v2\/types\/post"}],"author":[{"embeddable":true,"href":"http:\/\/www.eloriente.net\/home\/wp-json\/wp\/v2\/users\/1"}],"replies":[{"embeddable":true,"href":"http:\/\/www.eloriente.net\/home\/wp-json\/wp\/v2\/comments?post=54119"}],"version-history":[{"count":1,"href":"http:\/\/www.eloriente.net\/home\/wp-json\/wp\/v2\/posts\/54119\/revisions"}],"predecessor-version":[{"id":54123,"href":"http:\/\/www.eloriente.net\/home\/wp-json\/wp\/v2\/posts\/54119\/revisions\/54123"}],"wp:featuredmedia":[{"embeddable":true,"href":"http:\/\/www.eloriente.net\/home\/wp-json\/wp\/v2\/media\/54120"}],"wp:attachment":[{"href":"http:\/\/www.eloriente.net\/home\/wp-json\/wp\/v2\/media?parent=54119"}],"wp:term":[{"taxonomy":"category","embeddable":true,"href":"http:\/\/www.eloriente.net\/home\/wp-json\/wp\/v2\/categories?post=54119"},{"taxonomy":"post_tag","embeddable":true,"href":"http:\/\/www.eloriente.net\/home\/wp-json\/wp\/v2\/tags?post=54119"}],"curies":[{"name":"wp","href":"https:\/\/api.w.org\/{rel}","templated":true}]}}