{"id":54126,"date":"2018-08-06T09:17:16","date_gmt":"2018-08-06T15:17:16","guid":{"rendered":"http:\/\/www.eloriente.net\/home\/?p=54126"},"modified":"2019-06-17T16:48:05","modified_gmt":"2019-06-17T22:48:05","slug":"es-la-cultura-cultura-debe-estar-primero-por-juan-pablo-vasconcelos-jpvmx","status":"publish","type":"post","link":"http:\/\/www.eloriente.net\/home\/2018\/08\/06\/es-la-cultura-cultura-debe-estar-primero-por-juan-pablo-vasconcelos-jpvmx\/","title":{"rendered":"ES LA CULTURA: Cultura debe estar primero, por: Juan Pablo Vasconcelos @JPVmx"},"content":{"rendered":"<p><script src=\"\/\/pagead2.googlesyndication.com\/pagead\/js\/adsbygoogle.js\" async=\"\"><\/script><!-- BANNER ELORIENTE INCRUSTADO NOTAS --> <ins class=\"adsbygoogle\" style=\"display: inline-block; width: 300px; height: 250px;\" data-ad-client=\"ca-pub-1136171134853753\" data-ad-slot=\"7974633627\"><\/ins><script>\/\/ <![CDATA[ (adsbygoogle = window.adsbygoogle || []).push({}); \/\/ ]]><\/script><\/p>\n<p><em>\u201cLa Cultura es relevante por razones culturales. Y no solo razones econ\u00f3micas, sociales, pol\u00edticas\u201d.<\/em><\/p>\n<p><strong>Cultura debe estar primero<\/strong><\/p>\n<p>(www.eloriente.net, M\u00e9xico, a 6 de agosto de 2018, por:<a href=\"https:\/\/www.facebook.com\/juanpablovasconcelosm\/\"> Juan Pablo Vasconcelos<\/a> <a href=\"https:\/\/twitter.com\/JPVmx\">@JPVmx<\/a>).- \u00a0Goza de inmenso prestigio y no es raro escucharla nombrar en los discursos de los mejores eventos. Sin embargo, a la hora buena, es echada de menos e incluso puesta a un lado, como si por su relevancia e inevitabilidad fuera algo que puede esperar para despu\u00e9s.<\/p>\n<p>Se le presume. Incluso se le utiliza para mostrarse al exterior. En las ferias o en aperturas estelares, se llama a sus mejores exponentes nacionales para demostrar c\u00f3mo la creatividad, el grado de talento y las fronteras derribadas por ellos, son sello general de nuestro pueblo.<\/p>\n<p>Cada vez que un ni\u00f1o o una ni\u00f1a destaca por conocerla a profundidad, pensamos que el pa\u00eds tiene un futuro. En cambio, cuando es evidente su indiferencia sobre ella, nos invade cierto desasosiego y comenzamos a buscar culpables del terrible descuido, cuyos resultados ponen en severo riesgo la identidad y el coraz\u00f3n de nuestro pueblo.<\/p>\n<p>Pero a pesar de su prestigio, la ilusi\u00f3n que provoca y la inminente importancia que representa, es verdad su postergaci\u00f3n.<\/p>\n<p>La cultura se ha postergado.<\/p>\n<p>Me refiero claro a su atenci\u00f3n en las pol\u00edticas p\u00fablicas y en los programas nacionales. Tambi\u00e9n \u2014debemos ser sinceros\u2014 en la educaci\u00f3n familiar y a\u00fan en los intereses personales, dominados por otras motivaciones m\u00e1s proclives al entretenimiento o de plano a la fiesta sin contenido.<\/p>\n<p>M\u00e1s de la mitad de los mexicanos, por ejemplo, no abri\u00f3 un solo libro durante un a\u00f1o, seg\u00fan cifras oficiales (M\u00f3dulo sobre Lectura, INEGI, 2016).<a href=\"#_ftn1\" name=\"_ftnref1\">[1]<\/a><\/p>\n<p>Es decir, tanto en lo p\u00fablico como en lo privado, la cultura sigue siendo un asunto de segundo plano, o bien, un asunto tan relevante \u201cque alguien lo deber\u00eda estar atendiendo\u201d, pero no hemos sido capaces de hacernos responsables de ello a plenitud, en ninguna de las dos esferas.<\/p>\n<h3><script async src=\"\/\/pagead2.googlesyndication.com\/pagead\/js\/adsbygoogle.js\"><\/script><br \/>\n<ins class=\"adsbygoogle\" style=\"display: block; text-align: center;\" data-ad-layout=\"in-article\" data-ad-format=\"fluid\" data-ad-client=\"ca-pub-1136171134853753\" data-ad-slot=\"8578966557\"><\/ins><br \/>\n<script>\n\u00a0\u00a0\u00a0\u00a0\u00a0(adsbygoogle\u00a0=\u00a0window.adsbygoogle\u00a0||\u00a0[]).push({});\n<\/script><\/h3>\n<p><strong>Europa da un paso adelante<\/strong><\/p>\n<p>En t\u00e9rminos de las consideraciones anteriores, nuestro pa\u00eds no es la excepci\u00f3n. La batalla porque el patrimonio y la expresi\u00f3n culturan pasen a primer plano \u2014que no es otra cosa que la batalla de hacer que el sentido humano de la vida y de las cosas importe de verdad\u2014, sigue siendo una de las cruzadas m\u00e1s relevantes de nuestro tiempo.<\/p>\n<p>Por eso me parece digna de \u00e9nfasis La Llamada a la Acci\u00f3n de Berl\u00edn, hecha p\u00fablica el pasado 22 de junio, durante la Cumbre del Patrimonio Cultural Europeo. All\u00ed se insiste en la necesidad de que los ciudadanos, organizaciones e instituciones reconozcan la responsabilidad compartida de desarrollar la capacidad y el poder de cohesi\u00f3n del patrimonio cultural com\u00fan para avanzar hacia una Europa m\u00e1s pac\u00edfica pr\u00f3spera, inclusiva y justa.<\/p>\n<p>\u201cEnfrentados a m\u00faltiples retos e, incluso, amenazas para los valores europeos esenciales, tal debate no puede estar basado exclusivamente sobre consideraciones econ\u00f3micas, pol\u00edticas o de seguridad. Necesitamos \u2018cambiar el tono\u2019 de aspectos de la narrativa hist\u00f3rica europea. Debemos colocar nuestro patrimonio cultural com\u00fan en el lugar que le corresponde: en el mismo centro de las pol\u00edticas y prioridades europeas\u201d.<a href=\"#_ftn2\" name=\"_ftnref2\">[2]<\/a><\/p>\n<p>Estas l\u00edneas son absolutamente reveladoras y de alguna forma adelantan en efecto el \u201ctono\u201d que deber\u00edamos asumir cuando hablamos de patrimonio y expresi\u00f3n cultural.<\/p>\n<p>\u00bfEn qu\u00e9 sentido? En que la cultura es fundamental en efecto por razones econ\u00f3micas, pol\u00edticas o a\u00fan de prevenci\u00f3n de la violencia, pero sobre todo por razones estrictamente culturales.<\/p>\n<p>Nos permiten, por ejemplo, fortalecer valores comunes y comprender los divergentes; comprender y asumir nuestra identidad; alimentar nuestra sensaci\u00f3n de pertenencia a una comunidad; funge de puente entre pasado y futuro; aporta armon\u00eda y a\u00f1ade belleza a nuestras vidas, entre otras que incluso pertenecen al terreno de lo intangible e inefable.<\/p>\n<p>La Llamada de Berl\u00edn contempla 7 acciones concretas para impulsar en los diversos estados europeos y a\u00fan por las organizaciones adheridas.<\/p>\n<p>Resalto una en particular \u2014aunque se entiende la armon\u00eda e integralidad del conjunto\u2014, pues la miro como uno de los faros a seguir en otras demarcaciones del planeta con car\u00e1cter de urgente: el patrimonio cultural debe estar presente el m\u00e1ximo posible en todas las etapas educativas. \u201cAtenci\u00f3n especial merecen la educaci\u00f3n en la Historia y la interpretaci\u00f3n del patrimonio situados en un contexto amplio del pasado, presente y futuro de Europa\u201d.<\/p>\n<p>Sin esta transmisi\u00f3n de conocimiento y sentido es imposible exigir comprensi\u00f3n. Y por lo tanto, exigir di\u00e1logo, relaciones respetuosas o armon\u00eda social.<\/p>\n<figure id=\"attachment_54127\" aria-describedby=\"caption-attachment-54127\" style=\"width: 499px\" class=\"wp-caption alignnone\"><a href=\"http:\/\/www.eloriente.net\/home\/wp-content\/uploads\/2018\/08\/SERGIO-GIMENEZ-LICENCIA-CREATIVE-COMMONS-BAILARINA.jpg\"><img loading=\"lazy\" decoding=\"async\" class=\" wp-image-54127\" src=\"http:\/\/www.eloriente.net\/home\/wp-content\/uploads\/2018\/08\/SERGIO-GIMENEZ-LICENCIA-CREATIVE-COMMONS-BAILARINA-1024x678.jpg\" alt=\"\" width=\"499\" height=\"330\" srcset=\"http:\/\/www.eloriente.net\/home\/wp-content\/uploads\/2018\/08\/SERGIO-GIMENEZ-LICENCIA-CREATIVE-COMMONS-BAILARINA-1024x678.jpg 1024w, http:\/\/www.eloriente.net\/home\/wp-content\/uploads\/2018\/08\/SERGIO-GIMENEZ-LICENCIA-CREATIVE-COMMONS-BAILARINA-300x198.jpg 300w, http:\/\/www.eloriente.net\/home\/wp-content\/uploads\/2018\/08\/SERGIO-GIMENEZ-LICENCIA-CREATIVE-COMMONS-BAILARINA-768x508.jpg 768w, http:\/\/www.eloriente.net\/home\/wp-content\/uploads\/2018\/08\/SERGIO-GIMENEZ-LICENCIA-CREATIVE-COMMONS-BAILARINA.jpg 2048w\" sizes=\"(max-width: 499px) 100vw, 499px\" \/><\/a><figcaption id=\"caption-attachment-54127\" class=\"wp-caption-text\"><em>Bailarina. Imagen: Sergio Gimenez, Licencia Creative Commons<\/em><\/figcaption><\/figure>\n<h3><strong>La ra\u00edz de los desencuentros<\/strong><\/h3>\n<p>Debido a nuestra indiferencia por estas actividades y tareas, una gran parte de nuestros problemas y desencuentros existen o a\u00fan se han agravado.<\/p>\n<p>Inclusive, esta misma indiferencia nos ha llevado a buscar la ra\u00edz de estas complejidades en lugares err\u00f3neos. Como muestra, se sondea la raz\u00f3n de la violencia solo en razonamientos econ\u00f3micos, o bien, se explica la ineficacia de los \u00f3rganos de gobierno solo en motivaciones pol\u00edticas, partidistas o hasta de modelo administrativo.<\/p>\n<p>Sin embargo, la ra\u00edz siempre ha estado en otra parte. En alg\u00fan dominio de la ignorancia. Y, por lo tanto, en la ausencia de comprensi\u00f3n y significado.<\/p>\n<p>Cuando la cultura est\u00e9 primero, ser\u00e1 cuando nuestras relaciones sean m\u00e1s respetuosas, nuestros problemas encuentren salidas m\u00e1s all\u00e1 del castigo, y el bienestar y la calidad de vida sean verdaderos.<\/p>\n<p>La cultura es la columna vertebral del bienestar humano. Por eso, debe estar al centro. Orientando como m\u00e1stil la mente de gobernantes y ciudadanos.<\/p>\n<p><a href=\"#_ftnref1\" name=\"_ftn1\">[1]<\/a> <a href=\"https:\/\/www.reporteindigo.com\/piensa\/cuanto-como-leen-mexicanos-inegi-dia-internacional-libro\/\">https:\/\/www.reporteindigo.com\/piensa\/cuanto-como-leen-mexicanos-inegi-dia-internacional-libro\/<\/a><\/p>\n<p><a href=\"#_ftnref2\" name=\"_ftn2\">[2]<\/a> <a href=\"http:\/\/www.europanostra.org\/wp-content\/uploads\/2018\/07\/Berlin-Call-Action-Spa.pdf\">http:\/\/www.europanostra.org\/wp-content\/uploads\/2018\/07\/Berlin-Call-Action-Spa.pdf<\/a><\/p>\n<p><script async src=\"\/\/pagead2.googlesyndication.com\/pagead\/js\/adsbygoogle.js\"><\/script><br \/>\n<ins class=\"adsbygoogle\" style=\"display: block;\" data-ad-format=\"autorelaxed\" data-ad-client=\"ca-pub-1136171134853753\" data-ad-slot=\"4595267748\"><\/ins><br \/>\n<script>\n\u00a0\u00a0\u00a0\u00a0\u00a0(adsbygoogle\u00a0=\u00a0window.adsbygoogle\u00a0||\u00a0[]).push({});\n<\/script><\/p>\n\n\t\t\t  <div \n\t\t\t  \tclass = \"fb-comments\" \n\t\t\t  \tdata-href = \"http:\/\/www.eloriente.net\/home\/2018\/08\/06\/es-la-cultura-cultura-debe-estar-primero-por-juan-pablo-vasconcelos-jpvmx\/\"\n\t\t\t  \tdata-numposts = \"10\"\n\t\t\t\tdata-colorscheme = \"dark\"\n\t\t\t\tdata-order-by = \"social\"\n\t\t\t\tdata-mobile=true>\n\t\t\t  <\/div>\n\t\t  <style>\n\t\t\t.fb_iframe_widget_fluid_desktop iframe {\n\t\t\t    width: 100% !important;\n\t\t\t}\n\t\t  <\/style>\n\t\t  ","protected":false},"excerpt":{"rendered":"<p>\u201cLa Cultura es relevante por razones culturales. Y no solo razones econ\u00f3micas, sociales, pol\u00edticas\u201d. Cultura debe estar primero (www.eloriente.net, M\u00e9xico, a 6 de agosto de 2018, por: Juan Pablo Vasconcelos @JPVmx).- \u00a0Goza de inmenso prestigio y no es raro escucharla nombrar en los discursos de los mejores eventos. Sin embargo, a la hora buena, es [&hellip;]<\/p>\n","protected":false},"author":13,"featured_media":54127,"comment_status":"open","ping_status":"open","sticky":false,"template":"","format":"standard","meta":{"_jetpack_memberships_contains_paid_content":false,"footnotes":""},"categories":[29,11,32,63,54,10504,23,464],"tags":[241,9573,3941,5534,3626],"class_list":["post-54126","post","type-post","status-publish","format-standard","has-post-thumbnail","hentry","category-capital","category-colaboradores","category-entradas","category-estados","category-juan-pablo-vasconcelos","category-las-ultimas-12","category-municipios","category-oaxaca-estados","tag-cultura","tag-cultura-europa","tag-mexico-cultura","tag-oaxaca-cultura","tag-politicas-culturales"],"jetpack_featured_media_url":"http:\/\/www.eloriente.net\/home\/wp-content\/uploads\/2018\/08\/SERGIO-GIMENEZ-LICENCIA-CREATIVE-COMMONS-BAILARINA.jpg","jetpack_sharing_enabled":true,"_links":{"self":[{"href":"http:\/\/www.eloriente.net\/home\/wp-json\/wp\/v2\/posts\/54126"}],"collection":[{"href":"http:\/\/www.eloriente.net\/home\/wp-json\/wp\/v2\/posts"}],"about":[{"href":"http:\/\/www.eloriente.net\/home\/wp-json\/wp\/v2\/types\/post"}],"author":[{"embeddable":true,"href":"http:\/\/www.eloriente.net\/home\/wp-json\/wp\/v2\/users\/13"}],"replies":[{"embeddable":true,"href":"http:\/\/www.eloriente.net\/home\/wp-json\/wp\/v2\/comments?post=54126"}],"version-history":[{"count":1,"href":"http:\/\/www.eloriente.net\/home\/wp-json\/wp\/v2\/posts\/54126\/revisions"}],"predecessor-version":[{"id":54128,"href":"http:\/\/www.eloriente.net\/home\/wp-json\/wp\/v2\/posts\/54126\/revisions\/54128"}],"wp:featuredmedia":[{"embeddable":true,"href":"http:\/\/www.eloriente.net\/home\/wp-json\/wp\/v2\/media\/54127"}],"wp:attachment":[{"href":"http:\/\/www.eloriente.net\/home\/wp-json\/wp\/v2\/media?parent=54126"}],"wp:term":[{"taxonomy":"category","embeddable":true,"href":"http:\/\/www.eloriente.net\/home\/wp-json\/wp\/v2\/categories?post=54126"},{"taxonomy":"post_tag","embeddable":true,"href":"http:\/\/www.eloriente.net\/home\/wp-json\/wp\/v2\/tags?post=54126"}],"curies":[{"name":"wp","href":"https:\/\/api.w.org\/{rel}","templated":true}]}}