{"id":54174,"date":"2018-07-20T08:36:38","date_gmt":"2018-07-20T14:36:38","guid":{"rendered":"http:\/\/www.eloriente.net\/home\/?p=54174"},"modified":"2018-08-15T18:42:44","modified_gmt":"2018-08-16T00:42:44","slug":"jovenes-al-congreso-de-oaxaca","status":"publish","type":"post","link":"http:\/\/www.eloriente.net\/home\/2018\/07\/20\/jovenes-al-congreso-de-oaxaca\/","title":{"rendered":"J\u00f3venes al Congreso de Oaxaca"},"content":{"rendered":"<p><script src=\"\/\/pagead2.googlesyndication.com\/pagead\/js\/adsbygoogle.js\" async=\"\"><\/script><!-- BANNER ELORIENTE INCRUSTADO NOTAS --> <ins class=\"adsbygoogle\" style=\"display: inline-block; width: 300px; height: 250px;\" data-ad-client=\"ca-pub-1136171134853753\" data-ad-slot=\"7974633627\"><\/ins><script>\/\/ <![CDATA[ (adsbygoogle = window.adsbygoogle || []).push({}); \/\/ ]]><\/script><br \/>\neloriente.net\/Congreso de Oaxaca<\/p>\n<p>20 de julio de 2018<\/p>\n<p>La Comisi\u00f3n especial de la LXIII Legislatura del Congreso local, emiti\u00f3 la convocatoria para encontrar a 42 mujeres y hombres oaxaque\u00f1os, de entre 15 y 24 a\u00f1os de edad que conformar\u00e1n la VII Legislatura Juvenil.<\/p>\n<p>En conferencia de prensa, las y los Diputados del Congreso Local instaron al sector juvenil de Oaxaca a participar en el ejercicio que a\u00f1o con a\u00f1o otorga voz al sector juvenil dentro de la m\u00e1xima tribuna del Estado.<\/p>\n<p>La convocatoria estar\u00e1 abierta hasta el viernes 17 de agosto y podr\u00e1 ser consultada en la p\u00e1gina web <a href=\"http:\/\/www.congresooaxaca.gob.mx\/\">www.congresooaxaca.gob.mx<\/a>, en donde se especifican los requisitos que las y los j\u00f3venes deben cumplir, entre los que se encuentran, una propuesta de iniciativa de ley con extensi\u00f3n m\u00ednima de cinco cuartillas que busque mejorar las condiciones sociales, pol\u00edticas y culturales en las que el sector juvenil se encuentra inmersa.<\/p>\n<p>La iniciativa de ley que ser\u00e1 presentado por las y los j\u00f3venes aspirantes, deber\u00e1 estar enfocado en los temas de educaci\u00f3n y multiculturalidad; anticorrupci\u00f3n; empleo y bienestar social; participaci\u00f3n ciudadana y democracia y por \u00faltimo, pol\u00edticas poblacionales y migraci\u00f3n.<\/p>\n\n\t\t\t  <div \n\t\t\t  \tclass = \"fb-comments\" \n\t\t\t  \tdata-href = \"http:\/\/www.eloriente.net\/home\/2018\/07\/20\/jovenes-al-congreso-de-oaxaca\/\"\n\t\t\t  \tdata-numposts = \"10\"\n\t\t\t\tdata-colorscheme = \"dark\"\n\t\t\t\tdata-order-by = \"social\"\n\t\t\t\tdata-mobile=true>\n\t\t\t  <\/div>\n\t\t  <style>\n\t\t\t.fb_iframe_widget_fluid_desktop iframe {\n\t\t\t    width: 100% !important;\n\t\t\t}\n\t\t  <\/style>\n\t\t  ","protected":false},"excerpt":{"rendered":"<p>eloriente.net\/Congreso de Oaxaca 20 de julio de 2018 La Comisi\u00f3n especial de la LXIII Legislatura del Congreso local, emiti\u00f3 la convocatoria para encontrar a 42 mujeres y hombres oaxaque\u00f1os, de entre 15 y 24 a\u00f1os de edad que conformar\u00e1n la VII Legislatura Juvenil. En conferencia de prensa, las y los Diputados del Congreso Local instaron [&hellip;]<\/p>\n","protected":false},"author":1,"featured_media":54175,"comment_status":"open","ping_status":"open","sticky":false,"template":"","format":"standard","meta":{"_jetpack_memberships_contains_paid_content":false,"footnotes":""},"categories":[32],"tags":[1677],"class_list":["post-54174","post","type-post","status-publish","format-standard","has-post-thumbnail","hentry","category-entradas","tag-congreso-de-oaxaca"],"jetpack_featured_media_url":"http:\/\/www.eloriente.net\/home\/wp-content\/uploads\/2018\/08\/Legislatura-Juvenil-convocatoria-julio-2018.jpeg","jetpack_sharing_enabled":true,"_links":{"self":[{"href":"http:\/\/www.eloriente.net\/home\/wp-json\/wp\/v2\/posts\/54174"}],"collection":[{"href":"http:\/\/www.eloriente.net\/home\/wp-json\/wp\/v2\/posts"}],"about":[{"href":"http:\/\/www.eloriente.net\/home\/wp-json\/wp\/v2\/types\/post"}],"author":[{"embeddable":true,"href":"http:\/\/www.eloriente.net\/home\/wp-json\/wp\/v2\/users\/1"}],"replies":[{"embeddable":true,"href":"http:\/\/www.eloriente.net\/home\/wp-json\/wp\/v2\/comments?post=54174"}],"version-history":[{"count":1,"href":"http:\/\/www.eloriente.net\/home\/wp-json\/wp\/v2\/posts\/54174\/revisions"}],"predecessor-version":[{"id":54176,"href":"http:\/\/www.eloriente.net\/home\/wp-json\/wp\/v2\/posts\/54174\/revisions\/54176"}],"wp:featuredmedia":[{"embeddable":true,"href":"http:\/\/www.eloriente.net\/home\/wp-json\/wp\/v2\/media\/54175"}],"wp:attachment":[{"href":"http:\/\/www.eloriente.net\/home\/wp-json\/wp\/v2\/media?parent=54174"}],"wp:term":[{"taxonomy":"category","embeddable":true,"href":"http:\/\/www.eloriente.net\/home\/wp-json\/wp\/v2\/categories?post=54174"},{"taxonomy":"post_tag","embeddable":true,"href":"http:\/\/www.eloriente.net\/home\/wp-json\/wp\/v2\/tags?post=54174"}],"curies":[{"name":"wp","href":"https:\/\/api.w.org\/{rel}","templated":true}]}}