{"id":54189,"date":"2018-06-05T22:30:25","date_gmt":"2018-06-06T04:30:25","guid":{"rendered":"http:\/\/www.eloriente.net\/home\/?p=54189"},"modified":"2018-08-15T19:32:26","modified_gmt":"2018-08-16T01:32:26","slug":"geoparque-mixteca-alta-se-potenciara-congreso","status":"publish","type":"post","link":"http:\/\/www.eloriente.net\/home\/2018\/06\/05\/geoparque-mixteca-alta-se-potenciara-congreso\/","title":{"rendered":"Geoparque Mixteca Alta se potenciar\u00e1: Congreso"},"content":{"rendered":"<p><script src=\"\/\/pagead2.googlesyndication.com\/pagead\/js\/adsbygoogle.js\" async=\"\"><\/script><!-- BANNER ELORIENTE INCRUSTADO NOTAS --> <ins class=\"adsbygoogle\" style=\"display: inline-block; width: 300px; height: 250px;\" data-ad-client=\"ca-pub-1136171134853753\" data-ad-slot=\"7974633627\"><\/ins><script>\/\/ <![CDATA[ (adsbygoogle = window.adsbygoogle || []).push({}); \/\/ ]]><\/script><br \/>\neloriente.net\/Congreso de Oaxaca<\/p>\n<p>5 de junio de 2018<\/p>\n<p>Desde el Poder Legislativo, aplicaremos pol\u00edticas p\u00fablicas necesarias para la mejora del desarrollo sostenible de los nueve municipios que integran el Geoparque Mixteca Alta, con el fin de potencializar el turismo, manifest\u00f3 la Presidente de la Junta de Coordinaci\u00f3n Pol\u00edtica de la LXIII Legislatura, Mar\u00eda de las Nieves Garc\u00eda Fern\u00e1ndez.<\/p>\n<p>Esto durante el evento organizado por la Comisi\u00f3n Permanente de Ecolog\u00eda, encabezada por la diputada Paola Guti\u00e9rrez Galindo para la entrega de reconocimientos a los municipios\u00a0\u00a0Santiago Tillo, Santo Domingo Tonaltepec, San Bartolo Soyaltepec, Santa Mar\u00eda Chacho\u00e1pam, San Andr\u00e9s Sinaxtla San Juan Yucuita, Santo Domingo Yanhuitl\u00e1n, San Pedro Topiltepec y San Juan Teposcolula por haber recibido la homologaci\u00f3n de parte de la UNESCO como Geoparque Mixteca Alta.<\/p>\n<p>Oaxaca, por su importancia geol\u00f3gica, etnogr\u00e1fica y cultural\u00a0\u00a0es actualmente uno de los dos estados que cuentan con reconocimiento de la UNESCO como Geoparque, esto impulsado en gran parte porla investigaci\u00f3n realizada desde hace a\u00f1os por acad\u00e9micos de la Universidad Nacional Aut\u00f3noma de M\u00e9xico (UNAM).<\/p>\n<p>Al respecto Paola Guti\u00e9rrez, se\u00f1al\u00f3 que con esto se demuestra que en la Mixteca no solo hay aridez, no solamente se encuentra una zona des\u00e9rtica, hay ah\u00ed historia de miles y miles de a\u00f1os que puede ser visible.<\/p>\n<p>Cabe mencionar que en el evento tambi\u00e9n estuvieron presentes Manuel Su\u00e1rez Lastram, director del Instituto de Geograf\u00eda de la UNAM; Jos\u00e9 Luis Noria S\u00e1nchez\u00a0director del\u00a0Museo de las Culturas\u00a0de Oaxaca; Jarumy Esmeralda M\u00e9ndez Reyes, subsecretar\u00eda de Medio Ambiente, Energ\u00edas y Desarrollo Sustentable;\u00a0\u00a0Luis Felipe Sig\u00fcenza Acevedo, Subsecretario de Operaci\u00f3n Tur\u00edstica,\u00a0el presidente de la mesa directiva de la Diputaci\u00f3n permanente, Javier S\u00e1nchez y los legisladores\u00a0\u00a0Mar\u00eda de Jes\u00fas Melgar, Arturo Toledo, Fernando Lorenzo y Juan Azael Estrada.<\/p>\n\n\t\t\t  <div \n\t\t\t  \tclass = \"fb-comments\" \n\t\t\t  \tdata-href = \"http:\/\/www.eloriente.net\/home\/2018\/06\/05\/geoparque-mixteca-alta-se-potenciara-congreso\/\"\n\t\t\t  \tdata-numposts = \"10\"\n\t\t\t\tdata-colorscheme = \"dark\"\n\t\t\t\tdata-order-by = \"social\"\n\t\t\t\tdata-mobile=true>\n\t\t\t  <\/div>\n\t\t  <style>\n\t\t\t.fb_iframe_widget_fluid_desktop iframe {\n\t\t\t    width: 100% !important;\n\t\t\t}\n\t\t  <\/style>\n\t\t  ","protected":false},"excerpt":{"rendered":"<p>eloriente.net\/Congreso de Oaxaca 5 de junio de 2018 Desde el Poder Legislativo, aplicaremos pol\u00edticas p\u00fablicas necesarias para la mejora del desarrollo sostenible de los nueve municipios que integran el Geoparque Mixteca Alta, con el fin de potencializar el turismo, manifest\u00f3 la Presidente de la Junta de Coordinaci\u00f3n Pol\u00edtica de la LXIII Legislatura, Mar\u00eda de las [&hellip;]<\/p>\n","protected":false},"author":1,"featured_media":37832,"comment_status":"open","ping_status":"open","sticky":false,"template":"","format":"standard","meta":{"_jetpack_memberships_contains_paid_content":false,"footnotes":""},"categories":[32],"tags":[],"class_list":["post-54189","post","type-post","status-publish","format-standard","has-post-thumbnail","hentry","category-entradas"],"jetpack_featured_media_url":"http:\/\/www.eloriente.net\/home\/wp-content\/uploads\/2015\/07\/Reserva-de-la-biosfera-tehuacan-cuicatlan-puebla-licencia-cc-Jeziret-Gonz\u00e1lez.jpg","jetpack_sharing_enabled":true,"_links":{"self":[{"href":"http:\/\/www.eloriente.net\/home\/wp-json\/wp\/v2\/posts\/54189"}],"collection":[{"href":"http:\/\/www.eloriente.net\/home\/wp-json\/wp\/v2\/posts"}],"about":[{"href":"http:\/\/www.eloriente.net\/home\/wp-json\/wp\/v2\/types\/post"}],"author":[{"embeddable":true,"href":"http:\/\/www.eloriente.net\/home\/wp-json\/wp\/v2\/users\/1"}],"replies":[{"embeddable":true,"href":"http:\/\/www.eloriente.net\/home\/wp-json\/wp\/v2\/comments?post=54189"}],"version-history":[{"count":2,"href":"http:\/\/www.eloriente.net\/home\/wp-json\/wp\/v2\/posts\/54189\/revisions"}],"predecessor-version":[{"id":54191,"href":"http:\/\/www.eloriente.net\/home\/wp-json\/wp\/v2\/posts\/54189\/revisions\/54191"}],"wp:featuredmedia":[{"embeddable":true,"href":"http:\/\/www.eloriente.net\/home\/wp-json\/wp\/v2\/media\/37832"}],"wp:attachment":[{"href":"http:\/\/www.eloriente.net\/home\/wp-json\/wp\/v2\/media?parent=54189"}],"wp:term":[{"taxonomy":"category","embeddable":true,"href":"http:\/\/www.eloriente.net\/home\/wp-json\/wp\/v2\/categories?post=54189"},{"taxonomy":"post_tag","embeddable":true,"href":"http:\/\/www.eloriente.net\/home\/wp-json\/wp\/v2\/tags?post=54189"}],"curies":[{"name":"wp","href":"https:\/\/api.w.org\/{rel}","templated":true}]}}