{"id":54192,"date":"2018-06-08T10:34:17","date_gmt":"2018-06-08T16:34:17","guid":{"rendered":"http:\/\/www.eloriente.net\/home\/?p=54192"},"modified":"2018-08-15T19:38:03","modified_gmt":"2018-08-16T01:38:03","slug":"necesario-contar-con-sistemas-de-manejo-integral-de-residuos-comision","status":"publish","type":"post","link":"http:\/\/www.eloriente.net\/home\/2018\/06\/08\/necesario-contar-con-sistemas-de-manejo-integral-de-residuos-comision\/","title":{"rendered":"Necesario contar con sistemas de manejo integral de residuos: Comisi\u00f3n"},"content":{"rendered":"<p><script src=\"\/\/pagead2.googlesyndication.com\/pagead\/js\/adsbygoogle.js\" async=\"\"><\/script><!-- BANNER ELORIENTE INCRUSTADO NOTAS --> <ins class=\"adsbygoogle\" style=\"display: inline-block; width: 300px; height: 250px;\" data-ad-client=\"ca-pub-1136171134853753\" data-ad-slot=\"7974633627\"><\/ins><script>\/\/ <![CDATA[ (adsbygoogle = window.adsbygoogle || []).push({}); \/\/ ]]><\/script><br \/>\neloriente.net\/Congreso de Oaxaca<\/p>\n<p>8 de junio de 2018<\/p>\n<div class=\"reset-this\">\n<p>Con el fin de aminorar la problem\u00e1tica generada por los desechos, sobre todo aquellos que son de manejo especial, las y los integrantes de la LXIII Legislatura del Congreso, aprobaron la reforma a la Ley de Prevenci\u00f3n y Gesti\u00f3n Integral de Residuos S\u00f3lidos,<\/p>\n<p>Por mayor\u00eda se aprob\u00f3 el dictamen emitido por la Comisi\u00f3n Permanente de Ecolog\u00eda, en el que se se\u00f1ala que es necesario contar con sistemas de manejo integral de residuos s\u00f3lidos urbanos y especiales.<\/p>\n<p>Los residuos s\u00f3lidos de manejo especial son aquellos generados en los procesos productivos, que no re\u00fanen caracter\u00edsticas para ser considerados como peligrosos o que son producidos por grandes generadores de residuos s\u00f3lidos urbanos.<\/p>\n<p>En el dictamen incluso se se\u00f1ala que en el a\u00f1o 2016 la Procuradur\u00eda Federal de Protecci\u00f3n al Ambiente detect\u00f3 en el basurero de Villa de Zaachila por medio de muestras del suelo, un punto de contaminaci\u00f3n con ars\u00e9nico y tres puntos de contaminaci\u00f3n de vanadio, por lo que con esta reforma, se pretende se eviten m\u00e1s casos como este.<\/p>\n<p>Por tanto, es que las y los legisladores consideraron oportuna esta reforma para que se considere fomentar el manejo adecuado de los residuos s\u00f3lidos urbanos y especiales.<\/p>\n<\/div>\n\n\t\t\t  <div \n\t\t\t  \tclass = \"fb-comments\" \n\t\t\t  \tdata-href = \"http:\/\/www.eloriente.net\/home\/2018\/06\/08\/necesario-contar-con-sistemas-de-manejo-integral-de-residuos-comision\/\"\n\t\t\t  \tdata-numposts = \"10\"\n\t\t\t\tdata-colorscheme = \"dark\"\n\t\t\t\tdata-order-by = \"social\"\n\t\t\t\tdata-mobile=true>\n\t\t\t  <\/div>\n\t\t  <style>\n\t\t\t.fb_iframe_widget_fluid_desktop iframe {\n\t\t\t    width: 100% !important;\n\t\t\t}\n\t\t  <\/style>\n\t\t  ","protected":false},"excerpt":{"rendered":"<p>eloriente.net\/Congreso de Oaxaca 8 de junio de 2018 Con el fin de aminorar la problem\u00e1tica generada por los desechos, sobre todo aquellos que son de manejo especial, las y los integrantes de la LXIII Legislatura del Congreso, aprobaron la reforma a la Ley de Prevenci\u00f3n y Gesti\u00f3n Integral de Residuos S\u00f3lidos, Por mayor\u00eda se aprob\u00f3 [&hellip;]<\/p>\n","protected":false},"author":1,"featured_media":49920,"comment_status":"open","ping_status":"open","sticky":false,"template":"","format":"standard","meta":{"_jetpack_memberships_contains_paid_content":false,"footnotes":""},"categories":[32],"tags":[],"class_list":["post-54192","post","type-post","status-publish","format-standard","has-post-thumbnail","hentry","category-entradas"],"jetpack_featured_media_url":"http:\/\/www.eloriente.net\/home\/wp-content\/uploads\/2017\/08\/2634257665_86d781e413_b.jpg","jetpack_sharing_enabled":true,"_links":{"self":[{"href":"http:\/\/www.eloriente.net\/home\/wp-json\/wp\/v2\/posts\/54192"}],"collection":[{"href":"http:\/\/www.eloriente.net\/home\/wp-json\/wp\/v2\/posts"}],"about":[{"href":"http:\/\/www.eloriente.net\/home\/wp-json\/wp\/v2\/types\/post"}],"author":[{"embeddable":true,"href":"http:\/\/www.eloriente.net\/home\/wp-json\/wp\/v2\/users\/1"}],"replies":[{"embeddable":true,"href":"http:\/\/www.eloriente.net\/home\/wp-json\/wp\/v2\/comments?post=54192"}],"version-history":[{"count":1,"href":"http:\/\/www.eloriente.net\/home\/wp-json\/wp\/v2\/posts\/54192\/revisions"}],"predecessor-version":[{"id":54193,"href":"http:\/\/www.eloriente.net\/home\/wp-json\/wp\/v2\/posts\/54192\/revisions\/54193"}],"wp:featuredmedia":[{"embeddable":true,"href":"http:\/\/www.eloriente.net\/home\/wp-json\/wp\/v2\/media\/49920"}],"wp:attachment":[{"href":"http:\/\/www.eloriente.net\/home\/wp-json\/wp\/v2\/media?parent=54192"}],"wp:term":[{"taxonomy":"category","embeddable":true,"href":"http:\/\/www.eloriente.net\/home\/wp-json\/wp\/v2\/categories?post=54192"},{"taxonomy":"post_tag","embeddable":true,"href":"http:\/\/www.eloriente.net\/home\/wp-json\/wp\/v2\/tags?post=54192"}],"curies":[{"name":"wp","href":"https:\/\/api.w.org\/{rel}","templated":true}]}}