{"id":54202,"date":"2018-08-16T07:14:35","date_gmt":"2018-08-16T13:14:35","guid":{"rendered":"http:\/\/www.eloriente.net\/home\/?p=54202"},"modified":"2018-08-16T16:54:52","modified_gmt":"2018-08-16T22:54:52","slug":"videocolumna-sirena-por-mariana-aragon","status":"publish","type":"post","link":"http:\/\/www.eloriente.net\/home\/2018\/08\/16\/videocolumna-sirena-por-mariana-aragon\/","title":{"rendered":"VIDEOCOLUMNA: Sirena, por Mariana Arag\u00f3n."},"content":{"rendered":"<p style=\"text-align: right;\">VIDEOCOLUMNA: Sirena, por Mariana Arag\u00f3n.<\/p>\n<p><script src=\"\/\/pagead2.googlesyndication.com\/pagead\/js\/adsbygoogle.js\" async=\"\"><\/script><!-- BANNER ELORIENTE INCRUSTADO NOTAS --> <ins class=\"adsbygoogle\" style=\"display: inline-block; width: 300px; height: 250px;\" data-ad-client=\"ca-pub-1136171134853753\" data-ad-slot=\"7974633627\"><\/ins><script>\/\/ <![CDATA[ (adsbygoogle = window.adsbygoogle || []).push({}); \/\/ ]]><\/script><\/p>\n<p>&nbsp;<\/p>\n<p>(www.eloriente.net, M\u00e9xico, 14 de agosto de 2018, por: Luis Alberto Osorio).-\u00a0El verano est\u00e1 terminando, pero todav\u00eda nos quedan unos d\u00edas para ir a la playa o a la monta\u00f1a a disfrutar la vida, que para eso trabajamos, \u00bfo no? Bueno, eso si no somos mujeres viajando solas, \u00bfverdad? La violencia contra las mujeres est\u00e1 limitando sus libertades, y encima la l\u00f3gica de muchas personas sigue siendo culpar a las v\u00edctimas.<\/p>\n<p>Esta semana Mariana Arag\u00f3n nos comparte su percepci\u00f3n del caso de la joven Mar Trinidad Matus, asesinada brutalmente en Punta Arenas, Costa Rica y de la violencia que millones de mujeres viven todos los d\u00edas.<\/p>\n<p>VIDEOCOLUMNA en\u00a0<a href=\"http:\/\/eloriente.net\/\" target=\"_blank\" rel=\"noopener nofollow\" data-ft=\"{&quot;tn&quot;:&quot;-U&quot;}\" data-lynx-mode=\"asynclazy\" data-lynx-uri=\"https:\/\/l.facebook.com\/l.php?u=http%3A%2F%2FELORIENTE.NET%2F&amp;h=AT2UvWm3Je_E_OgxxwLqvNj1D0hYNfWiPGIcHTAEttAn5WqzzgzLaIbfLCIPWd6ozb5qOoQJzEcLWQsLnjC-sth4mvG0IsxuF4YS6B1DOZeLQaRxUaFTETdIezv9qkIKyvBIKeXUivVZ-TGeS_-io79MFGZHlrw\">ELORIENTE.NET<\/a>, la p\u00e1gina de internet de calidad en Todo\u00a0<a class=\"_58cn\" href=\"https:\/\/www.facebook.com\/hashtag\/oaxaca?source=feed_text\" data-ft=\"{&quot;tn&quot;:&quot;*N&quot;,&quot;type&quot;:104}\"><span class=\"_5afx\"><span class=\"_58cl _5afz\" aria-label=\"hashtag\">#<\/span><span class=\"_58cm\">Oaxaca<\/span><\/span><\/a>.<\/p>\n<p>&nbsp;<\/p>\n<p><iframe loading=\"lazy\" style=\"border: none; overflow: hidden;\" src=\"https:\/\/www.facebook.com\/plugins\/video.php?href=https%3A%2F%2Fwww.facebook.com%2F443535572345554%2Fvideos%2F2160353964253916%2F&amp;show_text=0&amp;width=560\" width=\"560\" height=\"315\" frameborder=\"0\" scrolling=\"no\" allowfullscreen=\"allowfullscreen\"><\/iframe><\/p>\n<p>&nbsp;<\/p>\n<p><script async src=\"\/\/\"><\/script><br \/>\n<ins class=\"adsbygoogle\" style=\"display: block; text-align: center;\" data-ad-layout=\"in-article\" data-ad-format=\"fluid\" data-ad-client=\"ca-pub-1136171134853753\" data-ad-slot=\"8578966557\"><\/ins><br \/>\n<script>\n     (adsbygoogle = window.adsbygoogle || []).push({});\n<\/script><\/p>\n<p>&nbsp;<\/p>\n<h3>Mariana Arag\u00f3n Mijangos<\/h3>\n<p>es Directora de PROYECTA, estrategias de Comunicaci\u00f3n Pol\u00edtica. Adem\u00e1s es articulista y tallerista.<\/p>\n<figure id=\"attachment_54203\" aria-describedby=\"caption-attachment-54203\" style=\"width: 551px\" class=\"wp-caption alignnone\"><a href=\"http:\/\/www.eloriente.net\/home\/wp-content\/uploads\/2018\/08\/Mariana.jpg\"><img loading=\"lazy\" decoding=\"async\" class=\" wp-image-54203\" src=\"http:\/\/www.eloriente.net\/home\/wp-content\/uploads\/2018\/08\/Mariana-1024x576.jpg\" alt=\"\" width=\"551\" height=\"310\" srcset=\"http:\/\/www.eloriente.net\/home\/wp-content\/uploads\/2018\/08\/Mariana-1024x576.jpg 1024w, http:\/\/www.eloriente.net\/home\/wp-content\/uploads\/2018\/08\/Mariana-300x169.jpg 300w, http:\/\/www.eloriente.net\/home\/wp-content\/uploads\/2018\/08\/Mariana-768x432.jpg 768w, http:\/\/www.eloriente.net\/home\/wp-content\/uploads\/2018\/08\/Mariana.jpg 1920w\" sizes=\"(max-width: 551px) 100vw, 551px\" \/><\/a><figcaption id=\"caption-attachment-54203\" class=\"wp-caption-text\">Mariana Arag\u00f3n, videocolumnista. Foto: eloriente.net<\/figcaption><\/figure>\n<p>&nbsp;<\/p>\n<p><script async src=\"\/\/\"><\/script><br \/>\n<ins class=\"adsbygoogle\" style=\"display: block;\" data-ad-format=\"autorelaxed\" data-ad-client=\"ca-pub-1136171134853753\" data-ad-slot=\"4595267748\"><\/ins><br \/>\n<script>\n     (adsbygoogle = window.adsbygoogle || []).push({});\n<\/script><\/p>\n<p>&nbsp;<\/p>\n\n\t\t\t  <div \n\t\t\t  \tclass = \"fb-comments\" \n\t\t\t  \tdata-href = \"http:\/\/www.eloriente.net\/home\/2018\/08\/16\/videocolumna-sirena-por-mariana-aragon\/\"\n\t\t\t  \tdata-numposts = \"10\"\n\t\t\t\tdata-colorscheme = \"dark\"\n\t\t\t\tdata-order-by = \"social\"\n\t\t\t\tdata-mobile=true>\n\t\t\t  <\/div>\n\t\t  <style>\n\t\t\t.fb_iframe_widget_fluid_desktop iframe {\n\t\t\t    width: 100% !important;\n\t\t\t}\n\t\t  <\/style>\n\t\t  ","protected":false},"excerpt":{"rendered":"<p>VIDEOCOLUMNA: Sirena, por Mariana Arag\u00f3n. &nbsp; (www.eloriente.net, M\u00e9xico, 14 de agosto de 2018, por: Luis Alberto Osorio).-\u00a0El verano est\u00e1 terminando, pero todav\u00eda nos quedan unos d\u00edas para ir a la playa o a la monta\u00f1a a disfrutar la vida, que para eso trabajamos, \u00bfo no? Bueno, eso si no somos mujeres viajando solas, \u00bfverdad? La [&hellip;]<\/p>\n","protected":false},"author":48,"featured_media":54210,"comment_status":"open","ping_status":"open","sticky":false,"template":"","format":"standard","meta":{"_jetpack_memberships_contains_paid_content":false,"footnotes":""},"categories":[22,32,10,8746,24,31,98],"tags":[8982,7164,3952,9599,8747,9598,6224,5005],"class_list":["post-54202","post","type-post","status-publish","format-standard","has-post-thumbnail","hentry","category-derechos-humanos","category-entradas","category-lo-mas-reciente","category-mariana-aragon-mijangos","category-mexico-y-el-mundo","category-principal","category-videoblogs","tag-columnas-el-oriente","tag-columnistas-el-oriente","tag-derechos-de-las-mujeres","tag-mar-trinidad-matus","tag-mariana-aragon-mijangos","tag-sirena","tag-videocolumna","tag-violencia-de-genero"],"jetpack_featured_media_url":"http:\/\/www.eloriente.net\/home\/wp-content\/uploads\/2018\/08\/Mariana-1.jpg","jetpack_sharing_enabled":true,"_links":{"self":[{"href":"http:\/\/www.eloriente.net\/home\/wp-json\/wp\/v2\/posts\/54202"}],"collection":[{"href":"http:\/\/www.eloriente.net\/home\/wp-json\/wp\/v2\/posts"}],"about":[{"href":"http:\/\/www.eloriente.net\/home\/wp-json\/wp\/v2\/types\/post"}],"author":[{"embeddable":true,"href":"http:\/\/www.eloriente.net\/home\/wp-json\/wp\/v2\/users\/48"}],"replies":[{"embeddable":true,"href":"http:\/\/www.eloriente.net\/home\/wp-json\/wp\/v2\/comments?post=54202"}],"version-history":[{"count":5,"href":"http:\/\/www.eloriente.net\/home\/wp-json\/wp\/v2\/posts\/54202\/revisions"}],"predecessor-version":[{"id":54214,"href":"http:\/\/www.eloriente.net\/home\/wp-json\/wp\/v2\/posts\/54202\/revisions\/54214"}],"wp:featuredmedia":[{"embeddable":true,"href":"http:\/\/www.eloriente.net\/home\/wp-json\/wp\/v2\/media\/54210"}],"wp:attachment":[{"href":"http:\/\/www.eloriente.net\/home\/wp-json\/wp\/v2\/media?parent=54202"}],"wp:term":[{"taxonomy":"category","embeddable":true,"href":"http:\/\/www.eloriente.net\/home\/wp-json\/wp\/v2\/categories?post=54202"},{"taxonomy":"post_tag","embeddable":true,"href":"http:\/\/www.eloriente.net\/home\/wp-json\/wp\/v2\/tags?post=54202"}],"curies":[{"name":"wp","href":"https:\/\/api.w.org\/{rel}","templated":true}]}}