{"id":54380,"date":"2018-09-04T09:45:47","date_gmt":"2018-09-04T15:45:47","guid":{"rendered":"http:\/\/www.eloriente.net\/home\/?p=54380"},"modified":"2018-09-04T09:55:26","modified_gmt":"2018-09-04T15:55:26","slug":"ida-vitale-sobre-como-escribir","status":"publish","type":"post","link":"http:\/\/www.eloriente.net\/home\/2018\/09\/04\/ida-vitale-sobre-como-escribir\/","title":{"rendered":"Ida Vitale: Sobre c\u00f3mo escribir"},"content":{"rendered":"<p><script src=\"\/\/pagead2.googlesyndication.com\/pagead\/js\/adsbygoogle.js\" async=\"\"><\/script><!-- BANNER ELORIENTE INCRUSTADO NOTAS --> <ins class=\"adsbygoogle\" style=\"display: inline-block; width: 300px; height: 250px;\" data-ad-client=\"ca-pub-1136171134853753\" data-ad-slot=\"7974633627\"><\/ins><script>\/\/ <![CDATA[ (adsbygoogle = window.adsbygoogle || []).push({}); \/\/ ]]><\/script><\/p>\n<div class=\"et_pb_text et_pb_module et_pb_bg_layout_light et_pb_text_align_left et_pb_text_1\">\n<div class=\"et_pb_text_inner\">\n<p>Ciudad de M\u00e9xico (<a href=\"http:\/\/noticias.canal22.org.mx\/\">N22\/Redacci\u00f3<\/a>n).- En 2005, Huemanzin Rodr\u00edguez entrevist\u00f3 a Ida Vitale. Entre muchos temas tratados, recuperamos las palabras de la escritora sobre la labor del poeta y la escritura, a prop\u00f3sito de que este lunes se le reconoci\u00f3 en el Premio FIL de Literatura en Lenguas Romances.<\/p>\n<p>Ida Vitale, parte de la generaci\u00f3n del 45 a la que tambi\u00e9n pertenecieron Benedetti o Idea Vilari\u00f1o a quien Leila Guerriero le hiciera un perfil titulado \u201cYa no ser\u00e1 ya no\u201d, publicado en la revista colombiana El Malpensante, ha llevado una vida marcada por la pureza del lenguaje y el exilio. Nacida en 1923 en Montevideo, dej\u00f3 Uruguay en 1974 con destino a M\u00e9xico donde permaneci\u00f3 por once a\u00f1os, tiempo del que guarda gratos recuerdos seg\u00fan lo declarado esta ma\u00f1ana en conferencia de prensa. Luego se instal\u00f3 en Austin donde fij\u00f3 su residencia. Enfocada en una b\u00fasqueda incansable por la precisi\u00f3n, en una visita que hizo a Madrid en 2013, declar\u00f3 ser \u201cpoeta por pereza y por irresponsabilidad\u201d porque \u201cla novela exige una concentraci\u00f3n distinta\u201d y porque \u201cla poes\u00eda nace de otra manera [\u2026] me gusta su inmediatez.\u201d<\/p>\n<h3><strong>Sobre la labor del poeta<\/strong><\/h3>\n<p>La realidad es que el poeta cuando escribe, incluso una realidad terrible, en el fondo es feliz. Si est\u00e1 conforme con lo que est\u00e1 escribiendo hay un m\u00ednimo momento en que hay una satisfacci\u00f3n, pero eso no alcanza. Pero tampoco podemos hacer mucho como como individuos o ciudadanos. Creo que esa no es la funci\u00f3n de la poes\u00eda o la literatura, no es convencer si el mundo es bueno o malo. Simplemente es decir: Ah\u00ed est\u00e1 el mundo, yo lo veo as\u00ed. A m\u00ed me parece que est\u00e1 muy mal, por ejemplo y voy a tratar de que usted vea tanto como yo que el mundo est\u00e1 mal, y pensemos juntos qu\u00e9 podemos hacer para que el mundo no est\u00e9 tan mal.<\/p>\n<\/div>\n<\/div>\n<p><script async src=\"\/\/\"><\/script><br \/>\n<ins class=\"adsbygoogle\" style=\"display: block; text-align: center;\" data-ad-layout=\"in-article\" data-ad-format=\"fluid\" data-ad-client=\"ca-pub-1136171134853753\" data-ad-slot=\"8578966557\"><\/ins><br \/>\n<script>\n     (adsbygoogle = window.adsbygoogle || []).push({});\n<\/script><\/p>\n<div class=\"et_pb_text et_pb_module et_pb_bg_layout_light et_pb_text_align_left et_pb_text_2\">\n<div class=\"et_pb_text_inner\">\n<h3><strong>Sobre c\u00f3mo escribir<\/strong><\/h3>\n<p>Borges dec\u00eda que nunca se deja de escribir un poema porque nunca est\u00e1 perfecto, nunca puede uno estar satisfecho. A veces uno deja de escribir en el poema o de volver sobre el poema, ni siquiera por pereza sino por el sentido de inutilidad. Es dif\u00edcil que alguien se satisfaga no con una perfecci\u00f3n eterna, sino con las condiciones que uno mismo se pone.<\/p>\n<p>Juan Ram\u00f3n Jim\u00e9nez daba un consejo: que los poemas hab\u00eda que dejarlos dormir en un caj\u00f3n y que s\u00f3lo se deb\u00eda volver a ellos cuando se nos hab\u00edan olvidado, es decir, cuando fueran como de otro. Entonces uno puede aplicar el bistur\u00ed como lo aplicar\u00eda en algo que no tiene que ver con uno. Eso es f\u00e1cil en mi caso porque al otro d\u00eda de que hago un poema no me acuerdo nada. En general yo los escribo y los dejo. Y digo, \u201cbueno, s\u00ed, esto hay que completarlo, bueno, s\u00ed, aqu\u00ed sobra\u2026\u201d, uno lo ve como de otro.<\/p>\n<p>Hay un escritor muy poco conocido, un chileno, Jos\u00e9 Santos Gonz\u00e1lez Vera, ni siquiera dir\u00eda yo que es un novelista, es un narrador de memorias, ha escrito relatos, retratos de Gabriela Mistral y sus compa\u00f1eros de generaci\u00f3n. \u00c9l ten\u00eda un libro, una segunda edici\u00f3n de un libro que dec\u00eda: Edici\u00f3n corregida y disminuida. Esto es as\u00ed, aunque no se ponga eso es lo que uno tiene que hacer.<\/p>\n<p><em>Con informaci\u00f3n de Huemanzin Rodr\u00edguez<\/em><\/p>\n<\/div>\n<\/div>\n<h3>Recursos Adicionales:<\/h3>\n<p><iframe loading=\"lazy\" src=\"https:\/\/www.youtube.com\/embed\/yiRyat0JyUg\" width=\"450\" height=\"315\" frameborder=\"0\" allowfullscreen=\"allowfullscreen\"><\/iframe><\/p>\n<p><iframe loading=\"lazy\" src=\"https:\/\/www.youtube.com\/embed\/PrQB_ylnf5E\" width=\"450\" height=\"315\" frameborder=\"0\" allowfullscreen=\"allowfullscreen\"><span data-mce-type=\"bookmark\" style=\"display: inline-block; width: 0px; overflow: hidden; line-height: 0;\" class=\"mce_SELRES_start\">\ufeff<\/span><\/iframe><\/p>\n<div class=\"et_pb_text et_pb_module et_pb_bg_layout_light et_pb_text_align_left et_pb_text_2\">\n<p><script async src=\"\/\/\"><\/script><\/p>\n<p><script>\n     (adsbygoogle = window.adsbygoogle || []).push({});\n<\/script><\/p>\n<\/div>\n\n\t\t\t  <div \n\t\t\t  \tclass = \"fb-comments\" \n\t\t\t  \tdata-href = \"http:\/\/www.eloriente.net\/home\/2018\/09\/04\/ida-vitale-sobre-como-escribir\/\"\n\t\t\t  \tdata-numposts = \"10\"\n\t\t\t\tdata-colorscheme = \"dark\"\n\t\t\t\tdata-order-by = \"social\"\n\t\t\t\tdata-mobile=true>\n\t\t\t  <\/div>\n\t\t  <style>\n\t\t\t.fb_iframe_widget_fluid_desktop iframe {\n\t\t\t    width: 100% !important;\n\t\t\t}\n\t\t  <\/style>\n\t\t  ","protected":false},"excerpt":{"rendered":"<p>Ciudad de M\u00e9xico (N22\/Redacci\u00f3n).- En 2005, Huemanzin Rodr\u00edguez entrevist\u00f3 a Ida Vitale. Entre muchos temas tratados, recuperamos las palabras de la escritora sobre la labor del poeta y la escritura, a prop\u00f3sito de que este lunes se le reconoci\u00f3 en el Premio FIL de Literatura en Lenguas Romances. Ida Vitale, parte de la generaci\u00f3n del [&hellip;]<\/p>\n","protected":false},"author":1,"featured_media":37158,"comment_status":"open","ping_status":"open","sticky":false,"template":"","format":"standard","meta":{"_jetpack_memberships_contains_paid_content":false,"footnotes":""},"categories":[624,1588,18,32,3153,10,24],"tags":[391,9638,3633,4228],"class_list":["post-54380","post","type-post","status-publish","format-standard","has-post-thumbnail","hentry","category-articulistas","category-comunicados-y-boletines","category-educacion-y-cultura","category-entradas","category-letras-educacion-y-cultura","category-lo-mas-reciente","category-mexico-y-el-mundo","tag-escritores","tag-escritores-america","tag-ida-vitale","tag-premio-fil"],"jetpack_featured_media_url":"http:\/\/www.eloriente.net\/home\/wp-content\/uploads\/2015\/05\/Ida-Vitale-Foto-AgenciaN22-e1553198357929.jpg","jetpack_sharing_enabled":true,"_links":{"self":[{"href":"http:\/\/www.eloriente.net\/home\/wp-json\/wp\/v2\/posts\/54380"}],"collection":[{"href":"http:\/\/www.eloriente.net\/home\/wp-json\/wp\/v2\/posts"}],"about":[{"href":"http:\/\/www.eloriente.net\/home\/wp-json\/wp\/v2\/types\/post"}],"author":[{"embeddable":true,"href":"http:\/\/www.eloriente.net\/home\/wp-json\/wp\/v2\/users\/1"}],"replies":[{"embeddable":true,"href":"http:\/\/www.eloriente.net\/home\/wp-json\/wp\/v2\/comments?post=54380"}],"version-history":[{"count":3,"href":"http:\/\/www.eloriente.net\/home\/wp-json\/wp\/v2\/posts\/54380\/revisions"}],"predecessor-version":[{"id":54383,"href":"http:\/\/www.eloriente.net\/home\/wp-json\/wp\/v2\/posts\/54380\/revisions\/54383"}],"wp:featuredmedia":[{"embeddable":true,"href":"http:\/\/www.eloriente.net\/home\/wp-json\/wp\/v2\/media\/37158"}],"wp:attachment":[{"href":"http:\/\/www.eloriente.net\/home\/wp-json\/wp\/v2\/media?parent=54380"}],"wp:term":[{"taxonomy":"category","embeddable":true,"href":"http:\/\/www.eloriente.net\/home\/wp-json\/wp\/v2\/categories?post=54380"},{"taxonomy":"post_tag","embeddable":true,"href":"http:\/\/www.eloriente.net\/home\/wp-json\/wp\/v2\/tags?post=54380"}],"curies":[{"name":"wp","href":"https:\/\/api.w.org\/{rel}","templated":true}]}}