{"id":54541,"date":"2018-09-22T08:29:58","date_gmt":"2018-09-22T14:29:58","guid":{"rendered":"http:\/\/www.eloriente.net\/home\/?p=54541"},"modified":"2018-09-22T08:29:58","modified_gmt":"2018-09-22T14:29:58","slug":"juan-jose-arreola-imagenes-ineditas-fce","status":"publish","type":"post","link":"http:\/\/www.eloriente.net\/home\/2018\/09\/22\/juan-jose-arreola-imagenes-ineditas-fce\/","title":{"rendered":"Juan Jos\u00e9 Arreola, im\u00e1genes in\u00e9ditas: FCE"},"content":{"rendered":"<p><script src=\"\/\/pagead2googlesyndication.com\/pagead\/js\/adsbygoogle.js\" async=\"\"><\/script><!-- BANNER ELORIENTE INCRUSTADO NOTAS --> <ins class=\"adsbygoogle\" style=\"display: inline-block; width: 300px; height: 250px;\" data-ad-client=\"ca-pub-1136171134853753\" data-ad-slot=\"7974633627\"><\/ins><script>\/\/ <![CDATA[ (adsbygoogle = window.adsbygoogle || []).push({}); \/\/ ]]><\/script><\/p>\n<h4 style=\"text-align: right;\"><em>Se cumplen cien a\u00f1os del nacimiento de esta figura seminal de la cultura mexicana del siglo XX. <\/em><\/h4>\n<p>&nbsp;<\/p>\n<p>(www.eloriente.net, M\u00e9xico, a 22 de septiembre de 2018, por <a href=\"http:\/\/noticias.canal22.org.mx\">N22<\/a>\/Karen Rivera).-\u00a0<strong>Im\u00e1genes en las que se puede observar a <a href=\"http:\/\/www.eloriente.net\/home\/2014\/09\/21\/aniversario-juan-jose-arreola-material-de-lectura-y-videos\/\">Juan Jos\u00e9 Arreola<\/a><\/strong> en su bicimoto por las Calles de Zapotl\u00e1n el Grande, en 1980; o vendiendo sandalias colimenses de puerta en puerta, cuando estudiaba en la Escuela de Teatro de Bellas Artes, en 1937; o en su primer encuentro con Jorge Luis Borges, en 1966, <strong>integran la muestra que lleva el nombre del escritor mexicano y que exhibe la librer\u00eda Rosario Castellanos del<\/strong> <strong>Fondo de Cultura Econ\u00f3mica<\/strong> (FCE).<\/p>\n<article id=\"post-35872\" class=\"post-35872 post type-post status-publish format-standard has-post-thumbnail hentry category-literatura tag-alonso-arreola tag-fondo-de-cultura-economica tag-juan-jose-arreola\">\n<div class=\"entry-content\">\n<p>\u201cEra un tipo valiente, digamos que no solamente ten\u00eda gustos y pasiones sino que se involucraba con valor hasta el fondo, y eso es mucho de lo que se muestra en estas fotograf\u00edas, su faceta actoral, sus intereses en torno a manualidades, en fin, era un individuo que era activo pero adem\u00e1s se hac\u00eda cargo de manera muy particular de sus pasiones, en ese sentido la exposici\u00f3n aunque es peque\u00f1a es muy puntual\u201d, dice el m\u00fasico <strong>Alonso Arreola, su nieto.<\/strong><\/p>\n<p>\u201cEl valor espec\u00edfico de esta muestra en torno a mi abuelo tiene que ver no s\u00f3lo con su cercan\u00eda y con la importancia de su relaci\u00f3n con el Fondo, sino tambi\u00e9n con<strong> los libros que est\u00e1 por sacar el mismo Fondo<\/strong>, tienen mucho material in\u00e9dito.\u201d<\/p>\n<figure id=\"attachment_54542\" aria-describedby=\"caption-attachment-54542\" style=\"width: 550px\" class=\"wp-caption alignnone\"><a href=\"http:\/\/www.eloriente.net\/home\/wp-content\/uploads\/2018\/09\/Arreola-1.jpg\"><img loading=\"lazy\" decoding=\"async\" class=\" wp-image-54542\" src=\"http:\/\/www.eloriente.net\/home\/wp-content\/uploads\/2018\/09\/Arreola-1.jpg\" alt=\"\" width=\"550\" height=\"342\" srcset=\"http:\/\/www.eloriente.net\/home\/wp-content\/uploads\/2018\/09\/Arreola-1.jpg 958w, http:\/\/www.eloriente.net\/home\/wp-content\/uploads\/2018\/09\/Arreola-1-300x187.jpg 300w, http:\/\/www.eloriente.net\/home\/wp-content\/uploads\/2018\/09\/Arreola-1-768x478.jpg 768w\" sizes=\"(max-width: 550px) 100vw, 550px\" \/><\/a><figcaption id=\"caption-attachment-54542\" class=\"wp-caption-text\">Juan Jos\u00e9 Arreola, foto: N22<\/figcaption><\/figure>\n<p><script async src=\"\/\/pagead2.googlesyndication.com\/pagead\/js\/adsbygoogle.js\"><\/script> <ins class=\"adsbygoogle\" style=\"display: block; text-align: center;\" data-ad-layout=\"in-article\" data-ad-format=\"fluid\" data-ad-client=\"ca-pub-1136171134853753\" data-ad-slot=\"7980763077\"><\/ins> <script> (adsbygoogle = window.adsbygoogle || []).push({}); <\/script><\/p>\n<p><i>Perdido voy en busca de m\u00ed mismo. Poemas y acuarelas; Juan Jos\u00e9 Arreola. Iconograf\u00eda;\u00a0<\/i>y <strong>una nueva edici\u00f3n<\/strong> de\u00a0<i>Estas p\u00e1ginas m\u00edas\u00a0<\/i>son los t\u00edtulos que pr\u00f3ximamente publicar\u00e1 el Fondo de Cultura Econ\u00f3mica, como parte de la conmemoraci\u00f3n del centenario del natalicio, de quien fuera traductor y corrector de pruebas de esta casa editorial durante la primera mitad del Siglo XX.<\/p>\n<p>\u201cEn esta exposici\u00f3n indudablemente <strong>hay una serie de fotograf\u00edas que son in\u00e9ditas y que s\u00f3lo saldr\u00e1n en la pr\u00f3xima edici\u00f3n de la iconograf\u00eda.<\/strong> Digamos \u00a0que en este par de vol\u00famenes se cumple como un deseo que era no s\u00f3lo de la familia, sino de muchas otras personas para conocer m\u00e1s de su obra po\u00e9tica, de su obra pict\u00f3rica, a trav\u00e9s de las acuarelas y tambi\u00e9n de una iconograf\u00eda que se sospechaba nutrida y muy interesante, puesto que se trat\u00f3 de un hombre que fue sumamente inquieto y que estuvo en la radio, en la televisi\u00f3n, que daba clases, que se involucraba con el pimp\u00f3n, con el ajedrez y adem\u00e1s siempre desde el fondo de las cosas.\u201d<\/p>\n<p><script async src=\"\/\/pagead2.googlesyndication.com\/pagead\/js\/adsbygoogle.js\"><\/script><\/p>\n<p>&nbsp;<\/p>\n<p><script><\/p>\n<p>     (adsbygoogle = window.adsbygoogle || []).push({});<\/p>\n<p><\/script><\/p>\n<\/div>\n<\/article>\n\n\t\t\t  <div \n\t\t\t  \tclass = \"fb-comments\" \n\t\t\t  \tdata-href = \"http:\/\/www.eloriente.net\/home\/2018\/09\/22\/juan-jose-arreola-imagenes-ineditas-fce\/\"\n\t\t\t  \tdata-numposts = \"10\"\n\t\t\t\tdata-colorscheme = \"dark\"\n\t\t\t\tdata-order-by = \"social\"\n\t\t\t\tdata-mobile=true>\n\t\t\t  <\/div>\n\t\t  <style>\n\t\t\t.fb_iframe_widget_fluid_desktop iframe {\n\t\t\t    width: 100% !important;\n\t\t\t}\n\t\t  <\/style>\n\t\t  ","protected":false},"excerpt":{"rendered":"<p>Se cumplen cien a\u00f1os del nacimiento de esta figura seminal de la cultura mexicana del siglo XX. &nbsp; (www.eloriente.net, M\u00e9xico, a 22 de septiembre de 2018, por N22\/Karen Rivera).-\u00a0Im\u00e1genes en las que se puede observar a Juan Jos\u00e9 Arreola en su bicimoto por las Calles de Zapotl\u00e1n el Grande, en 1980; o vendiendo sandalias colimenses [&hellip;]<\/p>\n","protected":false},"author":48,"featured_media":54543,"comment_status":"open","ping_status":"open","sticky":false,"template":"","format":"standard","meta":{"_jetpack_memberships_contains_paid_content":false,"footnotes":""},"categories":[6,49,18,13,5297,3153,31],"tags":[6521,5070,9671],"class_list":["post-54541","post","type-post","status-publish","format-standard","has-post-thumbnail","hentry","category-canal-4-especiales","category-destacadas","category-educacion-y-cultura","category-especiales","category-historia","category-letras-educacion-y-cultura","category-principal","tag-fondo-de-cultura-economica","tag-juan-jose-arreola","tag-libreria-rosario-castellanos"],"jetpack_featured_media_url":"http:\/\/www.eloriente.net\/home\/wp-content\/uploads\/2018\/09\/Arreola-1-copia.jpg","jetpack_sharing_enabled":true,"_links":{"self":[{"href":"http:\/\/www.eloriente.net\/home\/wp-json\/wp\/v2\/posts\/54541"}],"collection":[{"href":"http:\/\/www.eloriente.net\/home\/wp-json\/wp\/v2\/posts"}],"about":[{"href":"http:\/\/www.eloriente.net\/home\/wp-json\/wp\/v2\/types\/post"}],"author":[{"embeddable":true,"href":"http:\/\/www.eloriente.net\/home\/wp-json\/wp\/v2\/users\/48"}],"replies":[{"embeddable":true,"href":"http:\/\/www.eloriente.net\/home\/wp-json\/wp\/v2\/comments?post=54541"}],"version-history":[{"count":1,"href":"http:\/\/www.eloriente.net\/home\/wp-json\/wp\/v2\/posts\/54541\/revisions"}],"predecessor-version":[{"id":54544,"href":"http:\/\/www.eloriente.net\/home\/wp-json\/wp\/v2\/posts\/54541\/revisions\/54544"}],"wp:featuredmedia":[{"embeddable":true,"href":"http:\/\/www.eloriente.net\/home\/wp-json\/wp\/v2\/media\/54543"}],"wp:attachment":[{"href":"http:\/\/www.eloriente.net\/home\/wp-json\/wp\/v2\/media?parent=54541"}],"wp:term":[{"taxonomy":"category","embeddable":true,"href":"http:\/\/www.eloriente.net\/home\/wp-json\/wp\/v2\/categories?post=54541"},{"taxonomy":"post_tag","embeddable":true,"href":"http:\/\/www.eloriente.net\/home\/wp-json\/wp\/v2\/tags?post=54541"}],"curies":[{"name":"wp","href":"https:\/\/api.w.org\/{rel}","templated":true}]}}