{"id":54549,"date":"2018-09-23T06:01:06","date_gmt":"2018-09-23T12:01:06","guid":{"rendered":"http:\/\/www.eloriente.net\/home\/?p=54549"},"modified":"2018-09-24T09:08:06","modified_gmt":"2018-09-24T15:08:06","slug":"videocolumna-dia-mundial-del-turismo-por-juan-antonio-gomez","status":"publish","type":"post","link":"http:\/\/www.eloriente.net\/home\/2018\/09\/23\/videocolumna-dia-mundial-del-turismo-por-juan-antonio-gomez\/","title":{"rendered":"VIDEOCOLUMNA: D\u00eda Mundial del Turismo, por Juan Antonio G\u00f3mez"},"content":{"rendered":"<p><script src=\"\/\/pagead2googlesyndication.com\/pagead\/js\/adsbygoogle.js\" async=\"\"><\/script><!-- BANNER ELORIENTE INCRUSTADO NOTAS --> <ins class=\"adsbygoogle\" style=\"display: inline-block; width: 300px; height: 250px;\" data-ad-client=\"ca-pub-1136171134853753\" data-ad-slot=\"7974633627\"><\/ins><script>\/\/ <![CDATA[ (adsbygoogle = window.adsbygoogle || []).push({}); \/\/ ]]><\/script><\/p>\n<p>(www.eloriente.net, M\u00e9xico, a 22 de septiembre de 2018, por Luis Alberto Osorio Ochoa).- En el mes de septiembre de 1979, hace precisamente 39 a\u00f1os, en Torremolinos Espa\u00f1a, <strong>la Organizaci\u00f3n Mundial de Turismo<\/strong> en su plenaria, decidi\u00f3 instituir el <strong>D\u00eda Mundial del Turismo<\/strong>, a partir del siguiente a\u00f1o: 1980 todos los d\u00edas <strong>27 de septiembre<\/strong> se conmemora este importante acontecimiento. La declaratoria naci\u00f3 con el prop\u00f3sito y la urgente necesidad de profundizar en la sensibilizaci\u00f3n de la\u00a0 comunidad internacional respecto a la importancia del turismo y su valor social, cultural, pol\u00edtico\u00a0 y econ\u00f3mico.<\/p>\n<p>Debido a lo anterior el turismo d\u00eda\u00a0 a d\u00eda se ha transformado en uno de los sectores econ\u00f3micos con mayor importancia y visiblemente con m\u00e1s rapidez para el desarrollo sostenible en los \u00faltimos a\u00f1os. En estos t\u00e9rminos, la excelencia en la gesti\u00f3n efectiva de los destinos tur\u00edsticos, adquiere especial relevancia dentro de las estrategias y pol\u00edtica tur\u00edstica nacional, regional y local.<\/p>\n<p>Entendiendo que el turismo,es esa fuerza y fen\u00f3meno que nos une en el \u00e1mbito cultural, econ\u00f3mico y social, que\u00a0 impacta en todos los sectores de la sociedad en la comunidad local de un destino tur\u00edstico, es reconocido universalmente, porque facilita y pone en contacto a personas de formaci\u00f3n y niveles de vida tan diferentes, estrechando sus relaciones, anulando arrogancias, siendo nuestros turistas y visitantes,\u00a0 esos embajadores de la cultura de su pa\u00eds qui\u00e9n a su vez asimilan la cultura con la cual se pone en contacto en nuestro territorio; el turismo complementa por siempre los m\u00e1s elevados objetivos de paz y cooperaci\u00f3n entre los habitantes quienes de forma directa o indirecta se ven impactados por esta apasionante actividad econ\u00f3mica y los compromete para servir y apoyar con los esfuerzos tendientes para conseguir su integraci\u00f3n y lograr las metas econ\u00f3micas que refrenda, m\u00e1s turistas, m\u00e1s derrama, m\u00e1s estancias prolongadas y un desarrollo \u00f3ptimo para el destino.<\/p>\n<p>Posterior a su institucionalizaci\u00f3n del 27 de septiembre, la <strong>Organizaci\u00f3n de las Naciones Unidas<\/strong> intent\u00f3 contribuir a afrontar los retos mundiales se\u00f1alados en los Objetivos\u00a0para el Milenio, e incidir en la contribuci\u00f3n que puede aportar el sector tur\u00edstico para alcanzar estos objetivos.<span class=\"ydp70008624apple-converted-space\">\u00a0<\/span>La Declaraci\u00f3n del Milenio fue aprobada por 189 pa\u00edses y firmada por 147 jefes de estado y de gobierno celebrada en septiembre del a\u00f1o 2000.<\/p>\n<p>Esta Semana <strong>Juan Antonio G\u00f3mez C\u00e1rdenas<\/strong>, nos presenta el origen y los objetivos de este importante acontecimiento.<\/p>\n<p><iframe loading=\"lazy\" src=\"https:\/\/www.youtube.com\/embed\/QuIySW2N7k0\" width=\"560\" height=\"315\" frameborder=\"0\" allowfullscreen=\"allowfullscreen\"><\/iframe><\/p>\n<p><script async src=\"\/\/pagead2.googlesyndication.com\/pagead\/js\/adsbygoogle.js\"><\/script> <ins class=\"adsbygoogle\" style=\"display: block; text-align: center;\" data-ad-layout=\"in-article\" data-ad-format=\"fluid\" data-ad-client=\"ca-pub-1136171134853753\" data-ad-slot=\"7980763077\"><\/ins> <script> (adsbygoogle = window.adsbygoogle || []).push({}); <\/script><\/p>\n<h3>Juan Antonio G\u00f3mez C\u00e1rdenas<\/h3>\n<p>es Licenciado en Turismo por la Universidad de Guadalajara. Cuenta tambi\u00e9n con una Maestr\u00eda en Educaci\u00f3n por el Instituto Tecnol\u00f3gico de Estudios Superiores de Monterrey.<\/p>\n<p>Fue Jefe del Departamento de Capacitaci\u00f3n y Desarrollo Tur\u00edstico de la Secretaria de Turismo del H. Ayuntamiento de Oaxaca de Ju\u00e1rez. Actualmente es Presidente de la Asociaci\u00f3n Mexicana de Profesionistas y T\u00e9cnicos en Turismo A.C. Oaxaca.<\/p>\n<figure id=\"attachment_54550\" aria-describedby=\"caption-attachment-54550\" style=\"width: 549px\" class=\"wp-caption alignnone\"><a href=\"http:\/\/www.eloriente.net\/home\/wp-content\/uploads\/2018\/09\/Juan.jpg\"><img loading=\"lazy\" decoding=\"async\" class=\" wp-image-54550\" src=\"http:\/\/www.eloriente.net\/home\/wp-content\/uploads\/2018\/09\/Juan-1024x576.jpg\" alt=\"\" width=\"549\" height=\"309\" \/><\/a><figcaption id=\"caption-attachment-54550\" class=\"wp-caption-text\">Juan Antonio G\u00f3mez, videocolumnista de El Oriente.<\/figcaption><\/figure>\n<p><script async src=\"\/\/pagead2.googlesyndication.com\/pagead\/js\/adsbygoogle.js\"><\/script><\/p>\n<p>&nbsp;<\/p>\n<p><script><\/p>\n<p>     (adsbygoogle = window.adsbygoogle || []).push({});<\/p>\n<p><\/script><\/p>\n\n\t\t\t  <div \n\t\t\t  \tclass = \"fb-comments\" \n\t\t\t  \tdata-href = \"http:\/\/www.eloriente.net\/home\/2018\/09\/23\/videocolumna-dia-mundial-del-turismo-por-juan-antonio-gomez\/\"\n\t\t\t  \tdata-numposts = \"10\"\n\t\t\t\tdata-colorscheme = \"dark\"\n\t\t\t\tdata-order-by = \"social\"\n\t\t\t\tdata-mobile=true>\n\t\t\t  <\/div>\n\t\t  <style>\n\t\t\t.fb_iframe_widget_fluid_desktop iframe {\n\t\t\t    width: 100% !important;\n\t\t\t}\n\t\t  <\/style>\n\t\t  ","protected":false},"excerpt":{"rendered":"<p>(www.eloriente.net, M\u00e9xico, a 22 de septiembre de 2018, por Luis Alberto Osorio Ochoa).- En el mes de septiembre de 1979, hace precisamente 39 a\u00f1os, en Torremolinos Espa\u00f1a, la Organizaci\u00f3n Mundial de Turismo en su plenaria, decidi\u00f3 instituir el D\u00eda Mundial del Turismo, a partir del siguiente a\u00f1o: 1980 todos los d\u00edas 27 de septiembre se [&hellip;]<\/p>\n","protected":false},"author":48,"featured_media":54550,"comment_status":"open","ping_status":"open","sticky":false,"template":"","format":"standard","meta":{"_jetpack_memberships_contains_paid_content":false,"footnotes":""},"categories":[2435,6,49,32,5297,7858,10,31,19,98],"tags":[9531,7268,109,6224],"class_list":["post-54549","post","type-post","status-publish","format-standard","has-post-thumbnail","hentry","category-miercolesdeeconomia","category-canal-4-especiales","category-destacadas","category-entradas","category-historia","category-juan-antonio-gomez","category-lo-mas-reciente","category-principal","category-turismo-y-negocios","category-videoblogs","tag-dia-mundial-del-turismo","tag-juan-antonio-gomez-cardenas","tag-turismo","tag-videocolumna"],"jetpack_featured_media_url":"http:\/\/www.eloriente.net\/home\/wp-content\/uploads\/2018\/09\/Juan-e1537647604492.jpg","jetpack_sharing_enabled":true,"_links":{"self":[{"href":"http:\/\/www.eloriente.net\/home\/wp-json\/wp\/v2\/posts\/54549"}],"collection":[{"href":"http:\/\/www.eloriente.net\/home\/wp-json\/wp\/v2\/posts"}],"about":[{"href":"http:\/\/www.eloriente.net\/home\/wp-json\/wp\/v2\/types\/post"}],"author":[{"embeddable":true,"href":"http:\/\/www.eloriente.net\/home\/wp-json\/wp\/v2\/users\/48"}],"replies":[{"embeddable":true,"href":"http:\/\/www.eloriente.net\/home\/wp-json\/wp\/v2\/comments?post=54549"}],"version-history":[{"count":4,"href":"http:\/\/www.eloriente.net\/home\/wp-json\/wp\/v2\/posts\/54549\/revisions"}],"predecessor-version":[{"id":54562,"href":"http:\/\/www.eloriente.net\/home\/wp-json\/wp\/v2\/posts\/54549\/revisions\/54562"}],"wp:featuredmedia":[{"embeddable":true,"href":"http:\/\/www.eloriente.net\/home\/wp-json\/wp\/v2\/media\/54550"}],"wp:attachment":[{"href":"http:\/\/www.eloriente.net\/home\/wp-json\/wp\/v2\/media?parent=54549"}],"wp:term":[{"taxonomy":"category","embeddable":true,"href":"http:\/\/www.eloriente.net\/home\/wp-json\/wp\/v2\/categories?post=54549"},{"taxonomy":"post_tag","embeddable":true,"href":"http:\/\/www.eloriente.net\/home\/wp-json\/wp\/v2\/tags?post=54549"}],"curies":[{"name":"wp","href":"https:\/\/api.w.org\/{rel}","templated":true}]}}