{"id":54594,"date":"2018-09-27T06:26:22","date_gmt":"2018-09-27T12:26:22","guid":{"rendered":"http:\/\/www.eloriente.net\/home\/?p=54594"},"modified":"2018-09-26T09:43:35","modified_gmt":"2018-09-26T15:43:35","slug":"dia-mundial-del-turismo-que-se-conmemora","status":"publish","type":"post","link":"http:\/\/www.eloriente.net\/home\/2018\/09\/27\/dia-mundial-del-turismo-que-se-conmemora\/","title":{"rendered":"D\u00eda Mundial del Turismo \u00bfQu\u00e9 se conmemora?"},"content":{"rendered":"<p><script src=\"\/\/pagead2googlesyndication.com\/pagead\/js\/adsbygoogle.js\" async=\"\"><\/script><!-- BANNER ELORIENTE INCRUSTADO NOTAS --> <ins class=\"adsbygoogle\" style=\"display: inline-block; width: 300px; height: 250px;\" data-ad-client=\"ca-pub-1136171134853753\" data-ad-slot=\"7974633627\"><\/ins><script>\/\/ <![CDATA[ (adsbygoogle = window.adsbygoogle || []).push({}); \/\/ ]]><\/script><\/p>\n<p style=\"text-align: right;\"><em><span class=\"s1\">El DMT ayudar\u00e1 a poner de manifiesto las oportunidades para el desarrollo sostenible.\u00a0<\/span>\u00a0En Zacatecas,\u00a0<span class=\"s1\">llevar\u00e1n a cabo el Curso Regional de la OMT.<\/span><\/em><\/p>\n<p class=\"p1\"><span class=\"s1\">(www.eloriente.net, M\u00e9xico, a 26 de septiembre de 2018, por <a href=\"https:\/\/twitter.com\/LuisOsorio8a\">Luis Alberto Osorio Ochoa<\/a>).- Como ya lo explica en su \u00faltima publicaci\u00f3n, <a href=\"http:\/\/www.eloriente.net\/home\/category\/videoblogs\/juan-antonio-gomez\/\">Juan Antonio G\u00f3mez<\/a>, videocolumnista de El Oriente, el <strong>D\u00eda Mundial del Turismo<\/strong> (DMT) se instaur\u00f3 hace 39 a\u00f1os. Se instaur\u00f3 en 1979, con el objetivo de sensibilizar a la comunidad internacional respecto la importancia del Turismo.\u00a0<\/span><span class=\"s1\">Desde entonces, los objetivos han evolucionado hacia una <strong>promoci\u00f3n de un turismo responsable y sustentable<\/strong> aparejado a los objetivos del milenio.<\/span><\/p>\n<p class=\"p3\"><span class=\"s1\">Este a\u00f1o, el DMT ayudar\u00e1 a poner de manifiesto las <strong>oportunidades para el desarrollo sostenible<\/strong> <strong>que representan para el turismo los avances tecnol\u00f3gicos<\/strong>, como la inteligencia de datos, la inteligencia artificial y las plataformas digitales.\u00a0<\/span><\/p>\n<p class=\"p3\"><span class=\"s1\">La Organizaci\u00f3n Mundial del Turismo (OMT) considera que los avances digitales y la innovaci\u00f3n forman parte de la respuesta al desaf\u00edo de compaginar el crecimiento continuo con una mayor sostenibilidad y responsabilidad en el sector tur\u00edstico.<\/span><\/p>\n<p class=\"p1\"><span class=\"s1\">La celebraci\u00f3n oficial del DMT tendr\u00e1 lugar en Budapest (Hungr\u00eda), un pa\u00eds que conoce un crecimiento constante del turismo, respaldado por pol\u00edticas s\u00f3lidas y consistentes y un compromiso con el futuro digital. Se organizar\u00e1n en todo el mundo otros eventos para festejar ese d\u00eda tan se\u00f1alado.<\/span><\/p>\n<p class=\"p1\"><span class=\"s1\">Asimismo, con ocasi\u00f3n de la celebraci\u00f3n oficial del DMT, se anunciar\u00e1n los semifinalistas de la 1\u00aa Competici\u00f3n OMT de Startups de Turismo, lanzada por la OMT y Globalia, con el fin de potenciar la visibilidad de las empresas emergentes que aporten ideas innovadoras capaces de revolucionar el modo en que viajamos y disfrutamos del turismo.<\/span><\/p>\n<figure id=\"attachment_54596\" aria-describedby=\"caption-attachment-54596\" style=\"width: 549px\" class=\"wp-caption alignnone\"><a href=\"http:\/\/www.eloriente.net\/home\/wp-content\/uploads\/2018\/09\/Header_ES.jpg\"><img loading=\"lazy\" decoding=\"async\" class=\" wp-image-54596\" src=\"http:\/\/www.eloriente.net\/home\/wp-content\/uploads\/2018\/09\/Header_ES.jpg\" alt=\"\" width=\"549\" height=\"286\" srcset=\"http:\/\/www.eloriente.net\/home\/wp-content\/uploads\/2018\/09\/Header_ES.jpg 960w, http:\/\/www.eloriente.net\/home\/wp-content\/uploads\/2018\/09\/Header_ES-300x156.jpg 300w, http:\/\/www.eloriente.net\/home\/wp-content\/uploads\/2018\/09\/Header_ES-768x400.jpg 768w\" sizes=\"(max-width: 549px) 100vw, 549px\" \/><\/a><figcaption id=\"caption-attachment-54596\" class=\"wp-caption-text\">Foto: http:\/\/www2.unwto.org\/<\/figcaption><\/figure>\n<h3><script async src=\"\/\/pagead2.googlesyndication.com\/pagead\/js\/adsbygoogle.js\"><\/script> <ins class=\"adsbygoogle\" style=\"display: block; text-align: center;\" data-ad-layout=\"in-article\" data-ad-format=\"fluid\" data-ad-client=\"ca-pub-1136171134853753\" data-ad-slot=\"7980763077\"><\/ins> <script> (adsbygoogle = window.adsbygoogle || []).push({}); <\/script><\/h3>\n<h3 class=\"p1\"><span class=\"s1\">OMT en M\u00e9xico 2018<\/span><\/h3>\n<p class=\"p1\"><span class=\"s1\">En M\u00e9xico, este a\u00f1o la OMT, su fundaci\u00f3n OMT Themis y el Instituto de Competitividad Tur\u00edstica de la Secretar\u00eda de Turismo, llevar\u00e1n a cabo el Curso Regional de la OMT \u201cEl turismo y la transformaci\u00f3n digital: Impactos en el desarrollo del modelo tur\u00edstico\u201d, del 5 al 9 de noviembre en la ciudad de Zacatecas, Zacatecas.<\/span><\/p>\n<p class=\"p1\"><span class=\"s1\">El curso est\u00e1 dirigido a funcionarios nacionales e internacionales de la administraci\u00f3n tur\u00edsticas que trabajan en marketing y nuevos modelos tur\u00edsticos. El objetivo es compartir conocimientos, herramientas, habilidades y brindar una oportunidad para debatir y poner en pr\u00e1ctica los temas relevantes de la transformaci\u00f3n digital, nuevos modelos tur\u00edsticos, desarrollo de modelos tur\u00edsticos digitales.<\/span><\/p>\n<p><em>Con informaci\u00f3n del portal de la OMT\u00a0http:\/\/www2.unwto.org\/<\/em><\/p>\n<figure id=\"attachment_54597\" aria-describedby=\"caption-attachment-54597\" style=\"width: 550px\" class=\"wp-caption alignnone\"><a href=\"http:\/\/www.eloriente.net\/home\/wp-content\/uploads\/2018\/09\/Captura-de-pantalla-2018-09-26-a-las-9.55.40.png\"><img loading=\"lazy\" decoding=\"async\" class=\" wp-image-54597\" src=\"http:\/\/www.eloriente.net\/home\/wp-content\/uploads\/2018\/09\/Captura-de-pantalla-2018-09-26-a-las-9.55.40-1024x730.png\" alt=\"\" width=\"550\" height=\"392\" srcset=\"http:\/\/www.eloriente.net\/home\/wp-content\/uploads\/2018\/09\/Captura-de-pantalla-2018-09-26-a-las-9.55.40-1024x730.png 1024w, http:\/\/www.eloriente.net\/home\/wp-content\/uploads\/2018\/09\/Captura-de-pantalla-2018-09-26-a-las-9.55.40-300x214.png 300w, http:\/\/www.eloriente.net\/home\/wp-content\/uploads\/2018\/09\/Captura-de-pantalla-2018-09-26-a-las-9.55.40-768x547.png 768w, http:\/\/www.eloriente.net\/home\/wp-content\/uploads\/2018\/09\/Captura-de-pantalla-2018-09-26-a-las-9.55.40.png 1302w\" sizes=\"(max-width: 550px) 100vw, 550px\" \/><\/a><figcaption id=\"caption-attachment-54597\" class=\"wp-caption-text\">Curso Regional OMT, foto: Foto: http:\/\/www2.unwto.org\/<\/figcaption><\/figure>\n<p>&nbsp;<\/p>\n<h3>VIDEOCOLUMNA, D\u00eda Mundial del Turismo, por Juan Antonio G\u00f3mez<\/h3>\n<p><iframe loading=\"lazy\" src=\"https:\/\/www.youtube.com\/embed\/QuIySW2N7k0\" width=\"560\" height=\"315\" frameborder=\"0\" allowfullscreen=\"allowfullscreen\"><\/iframe><\/p>\n<p><script async src=\"\/\/pagead2.googlesyndication.com\/pagead\/js\/adsbygoogle.js\"><\/script><\/p>\n<p>&nbsp;<\/p>\n<p><script><\/p>\n<p>     (adsbygoogle = window.adsbygoogle || []).push({});<\/p>\n<p><\/script><\/p>\n\n\t\t\t  <div \n\t\t\t  \tclass = \"fb-comments\" \n\t\t\t  \tdata-href = \"http:\/\/www.eloriente.net\/home\/2018\/09\/27\/dia-mundial-del-turismo-que-se-conmemora\/\"\n\t\t\t  \tdata-numposts = \"10\"\n\t\t\t\tdata-colorscheme = \"dark\"\n\t\t\t\tdata-order-by = \"social\"\n\t\t\t\tdata-mobile=true>\n\t\t\t  <\/div>\n\t\t  <style>\n\t\t\t.fb_iframe_widget_fluid_desktop iframe {\n\t\t\t    width: 100% !important;\n\t\t\t}\n\t\t  <\/style>\n\t\t  ","protected":false},"excerpt":{"rendered":"<p>El DMT ayudar\u00e1 a poner de manifiesto las oportunidades para el desarrollo sostenible.\u00a0\u00a0En Zacatecas,\u00a0llevar\u00e1n a cabo el Curso Regional de la OMT. (www.eloriente.net, M\u00e9xico, a 26 de septiembre de 2018, por Luis Alberto Osorio Ochoa).- Como ya lo explica en su \u00faltima publicaci\u00f3n, Juan Antonio G\u00f3mez, videocolumnista de El Oriente, el D\u00eda Mundial del Turismo [&hellip;]<\/p>\n","protected":false},"author":48,"featured_media":54599,"comment_status":"open","ping_status":"open","sticky":false,"template":"","format":"standard","meta":{"_jetpack_memberships_contains_paid_content":false,"footnotes":""},"categories":[8,6,26,18,13,10,24,31,19],"tags":[9531,9682,9533,109],"class_list":["post-54594","post","type-post","status-publish","format-standard","has-post-thumbnail","hentry","category-agenda","category-canal-4-especiales","category-convocatorias","category-educacion-y-cultura","category-especiales","category-lo-mas-reciente","category-mexico-y-el-mundo","category-principal","category-turismo-y-negocios","tag-dia-mundial-del-turismo","tag-omt-regional-en-mexico","tag-organizacion-mundial-del-turismo","tag-turismo"],"jetpack_featured_media_url":"http:\/\/www.eloriente.net\/home\/wp-content\/uploads\/2018\/09\/12677046364_c2505b4d6f_o-copia.jpg","jetpack_sharing_enabled":true,"_links":{"self":[{"href":"http:\/\/www.eloriente.net\/home\/wp-json\/wp\/v2\/posts\/54594"}],"collection":[{"href":"http:\/\/www.eloriente.net\/home\/wp-json\/wp\/v2\/posts"}],"about":[{"href":"http:\/\/www.eloriente.net\/home\/wp-json\/wp\/v2\/types\/post"}],"author":[{"embeddable":true,"href":"http:\/\/www.eloriente.net\/home\/wp-json\/wp\/v2\/users\/48"}],"replies":[{"embeddable":true,"href":"http:\/\/www.eloriente.net\/home\/wp-json\/wp\/v2\/comments?post=54594"}],"version-history":[{"count":4,"href":"http:\/\/www.eloriente.net\/home\/wp-json\/wp\/v2\/posts\/54594\/revisions"}],"predecessor-version":[{"id":54603,"href":"http:\/\/www.eloriente.net\/home\/wp-json\/wp\/v2\/posts\/54594\/revisions\/54603"}],"wp:featuredmedia":[{"embeddable":true,"href":"http:\/\/www.eloriente.net\/home\/wp-json\/wp\/v2\/media\/54599"}],"wp:attachment":[{"href":"http:\/\/www.eloriente.net\/home\/wp-json\/wp\/v2\/media?parent=54594"}],"wp:term":[{"taxonomy":"category","embeddable":true,"href":"http:\/\/www.eloriente.net\/home\/wp-json\/wp\/v2\/categories?post=54594"},{"taxonomy":"post_tag","embeddable":true,"href":"http:\/\/www.eloriente.net\/home\/wp-json\/wp\/v2\/tags?post=54594"}],"curies":[{"name":"wp","href":"https:\/\/api.w.org\/{rel}","templated":true}]}}