{"id":54777,"date":"2018-10-13T13:17:39","date_gmt":"2018-10-13T19:17:39","guid":{"rendered":"http:\/\/www.eloriente.net\/home\/?p=54777"},"modified":"2019-06-17T20:44:37","modified_gmt":"2019-06-18T02:44:37","slug":"hecho-en-el-sur-la-vida-de-un-artesano-con-carlomagno-pedro","status":"publish","type":"post","link":"http:\/\/www.eloriente.net\/home\/2018\/10\/13\/hecho-en-el-sur-la-vida-de-un-artesano-con-carlomagno-pedro\/","title":{"rendered":"HECHO EN EL SUR: La vida de un artesano. Con Carlomagno Pedro"},"content":{"rendered":"<p>(www.eloriente.net, M\u00e9xico a 13 de octubre de 2018, por Luis Alberto Osorio Ochoa).-\u00a0 Esta semana, Karina Bar\u00f3n y Carlomagno Pedro, comparten los detalles de la vida de un artesano: su origen, formaci\u00f3n, obra y aportes a la vida p\u00fablica. Hecho en el sur, un espacio de charla, reflexi\u00f3n y an\u00e1lisis, con emisiones todos los viernes a las <a class=\"yt-simple-endpoint style-scope yt-formatted-string\" spellcheck=\"false\" href=\"https:\/\/www.youtube.com\/watch?v=Ff5Fd-frwW0&amp;t=900s\">15:00<\/a> horas por el canal de YouTube de <a href=\"https:\/\/www.youtube.com\/channel\/UC32-HjqbwJZI96Q_2-z7NxQ\">EL ORIENTE Todo Oaxaca<\/a>.<\/p>\n<h3>HECHO EN EL SUR: La vida de un artesano<\/h3>\n<p><iframe loading=\"lazy\" src=\"https:\/\/www.youtube.com\/embed\/Ff5Fd-frwW0\" width=\"560\" height=\"315\" frameborder=\"0\" allowfullscreen=\"allowfullscreen\"><\/iframe><\/p>\n<p>&nbsp;<\/p>\n<h3>Carlomagno Pedro<\/h3>\n<p>Hijo de ceramistas del barro negro, toda la vida ha trabajado el barro negro de su natal San Bartolo Coyotepec. Su formaci\u00f3n profesional la llev\u00f3 a cabo en el taller de artes pl\u00e1sticas Rufino Tamayo, siendo miembro de la primera generaci\u00f3n.<\/p>\n<p>Sus obras han sido expuestas en Alemania, Francia, Jap\u00f3n, Suiza, L\u00edbano, EEUU, Canada entre otros pa\u00edses. En M\u00e9xico en la Ciudad de m\u00e9xico, Tijuana, Monterrey N.L, Guadalajara. Asimismo, en diferentes exposiciones en el estado de Oaxaca.<\/p>\n<p>Carlomagno fue reconocido con el Premio Nacional de la juventud en el a\u00f1o 1987 y m\u00e1s tarde como Becario de la embajada americana en M\u00e9xico en 1989. Actualmente se encuentra como Director del Museo Estatal de Arte Popular \u201cOaxaca\u201d ubicado en San Bartolo Coyotepec, centro Oaxaca.<\/p>\n<figure id=\"attachment_54778\" aria-describedby=\"caption-attachment-54778\" style=\"width: 549px\" class=\"wp-caption alignnone\"><a href=\"http:\/\/www.eloriente.net\/home\/wp-content\/uploads\/2018\/10\/HECHO-EN-EL-SUR-POSTER-2.jpg\"><img loading=\"lazy\" decoding=\"async\" class=\" wp-image-54778\" src=\"http:\/\/www.eloriente.net\/home\/wp-content\/uploads\/2018\/10\/HECHO-EN-EL-SUR-POSTER-2-1024x576.jpg\" alt=\"\" width=\"549\" height=\"309\" srcset=\"http:\/\/www.eloriente.net\/home\/wp-content\/uploads\/2018\/10\/HECHO-EN-EL-SUR-POSTER-2-1024x576.jpg 1024w, http:\/\/www.eloriente.net\/home\/wp-content\/uploads\/2018\/10\/HECHO-EN-EL-SUR-POSTER-2-300x169.jpg 300w, http:\/\/www.eloriente.net\/home\/wp-content\/uploads\/2018\/10\/HECHO-EN-EL-SUR-POSTER-2-768x432.jpg 768w, http:\/\/www.eloriente.net\/home\/wp-content\/uploads\/2018\/10\/HECHO-EN-EL-SUR-POSTER-2.jpg 1920w\" sizes=\"(max-width: 549px) 100vw, 549px\" \/><\/a><figcaption id=\"caption-attachment-54778\" class=\"wp-caption-text\">Hecho en el sur<\/figcaption><\/figure>\n<h2>Karina Bar\u00f3n<\/h2>\n<p>Licenciada en Derecho por la Universidad Aut\u00f3noma Benito Ju\u00e1rez de Oaxaca (UABJO), la universidad p\u00fablica del estado de Oaxaca. Fue dirigente nacional de la Uni\u00f3n General Obrero, Campesina y Popular A.C. (UGOCP). Tambi\u00e9n, fue\u00a0Diputada Federal por el grupo parlamentario del Movimiento de Regeneraci\u00f3n Nacional (Morena).<\/p>\n\n\t\t\t  <div \n\t\t\t  \tclass = \"fb-comments\" \n\t\t\t  \tdata-href = \"http:\/\/www.eloriente.net\/home\/2018\/10\/13\/hecho-en-el-sur-la-vida-de-un-artesano-con-carlomagno-pedro\/\"\n\t\t\t  \tdata-numposts = \"10\"\n\t\t\t\tdata-colorscheme = \"dark\"\n\t\t\t\tdata-order-by = \"social\"\n\t\t\t\tdata-mobile=true>\n\t\t\t  <\/div>\n\t\t  <style>\n\t\t\t.fb_iframe_widget_fluid_desktop iframe {\n\t\t\t    width: 100% !important;\n\t\t\t}\n\t\t  <\/style>\n\t\t  ","protected":false},"excerpt":{"rendered":"<p>(www.eloriente.net, M\u00e9xico a 13 de octubre de 2018, por Luis Alberto Osorio Ochoa).-\u00a0 Esta semana, Karina Bar\u00f3n y Carlomagno Pedro, comparten los detalles de la vida de un artesano: su origen, formaci\u00f3n, obra y aportes a la vida p\u00fablica. Hecho en el sur, un espacio de charla, reflexi\u00f3n y an\u00e1lisis, con emisiones todos los viernes [&hellip;]<\/p>\n","protected":false},"author":48,"featured_media":54779,"comment_status":"open","ping_status":"open","sticky":false,"template":"","format":"standard","meta":{"_jetpack_memberships_contains_paid_content":false,"footnotes":""},"categories":[18,6324,10504,31],"tags":[9730,2805,9706,4418,3184,5491],"class_list":["post-54777","post","type-post","status-publish","format-standard","has-post-thumbnail","hentry","category-educacion-y-cultura","category-karina-baron","category-las-ultimas-12","category-principal","tag-artesano","tag-carlomagno-pedro","tag-hecho-en-el-sur","tag-karina-baron","tag-meapo","tag-san-bartolo-coyotepec"],"jetpack_featured_media_url":"http:\/\/www.eloriente.net\/home\/wp-content\/uploads\/2018\/10\/Hecho-en-el-sur-2-e1539458163369.jpg","jetpack_sharing_enabled":true,"_links":{"self":[{"href":"http:\/\/www.eloriente.net\/home\/wp-json\/wp\/v2\/posts\/54777"}],"collection":[{"href":"http:\/\/www.eloriente.net\/home\/wp-json\/wp\/v2\/posts"}],"about":[{"href":"http:\/\/www.eloriente.net\/home\/wp-json\/wp\/v2\/types\/post"}],"author":[{"embeddable":true,"href":"http:\/\/www.eloriente.net\/home\/wp-json\/wp\/v2\/users\/48"}],"replies":[{"embeddable":true,"href":"http:\/\/www.eloriente.net\/home\/wp-json\/wp\/v2\/comments?post=54777"}],"version-history":[{"count":1,"href":"http:\/\/www.eloriente.net\/home\/wp-json\/wp\/v2\/posts\/54777\/revisions"}],"predecessor-version":[{"id":54780,"href":"http:\/\/www.eloriente.net\/home\/wp-json\/wp\/v2\/posts\/54777\/revisions\/54780"}],"wp:featuredmedia":[{"embeddable":true,"href":"http:\/\/www.eloriente.net\/home\/wp-json\/wp\/v2\/media\/54779"}],"wp:attachment":[{"href":"http:\/\/www.eloriente.net\/home\/wp-json\/wp\/v2\/media?parent=54777"}],"wp:term":[{"taxonomy":"category","embeddable":true,"href":"http:\/\/www.eloriente.net\/home\/wp-json\/wp\/v2\/categories?post=54777"},{"taxonomy":"post_tag","embeddable":true,"href":"http:\/\/www.eloriente.net\/home\/wp-json\/wp\/v2\/tags?post=54777"}],"curies":[{"name":"wp","href":"https:\/\/api.w.org\/{rel}","templated":true}]}}