{"id":54790,"date":"2018-10-14T08:25:47","date_gmt":"2018-10-14T14:25:47","guid":{"rendered":"http:\/\/www.eloriente.net\/home\/?p=54790"},"modified":"2018-10-14T12:38:41","modified_gmt":"2018-10-14T18:38:41","slug":"videocolumna-rufino-tamayo-el-profeta-oaxaqueno-por-juan-antonio-gomez","status":"publish","type":"post","link":"http:\/\/www.eloriente.net\/home\/2018\/10\/14\/videocolumna-rufino-tamayo-el-profeta-oaxaqueno-por-juan-antonio-gomez\/","title":{"rendered":"VIDEOCOLUMNA: Rufino Tamayo, el profeta oaxaque\u00f1o. Por Juan Antonio G\u00f3mez"},"content":{"rendered":"<p>(www.eloriente.net, M\u00e9xico, a 14 de octubre de 2018, por Luis Alberto Osorio Ochoa).- La mirada de Rufino Tamayo desafi\u00f3 inclusive la corriente nacionalista que enarbolaban David Alfaro Siqueiros y Diego Rivera.<\/p>\n<p>A diferencia de sus colegas, Tamayo supo ir m\u00e1s all\u00e1 de la imagen como discurso, para convertirla en reflejo de \u00edntima humanidad.<\/p>\n<p>Esta semana,\u00a0<a class=\"profileLink\" href=\"https:\/\/www.facebook.com\/JuanAntonioGomezCardenas?eid=ARDBsMCMPjguaJ-794kNbOW970mhGPZ3P71QhkenzgpxwmorM0e5_a5x7ND6eL3QtfDBGrTIOCa1kCio\" data-hovercard=\"\/ajax\/hovercard\/user.php?id=1178523739&amp;extragetparams=%7B%22eid%22%3A%22ARDBsMCMPjguaJ-794kNbOW970mhGPZ3P71QhkenzgpxwmorM0e5_a5x7ND6eL3QtfDBGrTIOCa1kCio%22%7D\" data-hovercard-prefer-more-content-show=\"1\">Juan Antonio G\u00f3mez C\u00e1rdenas<\/a>, nos comparte el legado de Rufino Tamayo, un oaxaque\u00f1o cuya mirada construy\u00f3 una nueva visi\u00f3n de M\u00e9xico y el mundo.<\/p>\n<p>Agradecimientos especiales al\u00a0<a class=\"profileLink\" href=\"https:\/\/www.facebook.com\/museotamayooaxaca\/?eid=ARAOoPPj_DCA7pWT_e1pCWmMrOr2DbsKg_yuRZ3Oso84QHh7dz6T2YHI84W-5OzJb0_NrujV0cASAbZS&amp;fref=tag\" data-hovercard=\"\/ajax\/hovercard\/page.php?id=839268539455628&amp;extragetparams=%7B%22eid%22%3A%22ARAOoPPj_DCA7pWT_e1pCWmMrOr2DbsKg_yuRZ3Oso84QHh7dz6T2YHI84W-5OzJb0_NrujV0cASAbZS%22%2C%22fref%22%3A%22tag%22%7D\" data-hovercard-prefer-more-content-show=\"1\">Museo de Arte Prehisp\u00e1nico de M\u00e9xico Rufino Tamayo<\/a>.<\/p>\n<p><iframe loading=\"lazy\" style=\"border: none; overflow: hidden;\" src=\"https:\/\/www.facebook.com\/plugins\/video.php?href=https%3A%2F%2Fwww.facebook.com%2Feloriente.net%2Fvideos%2F534443417017699%2F&amp;show_text=0&amp;width=560\" width=\"560\" height=\"315\" frameborder=\"0\" scrolling=\"no\" allowfullscreen=\"allowfullscreen\"><\/iframe><\/p>\n<h3>Juan Antonio G\u00f3mez C\u00e1rdenas<\/h3>\n<p>Es Licenciado en Turismo por la Universidad de Guadalajara. Cuenta tambi\u00e9n con una Maestr\u00eda en Educaci\u00f3n por el Instituto Tecnol\u00f3gico de Estudios Superiores de Monterrey.<\/p>\n<p>Fue Jefe del Departamento de Capacitaci\u00f3n y Desarrollo Tur\u00edstico de la Secretaria de Turismo del H. Ayuntamiento de Oaxaca de Ju\u00e1rez. Actualmente es Presidente de la Asociaci\u00f3n Mexicana de Profesionistas y T\u00e9cnicos en Turismo A.C. Oaxaca.<\/p>\n<p><script async src=\"\/\/pagead2.googlesyndication.com\/pagead\/js\/adsbygoogle.js\"><\/script><br \/>\n<ins class=\"adsbygoogle\" style=\"display: block; text-align: center;\" data-ad-layout=\"in-article\" data-ad-format=\"fluid\" data-ad-client=\"ca-pub-1136171134853753\" data-ad-slot=\"7980763077\"><\/ins><br \/>\n<script>\n     (adsbygoogle = window.adsbygoogle || []).push({});\n<\/script><\/p>\n<figure id=\"attachment_54713\" aria-describedby=\"caption-attachment-54713\" style=\"width: 550px\" class=\"wp-caption alignnone\"><a href=\"http:\/\/www.eloriente.net\/home\/wp-content\/uploads\/2018\/10\/Videocolumna2.jpg\"><img loading=\"lazy\" decoding=\"async\" class=\" wp-image-54713\" src=\"http:\/\/www.eloriente.net\/home\/wp-content\/uploads\/2018\/10\/Videocolumna2-1024x576.jpg\" alt=\"\" width=\"550\" height=\"309\" srcset=\"http:\/\/www.eloriente.net\/home\/wp-content\/uploads\/2018\/10\/Videocolumna2-1024x576.jpg 1024w, http:\/\/www.eloriente.net\/home\/wp-content\/uploads\/2018\/10\/Videocolumna2-300x169.jpg 300w, http:\/\/www.eloriente.net\/home\/wp-content\/uploads\/2018\/10\/Videocolumna2-768x432.jpg 768w, http:\/\/www.eloriente.net\/home\/wp-content\/uploads\/2018\/10\/Videocolumna2.jpg 1920w\" sizes=\"(max-width: 550px) 100vw, 550px\" \/><\/a><figcaption id=\"caption-attachment-54713\" class=\"wp-caption-text\">Juan Antonio G\u00f3mez C\u00e1rdenas, videocolumnista de El Oriente, experto en Turismo<\/figcaption><\/figure>\n\n\t\t\t  <div \n\t\t\t  \tclass = \"fb-comments\" \n\t\t\t  \tdata-href = \"http:\/\/www.eloriente.net\/home\/2018\/10\/14\/videocolumna-rufino-tamayo-el-profeta-oaxaqueno-por-juan-antonio-gomez\/\"\n\t\t\t  \tdata-numposts = \"10\"\n\t\t\t\tdata-colorscheme = \"dark\"\n\t\t\t\tdata-order-by = \"social\"\n\t\t\t\tdata-mobile=true>\n\t\t\t  <\/div>\n\t\t  <style>\n\t\t\t.fb_iframe_widget_fluid_desktop iframe {\n\t\t\t    width: 100% !important;\n\t\t\t}\n\t\t  <\/style>\n\t\t  ","protected":false},"excerpt":{"rendered":"<p>(www.eloriente.net, M\u00e9xico, a 14 de octubre de 2018, por Luis Alberto Osorio Ochoa).- La mirada de Rufino Tamayo desafi\u00f3 inclusive la corriente nacionalista que enarbolaban David Alfaro Siqueiros y Diego Rivera. A diferencia de sus colegas, Tamayo supo ir m\u00e1s all\u00e1 de la imagen como discurso, para convertirla en reflejo de \u00edntima humanidad. Esta semana,\u00a0Juan [&hellip;]<\/p>\n","protected":false},"author":48,"featured_media":54714,"comment_status":"open","ping_status":"open","sticky":false,"template":"","format":"standard","meta":{"_jetpack_memberships_contains_paid_content":false,"footnotes":""},"categories":[18,32,63,5297,7858,464,31,98],"tags":[239,9736,7268,3659,6224],"class_list":["post-54790","post","type-post","status-publish","format-standard","has-post-thumbnail","hentry","category-educacion-y-cultura","category-entradas","category-estados","category-historia","category-juan-antonio-gomez","category-oaxaca-estados","category-principal","category-videoblogs","tag-arte","tag-historio","tag-juan-antonio-gomez-cardenas","tag-rufino-tamayo","tag-videocolumna"],"jetpack_featured_media_url":"http:\/\/www.eloriente.net\/home\/wp-content\/uploads\/2018\/10\/Videocolumna3-e1538869988495.jpg","jetpack_sharing_enabled":true,"_links":{"self":[{"href":"http:\/\/www.eloriente.net\/home\/wp-json\/wp\/v2\/posts\/54790"}],"collection":[{"href":"http:\/\/www.eloriente.net\/home\/wp-json\/wp\/v2\/posts"}],"about":[{"href":"http:\/\/www.eloriente.net\/home\/wp-json\/wp\/v2\/types\/post"}],"author":[{"embeddable":true,"href":"http:\/\/www.eloriente.net\/home\/wp-json\/wp\/v2\/users\/48"}],"replies":[{"embeddable":true,"href":"http:\/\/www.eloriente.net\/home\/wp-json\/wp\/v2\/comments?post=54790"}],"version-history":[{"count":3,"href":"http:\/\/www.eloriente.net\/home\/wp-json\/wp\/v2\/posts\/54790\/revisions"}],"predecessor-version":[{"id":54793,"href":"http:\/\/www.eloriente.net\/home\/wp-json\/wp\/v2\/posts\/54790\/revisions\/54793"}],"wp:featuredmedia":[{"embeddable":true,"href":"http:\/\/www.eloriente.net\/home\/wp-json\/wp\/v2\/media\/54714"}],"wp:attachment":[{"href":"http:\/\/www.eloriente.net\/home\/wp-json\/wp\/v2\/media?parent=54790"}],"wp:term":[{"taxonomy":"category","embeddable":true,"href":"http:\/\/www.eloriente.net\/home\/wp-json\/wp\/v2\/categories?post=54790"},{"taxonomy":"post_tag","embeddable":true,"href":"http:\/\/www.eloriente.net\/home\/wp-json\/wp\/v2\/tags?post=54790"}],"curies":[{"name":"wp","href":"https:\/\/api.w.org\/{rel}","templated":true}]}}