{"id":55092,"date":"2018-11-12T05:30:15","date_gmt":"2018-11-12T11:30:15","guid":{"rendered":"http:\/\/www.eloriente.net\/home\/?p=55092"},"modified":"2018-11-12T18:58:39","modified_gmt":"2018-11-13T00:58:39","slug":"es-la-cultura-a-consulta-publica-por-juan-pablo-vasconcelos","status":"publish","type":"post","link":"http:\/\/www.eloriente.net\/home\/2018\/11\/12\/es-la-cultura-a-consulta-publica-por-juan-pablo-vasconcelos\/","title":{"rendered":"Es la Cultura: A Consulta P\u00fablica. Por Juan Pablo Vasconcelos"},"content":{"rendered":"<p style=\"text-align: right;\"><em>\u201cNadie puede estar en desacuerdo con que se consulte a la gente.<\/em><\/p>\n<p style=\"text-align: right;\"><em>De hecho es una deuda que necesita pagarse.<\/em><\/p>\n<p style=\"text-align: right;\"><em>Tampoco nadie puede estar en desacuerdo con que las consultas verdaderas<\/em><\/p>\n<p style=\"text-align: right;\"><em>necesitan hacerse bien, apoyadas en la ciencia.<\/em><\/p>\n<p style=\"text-align: right;\"><em>Pero hay otras preguntas pendientes.\u201d<\/em><\/p>\n<p><strong>\u00a0<\/strong><\/p>\n<h3>A Consulta P\u00fablica<\/h3>\n<p>(www.eloriente.net, M\u00e9xico, 11 de noviembre de 2018, por <a href=\"http:\/\/www.eloriente.net\/home\/category\/colaboradores\/juan-pablo-vasconcelos\/\">Juan Pablo Vasconcelos<\/a> <a href=\"https:\/\/twitter.com\/JPVmx\">@JPVmx<\/a>).- Son tantas las preguntas. De hecho \u00e9sta es una selecci\u00f3n arbitraria. \u00bfQu\u00e9 selecci\u00f3n no lo es? Ya para hacerla con cierta fiabilidad, se tendr\u00eda que convocar a expertos, es decir, a otros seres humanos con experiencias parecidas o incluso distantes, de tal manera que ellos \u2014ciudadanos comunes y entonces expertos en la vida cotidiana, como t\u00fa o como yo\u2014 dejaran finalmente un cuestionario redondo, dejando de lado ciertas agendas, unas descabelladas y otras teledirigidas, entreg\u00e1ndonos en cambio fielmente a los brazos del sentido com\u00fan y la sinceridad.<\/p>\n<p>Ciertas preguntas sencillas:<\/p>\n<p>Si es verdad que en 2030 la crisis del agua ser\u00e1 tan grave y la disputa por el l\u00edquido ser\u00e1 tan encarnizada que incluso podr\u00eda ocasionar la siguiente guerra mundial, \u00bfporqu\u00e9 no estamos hablando de eso? \u00bfQu\u00e9 ceguera nos impide mirar que a la vuelta de la esquina \u2014pues 11 a\u00f1os no son nada\u2014, podremos tener un robusto sistema bancario y a\u00fan un Tratado de Libre Comercio ejemplar, pero no agua para vivir?<\/p>\n<p>\u00bfPor qu\u00e9 nos conformamos \u2014siguiendo con el agua\u2014 con evadir su consumo directo, en vez de exigir o impulsar que el agua \u201cpotable\u201d sea potable?<\/p>\n<p>En otros pa\u00edses, aunque parezca una escena de ciencia ficci\u00f3n para nosotros, las personas llegan a sus casas y toman agua del grifo, pues conf\u00edan en las medidas sanitarias de sus autoridades. \u00bfCu\u00e1l es la raz\u00f3n por la cual permitimos el desfalco, el agravio a nuestro derecho, de tener que comprar el agua que consumimos, en botellitas de 250 mililitros? \u00bfQui\u00e9n ser\u00e1 el gigante que nos podr\u00e1 hacer ver el fracaso humanitario que representa la compra y venta de un producto inherente a la vida de cualquiera?<\/p>\n<p>Ni qu\u00e9 decir del asalto a la dignidad que representa nuestro transporte p\u00fablico. No est\u00e1 bien ni puede seguir siendo normal, la ausencia de unidades en buenas condiciones, ni de rutas estrictas ni de vialidades decentes. Est\u00e1 en juego la seguridad incluso de las y los propios conductores del transporte urbano, cuya vida corre peligro en esos armatostes, y por supuesto de los pasajeros, que despacio se han ido adaptando a la idea de que ese transporte es el \u00fanico al cual puede aspirarse.<\/p>\n<p>Otras ciudades cuentan con camiones bien dispuestos para personas con discapacidad, adultos mayores, aire acondicionado, conexi\u00f3n a internet. \u00bfCu\u00e1l es la raz\u00f3n por la cual nuestras ciudades no los tengan? \u00bfSe trata de un destino manifiesto, de una condici\u00f3n para seguir siendo lo que somos?<\/p>\n<p>Hablando de ello: \u00bfpara qu\u00e9 ensalzar la ignorancia, enaltecerla incluso de cierto modo, que se eligen representantes populares sin estudios?<\/p>\n<p>\u00bfD\u00f3nde est\u00e1n las academias de arte para nuestros hijos? Son loables y merecen todo nuestro reconocimiento los contad\u00edsimos esfuerzos privados y ciudadanos que siembran oasis en medio del desierto. Pero, \u00bfno es verdad que es un lugar com\u00fan que solo mediante la educaci\u00f3n y la cultura podremos lograr potenciar al ser humano que llevamos dentro? Entonces, \u00bfporqu\u00e9 todo lo dem\u00e1s resulta m\u00e1s importante que estos temas vitales?<\/p>\n<p>\u00bfD\u00f3nde est\u00e1n las pol\u00edticas especiales dirigidas a forjar la creatividad, el arte y el esp\u00edritu cr\u00edtico de las ni\u00f1as y los ni\u00f1os?<\/p>\n<p>\u00bfCu\u00e1l es la raz\u00f3n por que se gastan tantos recursos p\u00fablicos en eventos de pleites\u00eda para los gobernantes m\u00e1s encumbrados, y muy poco en reconocer a quienes de verdad han hecho algo por su ciudad, su pa\u00eds, por el mundo? \u00bfPorqu\u00e9 el olvido de personajes hist\u00f3ricos centrales y s\u00ed en cambio la exaltaci\u00f3n de personas sin m\u00e9rito?<\/p>\n<p><script async src=\"\/\/\"><\/script><br \/>\n<ins class=\"adsbygoogle\" style=\"display: block; text-align: center;\" data-ad-layout=\"in-article\" data-ad-format=\"fluid\" data-ad-client=\"ca-pub-1136171134853753\" data-ad-slot=\"8578966557\"><\/ins><br \/>\n<script>\n     (adsbygoogle = window.adsbygoogle || []).push({});\n<\/script><br \/>\nNi qu\u00e9 decir de los alimentos. \u00bfPorqu\u00e9 continuamos consumiendo alimentos cuyos fertilizantes nos est\u00e1n matando? \u00bfAcaso las razones econ\u00f3micas e incluso macroecon\u00f3micas son m\u00e1s importantes que nuestra propia sobrevivencia? Sabemos que campos de ma\u00edz, tomate y otros nutrientes b\u00e1sicos est\u00e1n contaminados. Incluso la harina de las tortillas est\u00e1 bajo investigaci\u00f3n. \u00bfNo te parece un desprop\u00f3sito permitirlo? \u00bfNo estamos propiciando nuestros propios c\u00e1nceres? \u00bfQui\u00e9n es el enemigo: el c\u00e1ncer o nosotros mismos?<\/p>\n<p>\u00bfPor qu\u00e9 si sabemos el da\u00f1o que hace una mala televisi\u00f3n y unos medios violentos, permitimos que se les concesione el espacio radioel\u00e9ctrico?<\/p>\n<p>Una persona muy cercana tuvo, poco antes de morir, una necesidad urgente de ser trasladada de un hospital a otro. Para hacerlo, necesitaba una ambulancia bien equipada, debido a su condici\u00f3n tan delicada. Pero no la hab\u00eda. En kil\u00f3metros a la redonda en la ciudad, no la hab\u00eda. Y no creo tampoco que la hubiese en los kil\u00f3metros de territorio rural de nuestro M\u00e9xico. \u00bfPorqu\u00e9 no? \u00bfCu\u00e1l es el motivo por el cual durante a\u00f1os, no se hayan podido adquirir equipos b\u00e1sicos para atender emergencias?<\/p>\n<p>\u00bfEst\u00e1 bien que no haya aparatos p\u00fablicos para atender di\u00e1lisis? \u00bfC\u00f3mo es posible que para atender radiaciones \u2014ahora tan comunes desgraciadamente\u2014 solo exista un solo acelerador en nuestra regi\u00f3n? \u00bfCu\u00e1ntos existen en el pa\u00eds? \u00bfPor qu\u00e9 adem\u00e1s de no atender el dolor, se propicia el sufrimiento de la gente?<\/p>\n<p>O los medicamentos. No hay nada m\u00e1s doloroso en la vida que el miedo a enfermarse, por no tener c\u00f3mo pagar las medicinas y tratamientos.<\/p>\n<p>\u00bfNo crees que por ello a ciertos sectores los nuevos aeropuertos les resulten tan ajenos, cuando el coraz\u00f3n de una persona se gasta a diario tratando de comprar el medicamento de un abuelo, de una madre o de un hijo? \u00bfAlguien podr\u00e1 explicarle de una vez por todas a las mujeres y los hombres p\u00fablicos que a la gente no le importa su estilo de vida ni su bondad, sino que intenten resolver los problemas de la vida colectiva?<\/p>\n<p>Estamos muriendo por enfermedades del coraz\u00f3n y diabetes. Los datos oficiales son consistentes. \u00bfAlguien est\u00e1 satisfecho por la educaci\u00f3n f\u00edsica que ha recibido en el sistema educativo? \u00bfNos damos el tiempo para cuidarnos? \u00bfA qu\u00e9 esperas cada tarde, si tienes unos minutos, para ejercitar un poco ese pulso, esos m\u00fasculos que poco a poco han ido perdiendo consistencia?<\/p>\n<p>El servicio de conexi\u00f3n a internet en M\u00e9xico no es lento, es lent\u00edsimo, es insuficiente. \u00bfPorqu\u00e9 tolerar la ofensa de que las empresas que prestan ese servicio, lo vendan como muy veloz, infinitamente veloz, cuando en otros pa\u00edses nos han dejado atr\u00e1s, muy atr\u00e1s?<\/p>\n<p>\u00bfPorqu\u00e9 a veces, con el paso de los a\u00f1os, hemos ido olvidando las causas que nos conmov\u00edan en la juventud? \u00bfNos hemos dejado convencer por \u201clos realistas\u201d? \u00bfTe has dado cuenta que por cada ilusi\u00f3n dejada en el camino, una tristeza a toneladas te cae sobre los hombros y te vas encorvando poco a poco, poco a poco?<\/p>\n<p>\u00bfHasta cuando dejaremos que los dem\u00e1s hagan las preguntas? \u00bfHasta cu\u00e1ndo nos realizaremos las preguntas b\u00e1sicas, las de sentido com\u00fan, las que seguro nos hemos hecho alguna vez en la vida, pero que sentimos tan sencillas que las pensamos ingenuas? \u00bfPorqu\u00e9 dejamos de ser aquellos ni\u00f1os de preguntas infinitas? \u00bfEs verdad que al crecer uno \u201cmadura\u201d y entonces necesita olvidarse de andar pregunt\u00e1ndolo todo, porque las cosas son como son y no podr\u00e1n cambiarse nunca?<\/p>\n<p>\u00bfQu\u00e9 caso tiene andar cuestion\u00e1ndose sobre el agua, la salud, la cultura, la educaci\u00f3n, la tecnolog\u00eda, si alguien m\u00e1s debe estar ocup\u00e1ndose de eso? Si eres gobernante, \u00bfhas pensado que no hay raz\u00f3n por la cual no atender lo b\u00e1sico? Si no lo somos, \u00bfNo es una locura el grado de irresponsabilidad al que hemos llegado?<\/p>\n<p><iframe loading=\"lazy\" style=\"border: none; overflow: hidden;\" src=\"https:\/\/www.facebook.com\/plugins\/video.php?href=https%3A%2F%2Fwww.facebook.com%2Feloriente.net%2Fvideos%2F190942221839635%2F&amp;show_text=0&amp;width=560\" width=\"560\" height=\"315\" frameborder=\"0\" scrolling=\"no\" allowfullscreen=\"allowfullscreen\"><\/iframe><br \/>\n<script async src=\"\/\/\"><\/script><br \/>\n<ins class=\"adsbygoogle\" style=\"display: block;\" data-ad-format=\"autorelaxed\" data-ad-client=\"ca-pub-1136171134853753\" data-ad-slot=\"4595267748\"><\/ins><br \/>\n<script>\n     (adsbygoogle = window.adsbygoogle || []).push({});\n<\/script><\/p>\n\n\t\t\t  <div \n\t\t\t  \tclass = \"fb-comments\" \n\t\t\t  \tdata-href = \"http:\/\/www.eloriente.net\/home\/2018\/11\/12\/es-la-cultura-a-consulta-publica-por-juan-pablo-vasconcelos\/\"\n\t\t\t  \tdata-numposts = \"10\"\n\t\t\t\tdata-colorscheme = \"dark\"\n\t\t\t\tdata-order-by = \"social\"\n\t\t\t\tdata-mobile=true>\n\t\t\t  <\/div>\n\t\t  <style>\n\t\t\t.fb_iframe_widget_fluid_desktop iframe {\n\t\t\t    width: 100% !important;\n\t\t\t}\n\t\t  <\/style>\n\t\t  ","protected":false},"excerpt":{"rendered":"<p>\u201cNadie puede estar en desacuerdo con que se consulte a la gente. De hecho es una deuda que necesita pagarse. Tampoco nadie puede estar en desacuerdo con que las consultas verdaderas necesitan hacerse bien, apoyadas en la ciencia. Pero hay otras preguntas pendientes.\u201d \u00a0 A Consulta P\u00fablica (www.eloriente.net, M\u00e9xico, 11 de noviembre de 2018, por [&hellip;]<\/p>\n","protected":false},"author":13,"featured_media":55094,"comment_status":"open","ping_status":"open","sticky":false,"template":"","format":"standard","meta":{"_jetpack_memberships_contains_paid_content":false,"footnotes":""},"categories":[6,9,54,21,31],"tags":[8953,9832,1285],"class_list":["post-55092","post","type-post","status-publish","format-standard","has-post-thumbnail","hentry","category-canal-4-especiales","category-editorial","category-juan-pablo-vasconcelos","category-politica-y-gobierno","category-principal","tag-columna-es-la-cultura","tag-consulta-publica","tag-juan-pablo-vasconcelos-2"],"jetpack_featured_media_url":"http:\/\/www.eloriente.net\/home\/wp-content\/uploads\/2018\/11\/38510478036_325cdb3217_o-e1542001001343.jpg","jetpack_sharing_enabled":true,"_links":{"self":[{"href":"http:\/\/www.eloriente.net\/home\/wp-json\/wp\/v2\/posts\/55092"}],"collection":[{"href":"http:\/\/www.eloriente.net\/home\/wp-json\/wp\/v2\/posts"}],"about":[{"href":"http:\/\/www.eloriente.net\/home\/wp-json\/wp\/v2\/types\/post"}],"author":[{"embeddable":true,"href":"http:\/\/www.eloriente.net\/home\/wp-json\/wp\/v2\/users\/13"}],"replies":[{"embeddable":true,"href":"http:\/\/www.eloriente.net\/home\/wp-json\/wp\/v2\/comments?post=55092"}],"version-history":[{"count":3,"href":"http:\/\/www.eloriente.net\/home\/wp-json\/wp\/v2\/posts\/55092\/revisions"}],"predecessor-version":[{"id":55108,"href":"http:\/\/www.eloriente.net\/home\/wp-json\/wp\/v2\/posts\/55092\/revisions\/55108"}],"wp:featuredmedia":[{"embeddable":true,"href":"http:\/\/www.eloriente.net\/home\/wp-json\/wp\/v2\/media\/55094"}],"wp:attachment":[{"href":"http:\/\/www.eloriente.net\/home\/wp-json\/wp\/v2\/media?parent=55092"}],"wp:term":[{"taxonomy":"category","embeddable":true,"href":"http:\/\/www.eloriente.net\/home\/wp-json\/wp\/v2\/categories?post=55092"},{"taxonomy":"post_tag","embeddable":true,"href":"http:\/\/www.eloriente.net\/home\/wp-json\/wp\/v2\/tags?post=55092"}],"curies":[{"name":"wp","href":"https:\/\/api.w.org\/{rel}","templated":true}]}}