{"id":55166,"date":"2018-11-18T07:09:35","date_gmt":"2018-11-18T13:09:35","guid":{"rendered":"http:\/\/www.eloriente.net\/home\/?p=55166"},"modified":"2018-11-17T13:30:35","modified_gmt":"2018-11-17T19:30:35","slug":"videocolumna-ecoturismo-en-oaxaca-luz-y-sombras-por-juan-antonio-gomez","status":"publish","type":"post","link":"http:\/\/www.eloriente.net\/home\/2018\/11\/18\/videocolumna-ecoturismo-en-oaxaca-luz-y-sombras-por-juan-antonio-gomez\/","title":{"rendered":"VIDEOCOLUMNA: Ecoturismo en Oaxaca luz y sombras. Por Juan Antonio G\u00f3mez"},"content":{"rendered":"<p>(www.eloriente.net, M\u00e9xico, 18 de noviembre de 2018, por <a href=\"https:\/\/twitter.com\/LuisOsorio8a\">Luis Alberto Osorio Ochoa<\/a>).- Oaxaca ocupa una excelente posici\u00f3n con respecto a sus recursos naturales, culturales y de actividades de aventura. Sin embargo, hay factores que no le han permitido desarrollar un ecoturismo competente.<\/p>\n<p>Esta semana,\u00a0<a class=\"profileLink\" href=\"https:\/\/www.facebook.com\/JuanAntonioGomezCardenas?__tn__=K-R&amp;eid=ARBlgRaTvRR7gdx4P_uVgnG_89TLlY8_iEGINCTcBnYfk3Ds2yaA4-WJXfCLD61kR0UA3G_eNZjSmfuv&amp;fref=mentions&amp;__xts__%5B0%5D=68.ARD2LcKqwKxMNJy8IDrrfv33VRmHvAJLcjtcaVVUq_S-T5n6CluAKt9x_zw9PIUzn_5PD2_0yRf55MAj9upF2tl_w4Vi4CXvUnK47-p6gqbjyGn3_729wtZK0lsKdBR6jG2K0swTsebS_2ZXgWyLblUC4rC7sEZ5dARyi2O5kNNrENpmmZE1sz_zoQ5mpIjNGsJhh2vSE8eyJ3WRnEl7_hYy8imvp9R3UVKJVToXzExjkm83bC45QKA0awGMPbYN8seEijtvWLOBVReTGF-R1Fc2g3hoqAycNSP4G6CJyCJ-rKrkhrymzVeZSIXPNM6rdioPdcKmJ1sxhoC4\" data-hovercard=\"\/ajax\/hovercard\/user.php?id=1178523739&amp;extragetparams=%7B%22__tn__%22%3A%22%2CdK-R-R%22%2C%22eid%22%3A%22ARBlgRaTvRR7gdx4P_uVgnG_89TLlY8_iEGINCTcBnYfk3Ds2yaA4-WJXfCLD61kR0UA3G_eNZjSmfuv%22%2C%22fref%22%3A%22mentions%22%7D\" data-hovercard-prefer-more-content-show=\"1\">Juan Antonio G\u00f3mez C\u00e1rdenas<\/a>, nos presenta un an\u00e1lisis de los avances y necesidades para aprovechar y potenciar el ecoturismo en Oaxaca.<\/p>\n<p><iframe loading=\"lazy\" src=\"https:\/\/www.youtube.com\/embed\/19TkWv-AUdA\" width=\"560\" height=\"315\" frameborder=\"0\" allowfullscreen=\"allowfullscreen\"><\/iframe><\/p>\n<p>&nbsp;<\/p>\n<h3>Juan Antonio G\u00f3mez C\u00e1rdenas<\/h3>\n<p>Es Licenciado en Turismo por la Universidad de Guadalajara. Cuenta tambi\u00e9n con una Maestr\u00eda en Educaci\u00f3n por el Instituto Tecnol\u00f3gico de Estudios Superiores de Monterrey.<\/p>\n<p>Fue Jefe del Departamento de Capacitaci\u00f3n y Desarrollo Tur\u00edstico de la Secretaria de Turismo del H. Ayuntamiento de Oaxaca de Ju\u00e1rez. Actualmente es Presidente de la Asociaci\u00f3n Mexicana de Profesionistas y T\u00e9cnicos en Turismo A.C. Oaxaca.<\/p>\n<figure id=\"attachment_55167\" aria-describedby=\"caption-attachment-55167\" style=\"width: 549px\" class=\"wp-caption alignnone\"><a href=\"http:\/\/www.eloriente.net\/home\/wp-content\/uploads\/2018\/11\/Juan-11-17.jpg\"><img loading=\"lazy\" decoding=\"async\" class=\" wp-image-55167\" src=\"http:\/\/www.eloriente.net\/home\/wp-content\/uploads\/2018\/11\/Juan-11-17-1024x576.jpg\" alt=\"\" width=\"549\" height=\"309\" srcset=\"http:\/\/www.eloriente.net\/home\/wp-content\/uploads\/2018\/11\/Juan-11-17-1024x576.jpg 1024w, http:\/\/www.eloriente.net\/home\/wp-content\/uploads\/2018\/11\/Juan-11-17-300x169.jpg 300w, http:\/\/www.eloriente.net\/home\/wp-content\/uploads\/2018\/11\/Juan-11-17-768x432.jpg 768w, http:\/\/www.eloriente.net\/home\/wp-content\/uploads\/2018\/11\/Juan-11-17.jpg 1920w\" sizes=\"(max-width: 549px) 100vw, 549px\" \/><\/a><figcaption id=\"caption-attachment-55167\" class=\"wp-caption-text\">Juan Antonio G\u00f3mez, videocolumnista en El Oriente<\/figcaption><\/figure>\n<p>&nbsp;<\/p>\n\n\t\t\t  <div \n\t\t\t  \tclass = \"fb-comments\" \n\t\t\t  \tdata-href = \"http:\/\/www.eloriente.net\/home\/2018\/11\/18\/videocolumna-ecoturismo-en-oaxaca-luz-y-sombras-por-juan-antonio-gomez\/\"\n\t\t\t  \tdata-numposts = \"10\"\n\t\t\t\tdata-colorscheme = \"dark\"\n\t\t\t\tdata-order-by = \"social\"\n\t\t\t\tdata-mobile=true>\n\t\t\t  <\/div>\n\t\t  <style>\n\t\t\t.fb_iframe_widget_fluid_desktop iframe {\n\t\t\t    width: 100% !important;\n\t\t\t}\n\t\t  <\/style>\n\t\t  ","protected":false},"excerpt":{"rendered":"<p>(www.eloriente.net, M\u00e9xico, 18 de noviembre de 2018, por Luis Alberto Osorio Ochoa).- Oaxaca ocupa una excelente posici\u00f3n con respecto a sus recursos naturales, culturales y de actividades de aventura. Sin embargo, hay factores que no le han permitido desarrollar un ecoturismo competente. Esta semana,\u00a0Juan Antonio G\u00f3mez C\u00e1rdenas, nos presenta un an\u00e1lisis de los avances y [&hellip;]<\/p>\n","protected":false},"author":48,"featured_media":55168,"comment_status":"open","ping_status":"open","sticky":false,"template":"","format":"standard","meta":{"_jetpack_memberships_contains_paid_content":false,"footnotes":""},"categories":[13,7858,464,21,31,19,98],"tags":[3393,827,9853,109],"class_list":["post-55166","post","type-post","status-publish","format-standard","has-post-thumbnail","hentry","category-especiales","category-juan-antonio-gomez","category-oaxaca-estados","category-politica-y-gobierno","category-principal","category-turismo-y-negocios","category-videoblogs","tag-cdi","tag-ecoturismo","tag-inpi","tag-turismo"],"jetpack_featured_media_url":"http:\/\/www.eloriente.net\/home\/wp-content\/uploads\/2018\/11\/Juan-11-17-2-e1542482763514.jpg","jetpack_sharing_enabled":true,"_links":{"self":[{"href":"http:\/\/www.eloriente.net\/home\/wp-json\/wp\/v2\/posts\/55166"}],"collection":[{"href":"http:\/\/www.eloriente.net\/home\/wp-json\/wp\/v2\/posts"}],"about":[{"href":"http:\/\/www.eloriente.net\/home\/wp-json\/wp\/v2\/types\/post"}],"author":[{"embeddable":true,"href":"http:\/\/www.eloriente.net\/home\/wp-json\/wp\/v2\/users\/48"}],"replies":[{"embeddable":true,"href":"http:\/\/www.eloriente.net\/home\/wp-json\/wp\/v2\/comments?post=55166"}],"version-history":[{"count":1,"href":"http:\/\/www.eloriente.net\/home\/wp-json\/wp\/v2\/posts\/55166\/revisions"}],"predecessor-version":[{"id":55169,"href":"http:\/\/www.eloriente.net\/home\/wp-json\/wp\/v2\/posts\/55166\/revisions\/55169"}],"wp:featuredmedia":[{"embeddable":true,"href":"http:\/\/www.eloriente.net\/home\/wp-json\/wp\/v2\/media\/55168"}],"wp:attachment":[{"href":"http:\/\/www.eloriente.net\/home\/wp-json\/wp\/v2\/media?parent=55166"}],"wp:term":[{"taxonomy":"category","embeddable":true,"href":"http:\/\/www.eloriente.net\/home\/wp-json\/wp\/v2\/categories?post=55166"},{"taxonomy":"post_tag","embeddable":true,"href":"http:\/\/www.eloriente.net\/home\/wp-json\/wp\/v2\/tags?post=55166"}],"curies":[{"name":"wp","href":"https:\/\/api.w.org\/{rel}","templated":true}]}}