{"id":55289,"date":"2018-12-03T15:22:20","date_gmt":"2018-12-03T21:22:20","guid":{"rendered":"http:\/\/www.eloriente.net\/home\/?p=55289"},"modified":"2018-12-04T12:44:25","modified_gmt":"2018-12-04T18:44:25","slug":"cambio-2030-paz-justicia-e-instituciones-solidas","status":"publish","type":"post","link":"http:\/\/www.eloriente.net\/home\/2018\/12\/03\/cambio-2030-paz-justicia-e-instituciones-solidas\/","title":{"rendered":"CAMBIO 2030: Paz, justicia e instituciones s\u00f3lidas"},"content":{"rendered":"<p>(www.eloriente.net, M\u00e9xico, 3 de diciembre de 2018, por L<a href=\"https:\/\/twitter.com\/LuisOsorio8a\">uis Alberto Osorio Ochoa<\/a>).- Se dice que es muy probable que la pr\u00f3xima guerra mundial sea por agua. Con los Objetivos de Desarrollo Sostenble, podr\u00edamos evitar llegar a ello.<\/p>\n<p>Esta semana, <a href=\"https:\/\/twitter.com\/nydiadelhi\">Nydia Delhi Mata<\/a>, <a href=\"https:\/\/twitter.com\/Karla_Cadena\">Karla Cadena<\/a> y <a href=\"https:\/\/twitter.com\/Jarumymendez\">Jarumy M\u00e9ndez<\/a>, abordan el ODS 16: Paz, justicia e instituciones s\u00f3lidas, en <a href=\"https:\/\/twitter.com\/Cambio2030_\">#Cambio2030<\/a>.<\/p>\n<p><iframe loading=\"lazy\" style=\"border: none; overflow: hidden;\" src=\"https:\/\/www.facebook.com\/plugins\/video.php?href=https%3A%2F%2Fwww.facebook.com%2Feloriente.net%2Fvideos%2F2242079299396888%2F&amp;show_text=0&amp;width=560\" width=\"560\" height=\"315\" frameborder=\"0\" scrolling=\"no\" allowfullscreen=\"allowfullscreen\"><\/iframe><\/p>\n<h3>Cambio 2030<\/h3>\n<p>Somos una generaci\u00f3n decidida a impulsar los Objetivos de Desarrollo Sostenible (ODS). El h orizonte es 2030. Cada lunes en El Oriente.<\/p>\n<p>Cambio 2030\u00a0es el primer programa en el sur de M\u00e9xico dedicado exclusivamente a promover los\u00a0Objetivos de Desarrollo Sostenible.<\/p>\n<p><a href=\"http:\/\/www.eloriente.net\/home\/wp-content\/uploads\/2018\/12\/Cambio-2-1.jpg\"><img loading=\"lazy\" decoding=\"async\" class=\"alignnone wp-image-55291\" src=\"http:\/\/www.eloriente.net\/home\/wp-content\/uploads\/2018\/12\/Cambio-2-1-1024x576.jpg\" alt=\"\" width=\"550\" height=\"309\" srcset=\"http:\/\/www.eloriente.net\/home\/wp-content\/uploads\/2018\/12\/Cambio-2-1-1024x576.jpg 1024w, http:\/\/www.eloriente.net\/home\/wp-content\/uploads\/2018\/12\/Cambio-2-1-300x169.jpg 300w, http:\/\/www.eloriente.net\/home\/wp-content\/uploads\/2018\/12\/Cambio-2-1-768x432.jpg 768w, http:\/\/www.eloriente.net\/home\/wp-content\/uploads\/2018\/12\/Cambio-2-1.jpg 1920w\" sizes=\"(max-width: 550px) 100vw, 550px\" \/><\/a><\/p>\n<div data-offset-key=\"bcihu-0-0\">\n<h4>Jarumy M\u00e9ndez<\/h4>\n<p>es Subsecretaria de Normatividad Ecol\u00f3gica y Gesti\u00f3n Ambiental del Gobierno del Estado de Oaxaca.<\/p>\n<h4>Nydia Delhi Mata<\/h4>\n<p>es Rectora de la Universidad Tecnol\u00f3gica de los Valles Centrales de Oaxaca.<\/p>\n<\/div>\n<h4>Karla Cadena<\/h4>\n<p>es Maestra en Ambiente, cultura y Sociedad por la Universidad de Edimburgo. (Especializada en Geograf\u00eda Humana y Humanidades Ambientales) e interesada en los aspectos cultural y social del cambio clim\u00e1tico.<\/p>\n<p><script async src=\"\/\/pagead2.googlesyndication.com\/pagead\/js\/adsbygoogle.js\"><\/script><br \/>\n<ins class=\"adsbygoogle\" style=\"display: block;\" data-ad-format=\"autorelaxed\" data-ad-client=\"ca-pub-1136171134853753\" data-ad-slot=\"4595267748\"><\/ins><br \/>\n<script>\n     (adsbygoogle = window.adsbygoogle || []).push({});\n<\/script><\/p>\n\n\t\t\t  <div \n\t\t\t  \tclass = \"fb-comments\" \n\t\t\t  \tdata-href = \"http:\/\/www.eloriente.net\/home\/2018\/12\/03\/cambio-2030-paz-justicia-e-instituciones-solidas\/\"\n\t\t\t  \tdata-numposts = \"10\"\n\t\t\t\tdata-colorscheme = \"dark\"\n\t\t\t\tdata-order-by = \"social\"\n\t\t\t\tdata-mobile=true>\n\t\t\t  <\/div>\n\t\t  <style>\n\t\t\t.fb_iframe_widget_fluid_desktop iframe {\n\t\t\t    width: 100% !important;\n\t\t\t}\n\t\t  <\/style>\n\t\t  ","protected":false},"excerpt":{"rendered":"<p>(www.eloriente.net, M\u00e9xico, 3 de diciembre de 2018, por Luis Alberto Osorio Ochoa).- Se dice que es muy probable que la pr\u00f3xima guerra mundial sea por agua. Con los Objetivos de Desarrollo Sostenble, podr\u00edamos evitar llegar a ello. Esta semana, Nydia Delhi Mata, Karla Cadena y Jarumy M\u00e9ndez, abordan el ODS 16: Paz, justicia e instituciones [&hellip;]<\/p>\n","protected":false},"author":48,"featured_media":55295,"comment_status":"open","ping_status":"open","sticky":false,"template":"","format":"standard","meta":{"_jetpack_memberships_contains_paid_content":false,"footnotes":""},"categories":[6,18,32,63,20,464,21,31,84],"tags":[9880,9898,9879,9878,1005],"class_list":["post-55289","post","type-post","status-publish","format-standard","has-post-thumbnail","hentry","category-canal-4-especiales","category-educacion-y-cultura","category-entradas","category-estados","category-medio-ambiente","category-oaxaca-estados","category-politica-y-gobierno","category-principal","category-universidades","tag-cambio-2030","tag-justicio-e-instituciones-solidas","tag-objetivos-de-desarrollo-sostenible","tag-ods","tag-paz"],"jetpack_featured_media_url":"http:\/\/www.eloriente.net\/home\/wp-content\/uploads\/2018\/12\/CAMBIO-2-e1543872677503.jpg","jetpack_sharing_enabled":true,"_links":{"self":[{"href":"http:\/\/www.eloriente.net\/home\/wp-json\/wp\/v2\/posts\/55289"}],"collection":[{"href":"http:\/\/www.eloriente.net\/home\/wp-json\/wp\/v2\/posts"}],"about":[{"href":"http:\/\/www.eloriente.net\/home\/wp-json\/wp\/v2\/types\/post"}],"author":[{"embeddable":true,"href":"http:\/\/www.eloriente.net\/home\/wp-json\/wp\/v2\/users\/48"}],"replies":[{"embeddable":true,"href":"http:\/\/www.eloriente.net\/home\/wp-json\/wp\/v2\/comments?post=55289"}],"version-history":[{"count":1,"href":"http:\/\/www.eloriente.net\/home\/wp-json\/wp\/v2\/posts\/55289\/revisions"}],"predecessor-version":[{"id":55293,"href":"http:\/\/www.eloriente.net\/home\/wp-json\/wp\/v2\/posts\/55289\/revisions\/55293"}],"wp:featuredmedia":[{"embeddable":true,"href":"http:\/\/www.eloriente.net\/home\/wp-json\/wp\/v2\/media\/55295"}],"wp:attachment":[{"href":"http:\/\/www.eloriente.net\/home\/wp-json\/wp\/v2\/media?parent=55289"}],"wp:term":[{"taxonomy":"category","embeddable":true,"href":"http:\/\/www.eloriente.net\/home\/wp-json\/wp\/v2\/categories?post=55289"},{"taxonomy":"post_tag","embeddable":true,"href":"http:\/\/www.eloriente.net\/home\/wp-json\/wp\/v2\/tags?post=55289"}],"curies":[{"name":"wp","href":"https:\/\/api.w.org\/{rel}","templated":true}]}}