{"id":55296,"date":"2018-12-04T08:42:45","date_gmt":"2018-12-04T14:42:45","guid":{"rendered":"http:\/\/www.eloriente.net\/home\/?p=55296"},"modified":"2018-12-04T08:42:46","modified_gmt":"2018-12-04T14:42:46","slug":"anuncian-titulares-del-sector-cultural-de-la-nueva-administracion","status":"publish","type":"post","link":"http:\/\/www.eloriente.net\/home\/2018\/12\/04\/anuncian-titulares-del-sector-cultural-de-la-nueva-administracion\/","title":{"rendered":"Anuncian titulares del sector cultural de la nueva administraci\u00f3n"},"content":{"rendered":"<p>(www.eloriente.net, M\u00e9xico, 4 de diciembre de 2018, por <a href=\"http:\/\/noticias.canal22.org.mx\/\">N22<\/a>\/Redacci\u00f3n). \u2013 Alejandra Frausto, secretaria de Cultura,\u00a0anunci\u00f3 algunos cargos que conformar\u00e1n el equipo de la nueva administraci\u00f3n. Al frente del Instituto Nacional de Bellas Artes (INBA) estar\u00e1 la Doctora Lucina Jim\u00e9nez, quien es especialista en pol\u00edticas culturales y desarrollo sostenible, educaci\u00f3n en artes, derechos culturales y cultura de paz. En el Instituto Nacional de Antropolog\u00eda e Historia (INAH) fue ratificado su actual titular, Diego Prieto.<\/p>\n<figure id=\"attachment_55297\" aria-describedby=\"caption-attachment-55297\" style=\"width: 550px\" class=\"wp-caption alignnone\"><a href=\"http:\/\/www.eloriente.net\/home\/wp-content\/uploads\/2018\/12\/ALR_2803.jpg\"><img loading=\"lazy\" decoding=\"async\" class=\" wp-image-55297\" src=\"http:\/\/www.eloriente.net\/home\/wp-content\/uploads\/2018\/12\/ALR_2803-1024x576.jpg\" alt=\"\" width=\"550\" height=\"309\" srcset=\"http:\/\/www.eloriente.net\/home\/wp-content\/uploads\/2018\/12\/ALR_2803-1024x576.jpg 1024w, http:\/\/www.eloriente.net\/home\/wp-content\/uploads\/2018\/12\/ALR_2803-300x169.jpg 300w, http:\/\/www.eloriente.net\/home\/wp-content\/uploads\/2018\/12\/ALR_2803-768x432.jpg 768w, http:\/\/www.eloriente.net\/home\/wp-content\/uploads\/2018\/12\/ALR_2803.jpg 1885w\" sizes=\"(max-width: 550px) 100vw, 550px\" \/><\/a><figcaption id=\"caption-attachment-55297\" class=\"wp-caption-text\">Titulares del sector cultural, Gobmx. Foto: N22<\/figcaption><\/figure>\n<p>Como Subsecretario Desarrollo Cultural fue nombrado el guionista y productor cinematogr\u00e1fico, Edgar San Juan, mientras que la Subsecretar\u00eda de Diversidad Cultural ser\u00e1 ocupada por la poeta zapoteca Natalia Toledo. San Juan tiene estudios de ciencias pol\u00edticas por el ITAM, especialidad de Guion de Cine en el CCC y la Maestr\u00eda en Cine Documental en la ESCAC de Barcelona. Natalia Toledo es poeta, egresada de la escuela de escritores de la SOGEM, ha sido reconocida con el Premio Nacional de Literatura Nezahualc\u00f3yotl 2004.<\/p>\n<p>El Fondo Nacional para el Fomento de las Artesan\u00edas (FONART), ser\u00e1 adscrito a la Secretar\u00eda de Cultura. Al frente de la dependencia fue propuesta la historiadora Emma Yanes Rizo. Mardonio Carballo, periodista y poeta n\u00e1huatl, estar\u00e1 a cargo de la Direcci\u00f3n General de Culturas Populares y la cineasta Mar\u00eda Novaro dirigir\u00e1 el IMCINE.<\/p>\n<p><script src=\"\/\/pagead2googlesyndication.com\/pagead\/js\/adsbygoogle.js\" async=\"\"><\/script><!-- BANNER ELORIENTE INCRUSTADO NOTAS --> <ins class=\"adsbygoogle\" style=\"display: inline-block; width: 300px; height: 250px;\" data-ad-client=\"ca-pub-1136171134853753\" data-ad-slot=\"7974633627\"><\/ins><script>\/\/ <![CDATA[ (adsbygoogle = window.adsbygoogle || []).push({}); \/\/ ]]><\/script><\/p>\n<p>El resto de los nombramientos son: Omar Monroy, Titular de la Unidad de Administraci\u00f3n y Finanzas; Antonio Mart\u00ednez, Enlace de Comunicaci\u00f3n Social y Vocero; Mario Bellatin, Fondo Nacional para la Cultura y las Artes (FONCA); Pavel Granados, Fonoteca Nacional; Marx Arriaga, Direcci\u00f3n General de Bibliotecas; Hugo Contreras Lamadrid, INDAUTOR; Pedro Salmer\u00f3n.<\/p>\n<p>De acuerdo con un comunicado de la Secretar\u00eda, estos nombramientos responden a la nueva visi\u00f3n de la dependencia que impulsar\u00e1 la redistribuci\u00f3n de la riqueza cultural, la vinculaci\u00f3n con las comunidades y el reconocimiento del potencial creativo de M\u00e9xico.<\/p>\n<p><script async src=\"\/\/pagead2.googlesyndication.com\/pagead\/js\/adsbygoogle.js\"><\/script><br \/>\n<ins class=\"adsbygoogle\" style=\"display: block;\" data-ad-format=\"autorelaxed\" data-ad-client=\"ca-pub-1136171134853753\" data-ad-slot=\"4595267748\"><\/ins><br \/>\n<script>\n     (adsbygoogle = window.adsbygoogle || []).push({});\n<\/script><\/p>\n\n\t\t\t  <div \n\t\t\t  \tclass = \"fb-comments\" \n\t\t\t  \tdata-href = \"http:\/\/www.eloriente.net\/home\/2018\/12\/04\/anuncian-titulares-del-sector-cultural-de-la-nueva-administracion\/\"\n\t\t\t  \tdata-numposts = \"10\"\n\t\t\t\tdata-colorscheme = \"dark\"\n\t\t\t\tdata-order-by = \"social\"\n\t\t\t\tdata-mobile=true>\n\t\t\t  <\/div>\n\t\t  <style>\n\t\t\t.fb_iframe_widget_fluid_desktop iframe {\n\t\t\t    width: 100% !important;\n\t\t\t}\n\t\t  <\/style>\n\t\t  ","protected":false},"excerpt":{"rendered":"<p>(www.eloriente.net, M\u00e9xico, 4 de diciembre de 2018, por N22\/Redacci\u00f3n). \u2013 Alejandra Frausto, secretaria de Cultura,\u00a0anunci\u00f3 algunos cargos que conformar\u00e1n el equipo de la nueva administraci\u00f3n. Al frente del Instituto Nacional de Bellas Artes (INBA) estar\u00e1 la Doctora Lucina Jim\u00e9nez, quien es especialista en pol\u00edticas culturales y desarrollo sostenible, educaci\u00f3n en artes, derechos culturales y cultura [&hellip;]<\/p>\n","protected":false},"author":48,"featured_media":55297,"comment_status":"open","ping_status":"open","sticky":false,"template":"","format":"standard","meta":{"_jetpack_memberships_contains_paid_content":false,"footnotes":""},"categories":[18,10,21],"tags":[9900,9901,181,3606,9899,7049],"class_list":["post-55296","post","type-post","status-publish","format-standard","has-post-thumbnail","hentry","category-educacion-y-cultura","category-lo-mas-reciente","category-politica-y-gobierno","tag-diego-prieto","tag-edgar-san-juan","tag-inah","tag-inba","tag-lucina-jimenez","tag-natalia-toledo"],"jetpack_featured_media_url":"http:\/\/www.eloriente.net\/home\/wp-content\/uploads\/2018\/12\/ALR_2803.jpg","jetpack_sharing_enabled":true,"_links":{"self":[{"href":"http:\/\/www.eloriente.net\/home\/wp-json\/wp\/v2\/posts\/55296"}],"collection":[{"href":"http:\/\/www.eloriente.net\/home\/wp-json\/wp\/v2\/posts"}],"about":[{"href":"http:\/\/www.eloriente.net\/home\/wp-json\/wp\/v2\/types\/post"}],"author":[{"embeddable":true,"href":"http:\/\/www.eloriente.net\/home\/wp-json\/wp\/v2\/users\/48"}],"replies":[{"embeddable":true,"href":"http:\/\/www.eloriente.net\/home\/wp-json\/wp\/v2\/comments?post=55296"}],"version-history":[{"count":1,"href":"http:\/\/www.eloriente.net\/home\/wp-json\/wp\/v2\/posts\/55296\/revisions"}],"predecessor-version":[{"id":55298,"href":"http:\/\/www.eloriente.net\/home\/wp-json\/wp\/v2\/posts\/55296\/revisions\/55298"}],"wp:featuredmedia":[{"embeddable":true,"href":"http:\/\/www.eloriente.net\/home\/wp-json\/wp\/v2\/media\/55297"}],"wp:attachment":[{"href":"http:\/\/www.eloriente.net\/home\/wp-json\/wp\/v2\/media?parent=55296"}],"wp:term":[{"taxonomy":"category","embeddable":true,"href":"http:\/\/www.eloriente.net\/home\/wp-json\/wp\/v2\/categories?post=55296"},{"taxonomy":"post_tag","embeddable":true,"href":"http:\/\/www.eloriente.net\/home\/wp-json\/wp\/v2\/tags?post=55296"}],"curies":[{"name":"wp","href":"https:\/\/api.w.org\/{rel}","templated":true}]}}