{"id":55299,"date":"2018-12-04T13:00:42","date_gmt":"2018-12-04T19:00:42","guid":{"rendered":"http:\/\/www.eloriente.net\/home\/?p=55299"},"modified":"2018-12-04T13:04:21","modified_gmt":"2018-12-04T19:04:21","slug":"sobre-el-presupuesto-asignado-a-la-cultura","status":"publish","type":"post","link":"http:\/\/www.eloriente.net\/home\/2018\/12\/04\/sobre-el-presupuesto-asignado-a-la-cultura\/","title":{"rendered":"Sobre el presupuesto asignado a la cultura"},"content":{"rendered":"<p style=\"text-align: right;\"><em>\u00bfC\u00f3mo podemos invertir tan poco en la cultura cuando todo lo que necesitamos para construir bienestar, ya probadas todas las recetas, es reinventar un futuro desde un presente m\u00e1s creativo? <\/em><\/p>\n<p>(www.eloriente.net, M\u00e9xico, 4 de diciembre de 2018, por <a href=\"http:\/\/noticias.canal22.org.mx\">N22<\/a>\/Salvador Perches).- En reuni\u00f3n con representantes de los medios de comunicaci\u00f3n, el presidente de la Comisi\u00f3n de Cultura y Cinematograf\u00eda de la C\u00e1mara de Diputados, Sergio Mayer, acompa\u00f1ado de artistas y diputados, habl\u00f3 sobre el presupuesto asignado a la cultura. \u201cEn los \u00faltimos gobiernos, lamentablemente la cultura no ha sido pilar fundamental para el desarrollo humano y social, y qu\u00e9 es lo que ocasiona esto, desafortunadamente una desintegraci\u00f3n social y por supuesto altos \u00edndices de inseguridad\u00bb se\u00f1al\u00f3.<\/p>\n<p>Dijo que entre el 2012 y el 2018 el gasto total del pa\u00eds creci\u00f3 un 48.4% nominal y un 16% en t\u00e9rminos reales, es decir, sin inflaci\u00f3n; mientras educaci\u00f3n y cultura bajo 36.7 % descontando la inflaci\u00f3n en t\u00e9rminos reales. En el 2012 el presupuesto en cultura era casi de 16 mil millones de pesos, mientras que en el 2018 lo \u00faltimo que tuvo cultura fue de 12 mil 900 millones de pesos.<\/p>\n<p><script src=\"\/\/pagead2googlesyndication.com\/pagead\/js\/adsbygoogle.js\" async=\"\"><\/script><!-- BANNER ELORIENTE INCRUSTADO NOTAS --> <ins class=\"adsbygoogle\" style=\"display: inline-block; width: 300px; height: 250px;\" data-ad-client=\"ca-pub-1136171134853753\" data-ad-slot=\"7974633627\"><\/ins><script>\/\/ <![CDATA[ (adsbygoogle = window.adsbygoogle || []).push({}); \/\/ ]]><\/script><\/p>\n<p>Lo anterior implica que la inversi\u00f3n en cultura Producto Interno Bruto baj\u00f3 de .10% en 2012 a .05% en el 2018, es decir, cay\u00f3 hasta la mitad; sin embargo, pese a esa baja en el gasto p\u00fablico en cultura, el Producto Interno Bruto con el que el sector cultural contribuye en el 2017, alcanz\u00f3 un monto casi de 662 mil millones de pesos que representa el 3.2% del Producto Interno Bruto total del pa\u00eds seg\u00fan cita el acuerdo del INEGI.<\/p>\n<p>En representaci\u00f3n del gremio art\u00edstico, habl\u00f3, entre otros, el cineasta Ernesto Contreras, director y presidente de la Academia Mexicana de Artes y Ciencias Cinematogr\u00e1ficas. \u201cRecordemos que el cine es cultura, el cine es un espejo de lo que somos por eso es tan importante apoyarlo mucho. Si bien ha habido logros exitosos y estamos en un buen momento en t\u00e9rminos creativos, faltan mucho m\u00e1s, mucho m\u00e1s que hacer para que nuestras pel\u00edculas se vean, para que haya realmente esa posibilidad de convertirse en un veh\u00edculo de pacificaci\u00f3n como tratan las campa\u00f1as previas a esta cuarta transformaci\u00f3n.\u201d<\/p>\n<p><script async src=\"\/\/pagead2.googlesyndication.com\/pagead\/js\/adsbygoogle.js\"><\/script> <ins class=\"adsbygoogle\" style=\"display: block; text-align: center;\" data-ad-layout=\"in-article\" data-ad-format=\"fluid\" data-ad-client=\"ca-pub-1136171134853753\" data-ad-slot=\"7980763077\"><\/ins> <script> (adsbygoogle = window.adsbygoogle || []).push({}); <\/script><\/p>\n<p>A la reuni\u00f3n, tambi\u00e9n asisti\u00f3 la diputada Gabriela Osorio, presidenta de la Comisi\u00f3n de Cultura de la C\u00e1mara de Diputados de la Ciudad de M\u00e9xico. \u201c\u00bfC\u00f3mo podemos invertir tan poco en la cultura cuando todo lo que necesitamos para construir bienestar, ya probadas todas las recetas, es reinventar un futuro desde un presente m\u00e1s creativo? Estoy convencida que la 4ta Transformaci\u00f3n no solamente es pol\u00edtica, la cuarta transformaci\u00f3n real, verdadera, tiene que ser una transformaci\u00f3n cultural, y este momento hist\u00f3rico, nuevo, en el que nos toca a todas y a todos construir debe de partir de un fortalecimiento de nuestra identidad, de acrisolar valores como el amor, como la justicia, como la fidelidad, caminar hacia una cultura de paz y reconciliaci\u00f3n con nuestro pa\u00eds y con nuestra ciudad y con nosotros mismos, y eso indudablemente pasa por la cultura y pasa por el arte. Debemos de apostar en este sexenio a la recomendaci\u00f3n de la UNESCO del 1% destinado a la cultura.\u201d<\/p>\n<p>Mayer, expres\u00f3 la necesidad de defender la bolsa econ\u00f3mica que ser\u00e1 destinada para este rubro en el pr\u00f3ximo sexenio. \u201cLa inversi\u00f3n en cultura para el 2019 deber\u00eda de ser de 22 mil 850 millones de pesos. Estamos conscientes de la austeridad y por tanto esta comisi\u00f3n trabajar\u00e1 para evitar que el sector cultural contin\u00fae siendo castigado con mayores decrementos en el presupuesto.\u201d<\/p>\n<p>&nbsp;<\/p>\n<p><a href=\"http:\/\/www.eloriente.net\/home\/wp-content\/uploads\/2018\/12\/ballet-1376250.jpg\"><img loading=\"lazy\" decoding=\"async\" class=\"alignnone wp-image-55300\" src=\"http:\/\/www.eloriente.net\/home\/wp-content\/uploads\/2018\/12\/ballet-1376250-1024x680.jpg\" alt=\"\" width=\"550\" height=\"365\" \/><\/a><\/p>\n<p><script async src=\"\/\/pagead2.googlesyndication.com\/pagead\/js\/adsbygoogle.js\"><\/script><br \/>\n<ins class=\"adsbygoogle\" style=\"display: block;\" data-ad-format=\"autorelaxed\" data-ad-client=\"ca-pub-1136171134853753\" data-ad-slot=\"4595267748\"><\/ins><br \/>\n<script>\n     (adsbygoogle = window.adsbygoogle || []).push({});\n<\/script><\/p>\n\n\t\t\t  <div \n\t\t\t  \tclass = \"fb-comments\" \n\t\t\t  \tdata-href = \"http:\/\/www.eloriente.net\/home\/2018\/12\/04\/sobre-el-presupuesto-asignado-a-la-cultura\/\"\n\t\t\t  \tdata-numposts = \"10\"\n\t\t\t\tdata-colorscheme = \"dark\"\n\t\t\t\tdata-order-by = \"social\"\n\t\t\t\tdata-mobile=true>\n\t\t\t  <\/div>\n\t\t  <style>\n\t\t\t.fb_iframe_widget_fluid_desktop iframe {\n\t\t\t    width: 100% !important;\n\t\t\t}\n\t\t  <\/style>\n\t\t  ","protected":false},"excerpt":{"rendered":"<p>\u00bfC\u00f3mo podemos invertir tan poco en la cultura cuando todo lo que necesitamos para construir bienestar, ya probadas todas las recetas, es reinventar un futuro desde un presente m\u00e1s creativo? (www.eloriente.net, M\u00e9xico, 4 de diciembre de 2018, por N22\/Salvador Perches).- En reuni\u00f3n con representantes de los medios de comunicaci\u00f3n, el presidente de la Comisi\u00f3n de [&hellip;]<\/p>\n","protected":false},"author":48,"featured_media":55300,"comment_status":"open","ping_status":"open","sticky":false,"template":"","format":"standard","meta":{"_jetpack_memberships_contains_paid_content":false,"footnotes":""},"categories":[91,18,10,21,31],"tags":[2830,241,93,753],"class_list":["post-55299","post","type-post","status-publish","format-standard","has-post-thumbnail","hentry","category-congreso-y-justicia","category-educacion-y-cultura","category-lo-mas-reciente","category-politica-y-gobierno","category-principal","tag-camara-de-diputados","tag-cultura","tag-diputados","tag-presupuesto"],"jetpack_featured_media_url":"http:\/\/www.eloriente.net\/home\/wp-content\/uploads\/2018\/12\/ballet-1376250-e1543950135927.jpg","jetpack_sharing_enabled":true,"_links":{"self":[{"href":"http:\/\/www.eloriente.net\/home\/wp-json\/wp\/v2\/posts\/55299"}],"collection":[{"href":"http:\/\/www.eloriente.net\/home\/wp-json\/wp\/v2\/posts"}],"about":[{"href":"http:\/\/www.eloriente.net\/home\/wp-json\/wp\/v2\/types\/post"}],"author":[{"embeddable":true,"href":"http:\/\/www.eloriente.net\/home\/wp-json\/wp\/v2\/users\/48"}],"replies":[{"embeddable":true,"href":"http:\/\/www.eloriente.net\/home\/wp-json\/wp\/v2\/comments?post=55299"}],"version-history":[{"count":1,"href":"http:\/\/www.eloriente.net\/home\/wp-json\/wp\/v2\/posts\/55299\/revisions"}],"predecessor-version":[{"id":55301,"href":"http:\/\/www.eloriente.net\/home\/wp-json\/wp\/v2\/posts\/55299\/revisions\/55301"}],"wp:featuredmedia":[{"embeddable":true,"href":"http:\/\/www.eloriente.net\/home\/wp-json\/wp\/v2\/media\/55300"}],"wp:attachment":[{"href":"http:\/\/www.eloriente.net\/home\/wp-json\/wp\/v2\/media?parent=55299"}],"wp:term":[{"taxonomy":"category","embeddable":true,"href":"http:\/\/www.eloriente.net\/home\/wp-json\/wp\/v2\/categories?post=55299"},{"taxonomy":"post_tag","embeddable":true,"href":"http:\/\/www.eloriente.net\/home\/wp-json\/wp\/v2\/tags?post=55299"}],"curies":[{"name":"wp","href":"https:\/\/api.w.org\/{rel}","templated":true}]}}